{"id":47868,"date":"2021-07-27T17:14:29","date_gmt":"2021-07-27T16:14:29","guid":{"rendered":"https:\/\/www.o-p-i.fr\/parlonsen\/?p=47868"},"modified":"2021-07-28T05:55:30","modified_gmt":"2021-07-28T04:55:30","slug":"stand-up-satirique-a-salvagnac-81","status":"publish","type":"post","link":"https:\/\/www.o-p-i.fr\/parlonsen\/localisation\/au-pays-des-tescous\/salvagnac\/stand-up-satirique-a-salvagnac-81\/","title":{"rendered":"Stand-up satirique&#8230;\u00e0 Salvagnac (81)"},"content":{"rendered":"<p><strong>Vendredi 30 juillet 2021<\/strong> \u00e0 20h.30 au caf\u00e9 Au bord du Monde.<!--more--><img data-recalc-dims=\"1\" loading=\"lazy\" decoding=\"async\" class=\"alignright wp-image-47869 size-medium\" src=\"https:\/\/i0.wp.com\/www.o-p-i.fr\/parlonsen\/wp-content\/uploads\/Chauvelot.jpg?resize=300%2C300&#038;ssl=1\" alt=\"\" width=\"300\" height=\"300\" srcset=\"https:\/\/i0.wp.com\/www.o-p-i.fr\/parlonsen\/wp-content\/uploads\/Chauvelot.jpg?resize=300%2C300&amp;ssl=1 300w, https:\/\/i0.wp.com\/www.o-p-i.fr\/parlonsen\/wp-content\/uploads\/Chauvelot.jpg?resize=150%2C150&amp;ssl=1 150w, https:\/\/i0.wp.com\/www.o-p-i.fr\/parlonsen\/wp-content\/uploads\/Chauvelot.jpg?resize=400%2C400&amp;ssl=1 400w, https:\/\/i0.wp.com\/www.o-p-i.fr\/parlonsen\/wp-content\/uploads\/Chauvelot.jpg?resize=430%2C430&amp;ssl=1 430w, https:\/\/i0.wp.com\/www.o-p-i.fr\/parlonsen\/wp-content\/uploads\/Chauvelot.jpg?resize=100%2C100&amp;ssl=1 100w, https:\/\/i0.wp.com\/www.o-p-i.fr\/parlonsen\/wp-content\/uploads\/Chauvelot.jpg?w=624&amp;ssl=1 624w\" sizes=\"auto, (max-width: 300px) 100vw, 300px\" \/><strong>GASPARD CHAUVELOT<\/strong><\/p>\n<p>\u00ab\u00a0Tentative d&rsquo;\u00e9puisement du mois de juillet\u00a0\u00bb<\/p>\n<p>Revue de presse &#8211; Stand-up satirique<\/p>\n<p><a href=\"https:\/\/www.facebook.com\/tentativesdepuisement\" target=\"_blank\" rel=\"noopener noreferrer\">https:\/\/www.facebook.com\/tentativesdepuisement<\/a><\/p>\n<p>O\u00f9 l&rsquo;on se livrera \u00e0 l&rsquo;analyse dramaturgique de ce que d&rsquo;aucuns appellent \u00ab\u00a0actualit\u00e9\u00a0\u00bb.<br \/>\nO\u00f9 l&rsquo;on tentera d&rsquo;\u00e9puiser l&rsquo;absolue totalit\u00e9 de l&rsquo;actualit\u00e9 mondiale, et ce en moins d&rsquo;une heure.<br \/>\nEn juillet, c&rsquo;est toujours un peu plus calme &#8211; sc\u00e9naristes et \u00e9quipes de production ont bien le droit de prendre quelques vacances &#8211; mais nous en profiterons pour faire un point sur la formidable ann\u00e9e que nous venons de traverser, et r\u00eaver un peu sur les incroyables p\u00e9rip\u00e9ties que nous r\u00e9serve la saison \u00e0 venir&#8230;<\/p>\n<p><strong>Gaspard Chauvelot<\/strong> est auteur et com\u00e9dien. Il joue et \u00e9crit ses Tentatives d&rsquo;\u00e9puisement, projet au long cours de revue de presse en forme de stand-up, \u00e0 Toulouse, depuis 2019.<\/p>\n<p><img data-recalc-dims=\"1\" loading=\"lazy\" decoding=\"async\" class=\"alignleft wp-image-46799 size-thumbnail\" src=\"https:\/\/i0.wp.com\/www.o-p-i.fr\/parlonsen\/wp-content\/uploads\/Bord-monde.jpg?resize=150%2C150&#038;ssl=1\" alt=\"\" width=\"150\" height=\"150\" srcset=\"https:\/\/i0.wp.com\/www.o-p-i.fr\/parlonsen\/wp-content\/uploads\/Bord-monde.jpg?resize=150%2C150&amp;ssl=1 150w, https:\/\/i0.wp.com\/www.o-p-i.fr\/parlonsen\/wp-content\/uploads\/Bord-monde.jpg?w=227&amp;ssl=1 227w\" sizes=\"auto, (max-width: 150px) 100vw, 150px\" \/><\/p>\n<p>&#8212;<\/p>\n<p>12 All\u00e9es Jean Jaur\u00e8s, 81630 Salvagnac<br \/>\n05 63 55 14 52<\/p>\n<p>&#8211;<img data-recalc-dims=\"1\" loading=\"lazy\" decoding=\"async\" class=\"size-full wp-image-47519 alignleft\" src=\"https:\/\/i0.wp.com\/www.o-p-i.fr\/parlonsen\/wp-content\/uploads\/horaires-BdM.jpg?resize=283%2C149&#038;ssl=1\" alt=\"\" width=\"283\" height=\"149\" srcset=\"https:\/\/i0.wp.com\/www.o-p-i.fr\/parlonsen\/wp-content\/uploads\/horaires-BdM.jpg?w=283&amp;ssl=1 283w, https:\/\/i0.wp.com\/www.o-p-i.fr\/parlonsen\/wp-content\/uploads\/horaires-BdM.jpg?resize=150%2C79&amp;ssl=1 150w, https:\/\/i0.wp.com\/www.o-p-i.fr\/parlonsen\/wp-content\/uploads\/horaires-BdM.jpg?resize=100%2C53&amp;ssl=1 100w\" sizes=\"auto, (max-width: 283px) 100vw, 283px\" \/><\/p>\n<p>&nbsp;<\/p>\n<p>&nbsp;<\/p>\n<p>&nbsp;<\/p>\n<p>&nbsp;<\/p>\n<p><em>Information communiqu\u00e9e par Yvan<\/em><\/p>\n<p><a href=\"https:\/\/www.o-p-i.fr\/aupays\/au-pays\/agenda\/\">Retrouvez tous les \u00e9v\u00e9nements dans l&rsquo;agenda !<\/a><\/p>\n<p>&nbsp;<\/p>\n","protected":false},"excerpt":{"rendered":"<div class=\"mh-excerpt\">Vendredi 30 juillet 2021 \u00e0 20h.30 au caf\u00e9 Au bord du Monde.<\/div>\n","protected":false},"author":4,"featured_media":0,"comment_status":"open","ping_status":"open","sticky":false,"template":"","format":"standard","meta":{"om_disable_all_campaigns":false,"advanced_seo_description":"","jetpack_seo_html_title":"","jetpack_seo_noindex":false,"_jetpack_memberships_contains_paid_content":false,"footnotes":"","_links_to":"","_links_to_target":""},"categories":[54,25,4140],"tags":[2548,3102],"class_list":{"0":"post-47868","1":"post","2":"type-post","3":"status-publish","4":"format-standard","6":"category-loisirs","7":"category-salvagnac","8":"category-n-184-jullet-2021","9":"tag-salvagnac","10":"tag-stand-up"},"jetpack_featured_media_url":"","views":{"total":0,"cached_at":"","cached_date":1738466235},"jetpack_likes_enabled":true,"jetpack_sharing_enabled":true,"jetpack_shortlink":"https:\/\/wp.me\/pg7Wxj-cs4","jetpack-related-posts":[],"_links":{"self":[{"href":"https:\/\/www.o-p-i.fr\/parlonsen\/wp-json\/wp\/v2\/posts\/47868","targetHints":{"allow":["GET"]}}],"collection":[{"href":"https:\/\/www.o-p-i.fr\/parlonsen\/wp-json\/wp\/v2\/posts"}],"about":[{"href":"https:\/\/www.o-p-i.fr\/parlonsen\/wp-json\/wp\/v2\/types\/post"}],"author":[{"embeddable":true,"href":"https:\/\/www.o-p-i.fr\/parlonsen\/wp-json\/wp\/v2\/users\/4"}],"replies":[{"embeddable":true,"href":"https:\/\/www.o-p-i.fr\/parlonsen\/wp-json\/wp\/v2\/comments?post=47868"}],"version-history":[{"count":0,"href":"https:\/\/www.o-p-i.fr\/parlonsen\/wp-json\/wp\/v2\/posts\/47868\/revisions"}],"wp:attachment":[{"href":"https:\/\/www.o-p-i.fr\/parlonsen\/wp-json\/wp\/v2\/media?parent=47868"}],"wp:term":[{"taxonomy":"category","embeddable":true,"href":"https:\/\/www.o-p-i.fr\/parlonsen\/wp-json\/wp\/v2\/categories?post=47868"},{"taxonomy":"post_tag","embeddable":true,"href":"https:\/\/www.o-p-i.fr\/parlonsen\/wp-json\/wp\/v2\/tags?post=47868"}],"curies":[{"name":"wp","href":"https:\/\/api.w.org\/{rel}","templated":true}]}}