{"id":47903,"date":"2021-07-29T19:51:45","date_gmt":"2021-07-29T18:51:45","guid":{"rendered":"https:\/\/www.o-p-i.fr\/parlonsen\/?p=47903"},"modified":"2021-07-29T20:27:55","modified_gmt":"2021-07-29T19:27:55","slug":"lettre-dinformation-parlons-en-semaine-31-de-2021","status":"publish","type":"post","link":"https:\/\/www.o-p-i.fr\/parlonsen\/parlons-en\/lettre-dinformation-parlons-en-semaine-31-de-2021\/","title":{"rendered":"Lettre d\u2019information \u00ab Parlons-en \u00bb semaine 31 de 2021"},"content":{"rendered":"<div class=\"Style1\" align=\"left\"><strong>Jeudi 29 juilllet 2021<\/strong><!--more--><\/div>\n<div class=\"Style1\" align=\"left\"><a href=\"http:\/\/www.o-p-i.fr\/aupays\/opi\/adherez-a-opi\/\" target=\"new\" rel=\"noopener noreferrer\"><img data-recalc-dims=\"1\" loading=\"lazy\" decoding=\"async\" class=\"aligncenter\" src=\"https:\/\/i0.wp.com\/www.o-p-i.fr\/lettre_info\/OPIdesTESCOUS.jpg?resize=909%2C353\" alt=\"OPI\" width=\"909\" height=\"353\" \/><\/a><\/div>\n<table border=\"0\" width=\"100%\" cellspacing=\"0\" cellpadding=\"3\" align=\"center\">\n<tbody>\n<tr>\n<td colspan=\"2\" valign=\"middle\" nowrap=\"nowrap\"><\/td>\n<\/tr>\n<tr>\n<td colspan=\"2\" valign=\"middle\" bgcolor=\"#FFFDF4\" height=\"24\"><\/td>\n<\/tr>\n<tr>\n<td colspan=\"2\" align=\"right\" bgcolor=\"#FFFDF4\">\n<blockquote>\n<h4 style=\"text-align: center;\"><strong><span class=\"Style12\">Lettre d&rsquo;Information &#8211; 2021 Semaine 31<\/span><\/strong><\/h4>\n<\/blockquote>\n<\/td>\n<\/tr>\n<tr>\n<td class=\"Style14\" valign=\"top\" width=\"77%\">\n<table border=\"0\" width=\"100%\" cellspacing=\"0\" cellpadding=\"1\">\n<tbody>\n<tr>\n<td class=\"Style14\" colspan=\"5\" align=\"center\" valign=\"top\" bgcolor=\"#FFFFFF\" height=\"1921\">\n<table border=\"0\" width=\"100%\" cellspacing=\"0\" cellpadding=\"1\">\n<tbody>\n<tr>\n<td valign=\"top\" height=\"70\"><strong><a href=\"https:\/\/www.o-p-i.fr\/aupays\/au-pays\/agenda\/\" target=\"_blank\" rel=\"noopener noreferrer\">Retrouvez tous les \u00e9v\u00e9nements dans l&rsquo;agenda !<\/a><\/strong><\/td>\n<\/tr>\n<tr>\n<td valign=\"top\" height=\"70\"><a href=\"http:\/\/www.o-p-i.fr\/parlonsen\/\"><img data-recalc-dims=\"1\" loading=\"lazy\" decoding=\"async\" class=\"Style12\" src=\"https:\/\/i0.wp.com\/www.o-p-i.fr\/lettre_info\/derniers_articles.jpg?resize=400%2C70\" alt=\"Les derniers articles parus ...\" width=\"400\" height=\"70\" \/><\/a><\/td>\n<\/tr>\n<\/tbody>\n<\/table>\n<table border=\"0\" width=\"100%\" cellspacing=\"0\" cellpadding=\"1\">\n<tbody>\n<tr>\n<td valign=\"baseline\" bgcolor=\"#F9F7EB\" height=\"1438\">\n<div class=\"post-headline\">\n<div class=\"post-headline\">\n<div class=\"post-headline\" style=\"text-align: left;\">\n<div class=\"post-bodycopy clearfix\">\n<div class=\"post-headline\">\n<div class=\"post-headline\">\n<div class=\"post-headline\">\n<div class=\"post-headline\">\n<div class=\"post-bodycopy clearfix\">\n<div class=\"post-headline\">\n<div class=\"post-headline\">\n<div class=\"post-headline\">\n<div class=\"post-bodycopy clearfix\">\n<div class=\"post-headline\">\n<div class=\"post-bodycopy clearfix\">\n<div class=\"post-bodycopy clearfix\">\n<div class=\"post-bodycopy clearfix\">\n<div class=\"post-bodycopy clearfix\">\n<div class=\"post-bodycopy clearfix\">\n<div class=\"post-bodycopy clearfix\">\n<div class=\"post-bodycopy clearfix\">\n<div class=\"post-bodycopy clearfix\">\n<div class=\"post-bodycopy clearfix\">\n<div class=\"post-bodycopy clearfix\">\n<div>\n<div class=\"post-headline\">\n<div class=\"post-headline\">\n<div class=\"post-headline\" style=\"text-align: left;\">\n<div class=\"post-bodycopy clearfix\">\n<div class=\"post-headline\">\n<div class=\"post-headline\">\n<div class=\"post-headline\">\n<div class=\"post-headline\">\n<div class=\"post-bodycopy clearfix\">\n<div class=\"post-headline\">\n<div class=\"post-headline\">\n<div class=\"post-headline\">\n<div class=\"post-bodycopy clearfix\">\n<div class=\"post-headline\">\n<header class=\"entry-header\">\n<h2 class=\"entry-title\"><a href=\"https:\/\/www.o-p-i.fr\/parlonsen\/parlons-en\/pratique\/les-vide-greniers-2021-au-pays-des-tescous\/\" rel=\"bookmark\">Les Vide-Greniers 2021 \u2026 au Pays des Tescou\u2019s<\/a><\/h2>\n<header class=\"entry-header\">\n<h2 class=\"entry-title\"><a href=\"https:\/\/www.o-p-i.fr\/parlonsen\/parlons-en\/culture\/cinema-en-plein-air-a-saint-martin-laguepie-81\/\" rel=\"bookmark\">Cin\u00e9ma en plein air\u2026\u00e0 Saint Martin Lagu\u00e9pie (81)<\/a><\/h2>\n<div class=\"entry-meta\">\n<p><span class=\"posted-on\"><i class=\"fa fa-calendar\"><\/i>\u00a0<\/span>Dimanche 1er Ao\u00fbt 2021 \u00e0 21h30 au ch\u00e2teau.<\/p>\n<header class=\"entry-header\">\n<h2 class=\"entry-title\"><a href=\"https:\/\/www.o-p-i.fr\/parlonsen\/parlons-en\/culture\/concert-lyrique-a-monclar-de-quercy-82\/\" rel=\"bookmark\">Concert Lyrique\u2026 \u00e0 Monclar de Quercy (82)<\/a><\/h2>\n<div class=\"entry-meta\">\n<p><span class=\"posted-on\"><i class=\"fa fa-calendar\"><\/i>\u00a0<time class=\"entry-date published\" datetime=\"2021-07-29T15:33:02+01:00\"><\/time><\/span>Samedi 31 juillet\u00a0 2021, \u00e0 20h.30, en l\u2019\u00e9glise<\/p>\n<div class=\"post-headline\">\n<h2><a title=\"Permanent Link to \u00ab\u00a0La Vie Parisienne\u00a0\u00bb \u2026\u00e0 Bruniquel\" href=\"https:\/\/www.o-p-i.fr\/parlonsen\/parlons-en\/culture\/la-vie-parisienne-a-bruniquel\/\" rel=\"bookmark\">\u00ab\u00a0La Vie Parisienne\u00a0\u00bb \u2026\u00e0 Bruniquel<\/a><\/h2>\n<\/div>\n<div class=\"post-bodycopy clearfix\">\n<p>Les\u00a0<strong>29, 30, 31 juillet et 01 \u2013 04, 05, 06, 07, 08 aout 2021<\/strong>, sur l\u2019esplanade des Ch\u00e2teaux.<\/p>\n<\/div>\n<header class=\"entry-header\">\n<h2 class=\"entry-title\"><a href=\"https:\/\/www.o-p-i.fr\/parlonsen\/parlons-en\/culture\/voodoo-jam-a-lisle-sur-tarn-81-2\/\" rel=\"bookmark\">\u00ab\u00a0VOODOO JAM\u00a0\u00bb\u2026 \u00e0 Lisle sur Tarn (81)<\/a><\/h2>\n<div class=\"entry-meta\">\n<p><span class=\"posted-on\"><i class=\"fa fa-calendar\"><\/i>\u00a0<time class=\"entry-date published\" datetime=\"2021-07-28T16:25:25+01:00\"><\/time><\/span>Dimanche 1er Ao\u00fbt 2021\u00a0 \u2013 17h30, au Mus\u00e9e Raymond Lafage.<\/p>\n<header class=\"entry-header\">\n<h2 class=\"entry-title\"><a href=\"https:\/\/www.o-p-i.fr\/parlonsen\/parlons-en\/culture\/apero-concert-a-negrepelisse-82\/\" rel=\"bookmark\">Ap\u00e9ro-concert\u2026\u00e0 N\u00e8grepelisse (82)<\/a><\/h2>\n<p>Vendredi 6 ao\u00fbt 2021, \u00e0 19h.30, cour de\u00a0\u00bbLa Cuisine\u00a0\u00bb<\/p>\n<header class=\"entry-header\">\n<h2 class=\"entry-title\"><a href=\"https:\/\/www.o-p-i.fr\/parlonsen\/parlons-en\/culture\/exposition-silke-et-ulmer-a-lisle-sur-tarn-81\/\" rel=\"bookmark\">Exposition SILKE et ULMER \u2026\u00e0 Lisle sur Tarn (81)<\/a><\/h2>\n<div class=\"entry-meta\">\n<p><span class=\"posted-on\"><i class=\"fa fa-calendar\"><\/i>\u00a0<time class=\"entry-date published\" datetime=\"2021-07-28T12:12:50+01:00\"><\/time><\/span>Du vendredi 6 ao\u00fbt au dimanche 3 octobre 2021<\/p>\n<header class=\"entry-header\">\n<h2 class=\"entry-title\"><a href=\"https:\/\/www.o-p-i.fr\/parlonsen\/localisation\/salvagnac\/stand-up-satirique-a-salvagnac-81\/\" rel=\"bookmark\">Stand-up satirique\u2026\u00e0 Salvagnac (81)<\/a><\/h2>\n<\/header>\n<div class=\"entry-summary\">\n<p>Vendredi 30 juillet 2021 \u00e0 20h.30 au caf\u00e9 Au bord du Monde.<\/p>\n<header class=\"entry-header\">\n<h2 class=\"entry-title\"><a href=\"https:\/\/www.o-p-i.fr\/parlonsen\/parlons-en\/culture\/concert-lyrique-a-negrepelisse-82\/\" rel=\"bookmark\">Concert Lyrique\u2026 \u00e0 N\u00e8grepelisse (82)<\/a><\/h2>\n<\/header>\n<div class=\"entry-summary\">\n<p>Dimanche 1er Ao\u00fbt 2021, \u00e0 17h. au Temple.<\/p>\n<header class=\"entry-header\">\n<h2 class=\"entry-title\"><a href=\"https:\/\/www.o-p-i.fr\/parlonsen\/parlons-en\/pratique\/bourse-toutes-collections-a-monclar-de-quercy-82-2\/\" rel=\"bookmark\">Bourse toutes collections \u2026\u00e0 Monclar de Quercy (82)<\/a><\/h2>\n<div class=\"entry-meta\">\n<p><span class=\"posted-on\"><i class=\"fa fa-calendar\"><\/i>\u00a0<time class=\"entry-date published\" datetime=\"2021-07-26T15:53:45+01:00\"><\/time><\/span>Dimanche 29 ao\u00fbt 2021, de 9h. \u00e0 18h. esplanade des lacs.<\/p>\n<header class=\"entry-header\">\n<h2 class=\"entry-title\"><a href=\"https:\/\/www.o-p-i.fr\/parlonsen\/localisation\/castelnau\/caravane-du-sport-tarnais-en-gresigne-81\/\" rel=\"bookmark\">\u00ab\u00a0Caravane du sport Tarnais\u00a0\u00bb\u2026 en Gr\u00e9signe (81)<\/a><\/h2>\n<div class=\"entry-meta\">\n<p><span class=\"posted-on\"><i class=\"fa fa-calendar\"><\/i>\u00a0<\/span>Mardi 17 ao\u00fbt 2021, de 10h. \u00e0 18h., base V\u00e8re Gr\u00e9signe.<\/p>\n<header class=\"entry-header\">\n<h2 class=\"entry-title\"><a href=\"https:\/\/www.o-p-i.fr\/parlonsen\/localisation\/a-cote-de-chez-nous\/don-de-sang-a-gaillac-81-6\/\" rel=\"bookmark\">Don de sang\u2026 \u00e0 Gaillac (81)<\/a><\/h2>\n<\/header>\n<div class=\"entry-summary\">\n<p>Du mercredi 4 au samedi 7 ao\u00fbt 2021, salle Bouzinac.<\/p>\n<header class=\"entry-header\">\n<h2 class=\"entry-title\"><a href=\"https:\/\/www.o-p-i.fr\/parlonsen\/parlons-en\/culture\/exposition-henri-hadida-a-castelnau-de-montmiral-81\/\" rel=\"bookmark\">Exposition Henri Hadida\u2026\u00e0 Castelnau de Montmiral (81)<\/a><\/h2>\n<div class=\"entry-meta\"><span class=\"posted-on\"><i class=\"fa fa-calendar\"><\/i>\u00a0<time class=\"entry-date published\" datetime=\"2021-07-26T07:23:36+01:00\"><\/time><\/span>Du lundi 2 au lundi 16 ao\u00fbt 2021, \u00e0 l\u2019Espace 2Jol.<\/div>\n<\/header>\n<\/div>\n<\/div>\n<\/header>\n<\/div>\n<\/header>\n<\/div>\n<\/div>\n<\/div>\n<\/header>\n<h1 class=\"entry-title\">\u00a0<span style=\"color: #00ff00; font-family: inherit; font-size: inherit; background-color: #ffffff;\">Et Toujours<\/span><\/h1>\n<\/header>\n<\/div>\n<\/header>\n<\/div>\n<\/header>\n<\/div>\n<\/header>\n<h2 class=\"entry-title\">\u00a0<a href=\"https:\/\/www.o-p-i.fr\/parlonsen\/parlons-en\/pratique\/ou-donner-son-sang-dans-le-tarn-garonne-2\/\" rel=\"bookmark\">O\u00f9 donner son sang dans le TARN &amp; GARONNE<\/a><\/h2>\n<h2 class=\"entry-title\"><a href=\"https:\/\/www.o-p-i.fr\/parlonsen\/parlons-en\/pratique\/ou-donner-son-sang-dans-le-tarn-7\/\" rel=\"bookmark\">O\u00f9 donner son sang dans le TARN<\/a><\/h2>\n<header class=\"entry-header\">\n<div class=\"entry-meta\">\n<header class=\"entry-header\">\n<h2 class=\"entry-title\"><a href=\"https:\/\/www.o-p-i.fr\/parlonsen\/parlons-en\/agriculture\/aperitifs-concerts-de-lete\/\" rel=\"bookmark\">Ap\u00e9ritifs concerts de l\u2019\u00e9t\u00e9\u2026 \u00e0 Puycelsi (81)<\/a><\/h2>\n<\/header>\n<p class=\"entry-title\"><a href=\"https:\/\/www.o-p-i.fr\/parlonsen\/parlons-en\/agriculture\/aperitifs-concerts-de-lete\/\" rel=\"bookmark\">En juillet et ao\u00fbt 2021, au ch\u00e2teau de Terride<\/a><\/p>\n<h2 class=\"entry-title\"><a href=\"https:\/\/www.o-p-i.fr\/parlonsen\/parlons-en\/culture\/nos-chansons-a-itzac-81\/\" rel=\"bookmark\">\u00ab\u00a0Nos chansons\u2026\u00a0\u00bb \u00e0 Itzac (81)<\/a><\/h2>\n<div class=\"entry-summary\">\n<p>Mardi 17 ao\u00fbt 2021, \u00e0 18h. \u00e0 La Bouscari\u00e9.<\/p>\n<h2 class=\"entry-title\"><a href=\"https:\/\/www.o-p-i.fr\/parlonsen\/parlons-en\/pratique\/diner-spectacle-a-puygaillard-de-quercy-82\/\" rel=\"bookmark\">Diner spectacle \u2026\u00e0 Puygaillard de Quercy (82)<\/a><\/h2>\n<div class=\"entry-summary\">\n<p>Vendredi 13 ao\u00fbt 2021, \u00e0 19h.30 \u00e0 La Boriette<\/p>\n<\/div>\n<\/div>\n<\/div>\n<\/header>\n<h2 class=\"entry-title\"><a href=\"https:\/\/www.o-p-i.fr\/parlonsen\/parlons-en\/pratique\/balade-botanique-a-monclar-de-quercy-82\/\" rel=\"bookmark\">Balade botanique\u2026 \u00e0 Monclar de Quercy (82)<\/a><\/h2>\n<h2 class=\"entry-title\"><a href=\"https:\/\/www.o-p-i.fr\/parlonsen\/parlons-en\/pratique\/accueil-de-loisirs-a-salvagnac-81\/\" rel=\"bookmark\">Accueil de loisirs \u2026\u00e0 Salvagnac (81)<\/a><\/h2>\n<h2 class=\"entry-title\"><a href=\"https:\/\/www.o-p-i.fr\/parlonsen\/parlons-en\/pratique\/yoga-prenatal-et-massage-bebe-a-vaour\/\" rel=\"bookmark\">Yoga pr\u00e9natal et massage b\u00e9b\u00e9\u2026 \u00e0 Vaour<\/a><\/h2>\n<h2 class=\"entry-title\"><a href=\"https:\/\/www.o-p-i.fr\/parlonsen\/parlons-en\/commerce\/menu-concert-a-monclar-de-quercy-82\/\" rel=\"bookmark\">\u00ab\u00a0Menu-Concert\u00a0\u00bb\u2026 \u00e0 Monclar de Quercy (82)<\/a><\/h2>\n<h2 class=\"entry-title\"><a href=\"https:\/\/www.o-p-i.fr\/parlonsen\/parlons-en\/culture\/festival-sous-couverture-a-saint-antonin-noble-val-82\/\" rel=\"bookmark\">Festival \u00ab Sous Couverture \u00bb\u2026\u00e0 Saint Antonin Noble Val<\/a><\/h2>\n<h2 class=\"entry-title\"><a href=\"https:\/\/www.o-p-i.fr\/parlonsen\/parlons-en\/culture\/concert-vivaldi-a-gaillac-81\/\" rel=\"bookmark\">Concert Vivaldi \u2026 \u00e0 Gaillac (81)<\/a><\/h2>\n<h2 class=\"entry-title\"><a href=\"https:\/\/www.o-p-i.fr\/parlonsen\/parlons-en\/culture\/battage-a-lancienne-a-saint-nauphary-82\/\" rel=\"bookmark\">Battage \u00e0 l\u2019ancienne\u2026\u00e0 Saint Nauphary (82)<\/a><\/h2>\n<h2 class=\"entry-title\"><a href=\"https:\/\/www.o-p-i.fr\/parlonsen\/parlons-en\/commerce\/au-programme-de-la-guinguette-a-salvagnac-81\/\" rel=\"bookmark\">Au programme de La Guinguette \u2026\u00e0 Salvagnac (81)<\/a><\/h2>\n<h2 class=\"entry-title\"><a href=\"https:\/\/www.o-p-i.fr\/parlonsen\/parlons-en\/pratique\/un-ete-cine-au-pays-des-tescous\/\" rel=\"bookmark\">Un \u00e9t\u00e9 cin\u00e9\u2026 au Pays des Tescou\u2019s<\/a><\/h2>\n<h2 class=\"entry-title\"><a href=\"https:\/\/www.o-p-i.fr\/parlonsen\/localisation\/castelnau\/atelier-de-chant-a-castelnau-de-montmiral-81\/\" rel=\"bookmark\">Atelier de chant\u2026\u00e0 Castelnau de Montmiral (81)<\/a><\/h2>\n<h2 class=\"entry-title\"><a href=\"https:\/\/www.o-p-i.fr\/parlonsen\/parlons-en\/culture\/cinemonclar-le-programme-du-vendredi-16-juillet-au-mardi-10-aout-2021-a-monclar-de-quercy\/\" rel=\"bookmark\">Cin\u00e9Monclar, le programme du vendredi 16 juillet au mardi 10 ao\u00fbt 2021 ..\u00e0 Monclar de Quercy (82)<\/a><\/h2>\n<h2 class=\"entry-title\"><a href=\"https:\/\/www.o-p-i.fr\/parlonsen\/parlons-en\/pratique\/loto-de-plein-air-a-salvagnac-81-4\/\" rel=\"bookmark\">Loto de Plein Air\u2026 \u00e0 Salvagnac (81)<\/a><\/h2>\n<h2 class=\"entry-title\"><a href=\"https:\/\/www.o-p-i.fr\/parlonsen\/parlons-en\/culture\/les-petits-concerts-du-marche-asaint-antonin-noble-val\/\" rel=\"bookmark\">\u00ab\u00a0Les Petits concerts du march\u00e9\u00a0\u00bb\u2026\u00e0 Saint Antonin Noble Val<\/a><\/h2>\n<h2 class=\"entry-title\"><a style=\"font-family: inherit; font-size: inherit; background-color: #ffffff;\" href=\"https:\/\/www.o-p-i.fr\/parlonsen\/parlons-en\/agriculture\/marches-dete-a-grazac-81\/\" rel=\"bookmark\">March\u00e9s d\u2019\u00e9t\u00e9 \u2026 \u00e0 Grazac (81)<\/a><\/h2>\n<\/header>\n<div class=\"entry-summary\">\n<p>Les jeudis, du 1 juillet au 15 ao\u00fbt 2021. de 18h. \u00e0 22h.<\/p>\n<\/div>\n<div class=\"entry-summary\">\n<div class=\"entry-summary\">\n<div class=\"entry-summary\">\n<div class=\"entry-summary\">\n<header class=\"entry-header\">\n<h2 class=\"entry-title\"><a href=\"https:\/\/www.o-p-i.fr\/parlonsen\/parlons-en\/culture\/du-jardin-a-la-table-deugenie-a-andillac-81\/\" rel=\"bookmark\">\u00ab\u00a0Du jardin \u00e0 la table d\u2019Eug\u00e9nie\u2026\u00a0\u00bb \u00e0 Andillac (81)<\/a><\/h2>\n<\/header>\n<div class=\"entry-summary\">\n<p>Jusqu\u2019au 3 octobre 2021, au mus\u00e9e du Cayla.<\/p>\n<div class=\"entry-summary\">\n<div class=\"entry-summary\">\n<header class=\"entry-header\">\n<h2 class=\"entry-title\"><a href=\"https:\/\/www.o-p-i.fr\/parlonsen\/parlons-en\/agriculture\/marche-associatif-du-jeudi-a-monesties-81\/\" rel=\"bookmark\">March\u00e9 Associatif du Jeudi \u2026 \u00e0 Mon\u00e8sties (81)<\/a><\/h2>\n<\/header>\n<div class=\"entry-summary\">\n<p>Tout les jeudis du 24 juin au 26 ao\u00fbt 2021, \u00e0 partir de 17h.30.<\/p>\n<\/div>\n<\/div>\n<\/div>\n<\/div>\n<\/div>\n<\/div>\n<\/div>\n<\/div>\n<div class=\"entry-summary\">\n<div class=\"entry-summary\">\n<div class=\"entry-summary\">\n<div class=\"entry-summary\">\n<header class=\"entry-header\">\n<div class=\"entry-summary\">\n<div class=\"entry-summary\">\n<header class=\"entry-header\">\n<h2 class=\"entry-title\"><span style=\"color: #000000;\"><a style=\"color: #000000;\" href=\"https:\/\/www.o-p-i.fr\/parlonsen\/parlons-en\/culture\/exposition-peinture-a-castelnau-de-montmiral-81\/\" rel=\"bookmark\">Exposition peinture \u2026 \u00e0 Castelnau de Montmiral (81)<\/a><\/span><\/h2>\n<\/header>\n<div class=\"entry-summary\">\n<p><span style=\"color: #000000;\">Du samedi 17 au samedi 31 juillet 2021, \u00e0 L\u2019Epace 2Jol.<\/span><\/p>\n<\/div>\n<\/div>\n<\/div>\n<\/header>\n<\/div>\n<\/div>\n<\/div>\n<\/div>\n<div class=\"post-headline\">\n<h2><a title=\"Permanent Link to Exposition \u00ab\u00a0Nature vivante\u00a0\u00bb\u2026\u00e0 Lisle sur Tarn\" href=\"https:\/\/www.o-p-i.fr\/parlonsen\/parlons-en\/culture\/exposition-nature-vivante-a-lisle-sur-tarn\/\" rel=\"bookmark\">Exposition \u00ab\u00a0Nature vivante\u00a0\u00bb\u2026\u00e0 Lisle sur Tarn<\/a><\/h2>\n<\/div>\n<div class=\"post-bodycopy clearfix\">\n<p>D\u00e8s le\u00a0<strong>samedi 19 juin 2021 et jusqu\u2019au 31 octobre<\/strong>, mus\u00e9e Raymond Lafage.<\/p>\n<div class=\"post-bodycopy clearfix\">\n<div class=\"post-headline\">\n<h2><a title=\"Permanent Link to D\u00e9couverte des danses africaines \u2026\u00e0 Lavaur (81)\" href=\"https:\/\/www.o-p-i.fr\/parlonsen\/parlons-en\/culture\/decouverte-des-danses-africaines-a-lavaur-81\/\" rel=\"bookmark\">D\u00e9couverte des danses africaines \u2026\u00e0 Lavaur (81)<\/a><\/h2>\n<\/div>\n<div class=\"post-bodycopy clearfix\">\n<p><strong>Vendredi 27, samedi 28 et dimanche 28 ao\u00fbt 2021<\/strong><\/p>\n<div class=\"post-bodycopy clearfix\">\n<div class=\"post-bodycopy clearfix\">\n<div class=\"post-bodycopy clearfix\">\n<div class=\"post-bodycopy clearfix\">\n<div class=\"post-bodycopy clearfix\">\n<div class=\"post-bodycopy clearfix\">\n<div class=\"post-bodycopy clearfix\">\n<div class=\"post-bodycopy clearfix\">\n<div class=\"post-bodycopy clearfix\">\n<div class=\"post-bodycopy clearfix\">\n<div class=\"post-headline\">\n<h2><a title=\"Permanent Link to \u00ab\u00a0Musiques en Vignes\u00a0\u00bb\u2026 dans le Frontonnais\" href=\"https:\/\/www.o-p-i.fr\/parlonsen\/parlons-en\/agriculture\/musiques-en-vignes-dans-le-frontonnais\/\" rel=\"bookmark\">\u00ab\u00a0Musiques en Vignes\u00a0\u00bb\u2026 dans le Frontonnais<\/a><\/h2>\n<\/div>\n<div class=\"post-bodycopy clearfix\">\n<p>Du\u00a0<strong>samedi 12 juin au mardi 31 ao\u00fbt 2021<\/strong><\/p>\n<\/div>\n<\/div>\n<\/div>\n<\/div>\n<\/div>\n<\/div>\n<\/div>\n<\/div>\n<\/div>\n<\/div>\n<\/div>\n<\/div>\n<\/div>\n<\/div>\n<div class=\"post-bodycopy clearfix\">\n<div class=\"post-bodycopy clearfix\">\n<div class=\"post-bodycopy clearfix\">\n<div class=\"post-bodycopy clearfix\">\n<div class=\"post-bodycopy clearfix\">\n<div class=\"post-headline\">\n<h2><a title=\"Permanent Link to \u00ab\u00a0Peinture dans la rue\u00a0\u00bb\u2026\u00e0 Fontiers-Cabard\u00e8s (11)\" href=\"https:\/\/www.o-p-i.fr\/parlonsen\/parlons-en\/culture\/peinture-dans-la-rue-a-fontiers-cabardes-11\/\" rel=\"bookmark\">\u00ab\u00a0Peinture dans la rue\u00a0\u00bb\u2026\u00e0 Fontiers-Cabard\u00e8s (11)<\/a><\/h2>\n<\/div>\n<div class=\"post-bodycopy clearfix\">\n<p><strong>Samedi 31 juillet et dimanche 1 ao\u00fbt 2021<\/strong>,de 10h. \u00e0 16h<\/p>\n<\/div>\n<\/div>\n<\/div>\n<\/div>\n<\/div>\n<\/div>\n<\/div>\n<div class=\"post-bodycopy clearfix\">\n<div class=\"post-bodycopy clearfix\">\n<div class=\"post-bodycopy clearfix\">\n<div class=\"post-bodycopy clearfix\">\n<div class=\"post-bodycopy clearfix\">\n<div class=\"post-bodycopy clearfix\">\n<div class=\"post-headline\">\n<h2><a title=\"Permanent Link to Appel \u00e0 photos \u00ab\u00a0c\u2019est le Printemps sur le Causse\u00a0\u00bb\" href=\"https:\/\/www.o-p-i.fr\/parlonsen\/parlons-en\/culture\/appel-a-photos-cest-le-printemps-sur-le-causse\/\" rel=\"bookmark\">Appel \u00e0 photos \u00ab\u00a0c\u2019est le Printemps sur le Causse\u00a0\u00bb<\/a><\/h2>\n<\/div>\n<div class=\"post-bodycopy clearfix\">\n<p>Le projet des albums \u00e9volue \u2026<\/p>\n<\/div>\n<\/div>\n<\/div>\n<\/div>\n<\/div>\n<\/div>\n<\/div>\n<\/div>\n<\/div>\n<div class=\"post-bodycopy clearfix\">\n<div class=\"post-bodycopy clearfix\">\n<div class=\"post-headline\">\n<h2><a title=\"Permanent Link to \u00ab\u00a0L\u2019invitation au voyage\u00a0\u00bb \u2026 \u00e0 Vaour (81)\" href=\"https:\/\/www.o-p-i.fr\/parlonsen\/parlons-en\/culture\/linvitation-au-voyage-a-vaour-81\/\" rel=\"bookmark\">\u00ab\u00a0L\u2019invitation au voyage\u00a0\u00bb \u2026 \u00e0 Vaour (81)<\/a><\/h2>\n<\/div>\n<div class=\"post-bodycopy clearfix\">\n<p>M\u00e9diath\u00e8que No\u00ebl Richard<\/p>\n<\/div>\n<\/div>\n<\/div>\n<h2><a title=\"Permanent Link to Initiation au num\u00e9rique \u2026 \u00e0 Monclar de Quercy (82)\" href=\"https:\/\/www.o-p-i.fr\/parlonsen\/parlons-en\/pratique\/initiation-au-numerique-a-monclar-de-quercy-82\/\" rel=\"bookmark\">Initiation au num\u00e9rique \u2026 \u00e0 Monclar de Quercy (82)<\/a><\/h2>\n<\/div>\n<div class=\"post-bodycopy clearfix\">\n<p>jusqu\u2019en\u00a0<strong>juillet 2021<\/strong><\/p>\n<\/div>\n<div class=\"post-headline\">\n<h2><a title=\"Permanent Link to L\u2019Avenir est \u00e0 la campagne \u2026\" href=\"https:\/\/www.o-p-i.fr\/parlonsen\/parlons-en\/culture\/lavenir-est-a-la-campagne\/\" rel=\"bookmark\">L\u2019Avenir est \u00e0 la campagne \u2026<\/a><\/h2>\n<\/div>\n<div class=\"post-bodycopy clearfix\">\n<p>\u2026 qu\u2019est-ce que c\u2019est ?<\/p>\n<\/div>\n<div class=\"post-bodycopy clearfix\">\n<div class=\"post-headline\">\n<h2><a title=\"Permanent Link to Concours photos\u2026 \u00e0 Giroussens (81)\" href=\"https:\/\/www.o-p-i.fr\/parlonsen\/parlons-en\/culture\/concours-photos-a-giroussens-81\/\" rel=\"bookmark\">Concours photos\u2026 \u00e0 Giroussens (81)<\/a><\/h2>\n<\/div>\n<div class=\"post-bodycopy clearfix\">\n<p>Du\u00a0<strong>1 mars au 31 juillet 2021<\/strong>.<\/p>\n<\/div>\n<\/div>\n<h2><a title=\"Permanent Link to Accueillir une \u00e9tudiante autrichienne \u2026 \u00e9t\u00e9 2021\" href=\"https:\/\/www.o-p-i.fr\/parlonsen\/parlons-en\/pratique\/accueillir-une-etudiante-autrichienne-ete-2021\/\" rel=\"bookmark\">Accueillir une \u00e9tudiante autrichienne \u2026 \u00e9t\u00e9 2021<\/a><\/h2>\n<\/div>\n<div class=\"post-bodycopy clearfix\">\n<p>2 \u00e0 4 semaines en\u00a0<strong>juillet ou ao\u00fbt 2021<\/strong><\/p>\n<\/div>\n<div class=\"post-bodycopy clearfix\">\n<div class=\"post-headline\">\n<h2><a title=\"Permanent Link to Attention aux feux !!!\" href=\"https:\/\/www.o-p-i.fr\/parlonsen\/parlons-en\/pratique\/attention-aux-feux\/\" rel=\"bookmark\">Attention aux feux !!!<\/a><\/h2>\n<\/div>\n<div class=\"post-bodycopy clearfix\">\n<p>Feux d\u2019espaces naturels<\/p>\n<\/div>\n<\/div>\n<div class=\"post-headline\">\n<div class=\"post-headline\">\n<div class=\"post-headline\">\n<h2><a title=\"Permanent Link to Scrabble ou Tricot\u2026 \u00e0 Vaour (81)\" href=\"https:\/\/www.o-p-i.fr\/parlonsen\/parlons-en\/pratique\/scrabble-ou-tricot-a-vaour-81\/\" rel=\"bookmark\">Scrabble ou Tricot\u2026 \u00e0 Vaour (81)<\/a><\/h2>\n<\/div>\n<div class=\"post-bodycopy clearfix\">\n<p>Tous les\u00a0<strong>mardis apr\u00e8s-midi<\/strong>, de 15 \u00e0 17 h. au Causse Caf\u00e9.<\/p>\n<\/div>\n<\/div>\n<div class=\"post-bodycopy clearfix\">\n<div class=\"post-headline\">\n<h2><a title=\"Permanent Link to Gravure en taille douce\u2026 \u00e0 Lisle sur Tarn (81)\" href=\"https:\/\/www.o-p-i.fr\/parlonsen\/parlons-en\/gravure-en-taille-douce-a-lisle-sur-tarn-81\/\" rel=\"bookmark\">Gravure en taille douce\u2026 \u00e0 Lisle sur Tarn (81)<\/a><\/h2>\n<\/div>\n<div class=\"post-bodycopy clearfix\">\n<p>Le mus\u00e9e Raymond Lafage pr\u00e9pare la 5\u00e8me Triennale\u00a0 (<strong>mars \u00e0 juin 2022<\/strong>)<\/p>\n<div class=\"post-headline\">\n<h2><a title=\"Permanent Link to Universit\u00e9 occitane d\u2019\u00e9t\u00e9 \u2026\u00e0 Lagu\u00e9pie (82)\" href=\"https:\/\/www.o-p-i.fr\/parlonsen\/parlons-en\/universite-occitane-dete-a-laguepie-82-2\/\" rel=\"bookmark\">Universit\u00e9 occitane d\u2019\u00e9t\u00e9 \u2026\u00e0 Lagu\u00e9pie (82)<\/a><\/h2>\n<\/div>\n<div class=\"post-bodycopy clearfix\">\n<p>Du\u00a0<strong>lundi 12 au lundi 19 juillet 202<\/strong>1.<\/p>\n<\/div>\n<\/div>\n<\/div>\n<\/div>\n<div class=\"post-bodycopy clearfix\">\n<div class=\"post-bodycopy clearfix\">\n<div class=\"post-bodycopy clearfix\">\n<div class=\"post-bodycopy clearfix\">\n<div class=\"post-headline\">\n<h2><a title=\"Permanent Link to Stages d\u2019\u00e9t\u00e9:\u2026 \u00e0 Castelnau de Montmiral (81)\" href=\"https:\/\/www.o-p-i.fr\/parlonsen\/localisation\/castelnau\/stages-dete-a-castelnau-de-montmiral-81\/\" rel=\"bookmark\">Stages d\u2019\u00e9t\u00e9:\u2026 \u00e0 Castelnau de Montmiral (81)<\/a><\/h2>\n<\/div>\n<div class=\"post-bodycopy clearfix\">\n<p>Organis\u00e9s par l\u2019association 2JOL,de<strong> juillet \u00e0 septembre 2021<\/strong><\/p>\n<\/div>\n<\/div>\n<\/div>\n<\/div>\n<\/div>\n<div class=\"post-bodycopy clearfix\">\n<div class=\"post-bodycopy clearfix\">\n<div class=\"post-headline\">\n<h2><a title=\"Permanent Link to Stage de danses africaines \u2026 \u00e0 Camares (12)\" href=\"https:\/\/www.o-p-i.fr\/parlonsen\/parlons-en\/culture\/stage-de-danses-africaines-a-camares-12\/\" rel=\"bookmark\">Stage de danses africaines \u2026 \u00e0 Camares (12)<\/a><\/h2>\n<\/div>\n<div class=\"post-bodycopy clearfix\">\n<p>Du\u00a0<strong>dimanche 8 au vendredi 13 ao\u00fbt 2021<\/strong>, \u00e0 Faragous<\/p>\n<div class=\"post-bodycopy clearfix\">\n<div class=\"post-bodycopy clearfix\">\n<div class=\"post-bodycopy clearfix\">\n<div class=\"post-bodycopy clearfix\">\n<div class=\"post-bodycopy clearfix\">\n<div class=\"post-headline\">\n<h2><a title=\"Permanent Link to Stages de chant \u2026 \u00e0 Luchon\" href=\"https:\/\/www.o-p-i.fr\/parlonsen\/parlons-en\/culture\/stages-de-chant-a-luchon\/\" rel=\"bookmark\">Stages de chant \u2026 \u00e0 Luchon<\/a><\/h2>\n<\/div>\n<div class=\"post-bodycopy clearfix\">\n<p>Du\u00a0<strong>samedi 31 juillet au samedi 7 ao\u00fbt 2021<\/strong>, dans le cadre des Rencontres Lyriques.<\/p>\n<\/div>\n<\/div>\n<\/div>\n<\/div>\n<\/div>\n<\/div>\n<\/div>\n<\/div>\n<\/div>\n<\/div>\n<\/div>\n<\/div>\n<h2><a title=\"Permanent Link to Petit \u00e2ne cherche maison\u2026\" href=\"https:\/\/www.o-p-i.fr\/parlonsen\/parlons-en\/pratique\/petit-ane-cherche-maison\/\" rel=\"bookmark\">Petit \u00e2ne cherche maison\u2026<\/a><\/h2>\n<\/div>\n<div class=\"post-bodycopy clearfix\">\n<p>Nicole et Romain donnent Ignos\u2026<\/p>\n<\/div>\n<\/div>\n<\/div>\n<\/div>\n<\/div>\n<h2><a title=\"Permanent Link to V\u00e9los \u00e9lectriques \u2026\u00e0 Monclar de Quercy (82)\" href=\"https:\/\/www.o-p-i.fr\/parlonsen\/parlons-en\/commerce\/velos-electriques-a-monclar-de-quercy-82\/\" rel=\"bookmark\">V\u00e9los \u00e9lectriques \u2026\u00e0 Monclar de Quercy (82)<\/a><\/h2>\n<\/div>\n<div class=\"post-bodycopy clearfix\">\n<p>En location aupr\u00e8s de Cordonnerie-clefs-\u00ab l\u2019Atelier \u00bb<\/p>\n<\/div>\n<\/div>\n<div>\n<div>\n<div class=\"post-headline\">\n<h2><a title=\"Permanent Link to Vente \u00e0 la Ferme\u2026 \u00e0 Monclar de Quercy (82)\" href=\"https:\/\/www.o-p-i.fr\/parlonsen\/parlons-en\/agriculture\/vente-a-la-ferme-a-monclar-de-quercy-82\/\" target=\"_blank\" rel=\"bookmark noopener noreferrer\">Vente \u00e0 la Ferme\u2026 \u00e0 Monclar de Quercy (82)<\/a><\/h2>\n<\/div>\n<div class=\"post-bodycopy clearfix\">\n<p><strong>Au domaine de Maillac.<\/strong><\/p>\n<\/div>\n<\/div>\n<div>\n<div>\n<div class=\"post-bodycopy clearfix\">\n<div class=\"post-headline\">\n<h2><a title=\"Permanent Link to Alerte \u00ab\u00a0Don du sang\u00a0\u00bb\" href=\"https:\/\/www.o-p-i.fr\/parlonsen\/localisation\/a-cote-de-chez-nous\/alerte-don-du-sang\/\" rel=\"bookmark\">Alerte \u00ab\u00a0Don du sang\u00a0\u00bb<\/a><\/h2>\n<\/div>\n<div class=\"post-bodycopy clearfix\">\n<p><strong>Les r\u00e9serves de sang continuent de baisser\u00a0<\/strong><\/p>\n<\/div>\n<\/div>\n<\/div>\n<div>\n<div>\n<div class=\"post-headline\">\n<h2><a title=\"Permanent Link to L\u2019atelier du cordonnier \u2026 \u00e0 Monclar de Quercy (82)\" href=\"https:\/\/www.o-p-i.fr\/parlonsen\/parlons-en\/pratique\/latelier-du-cordonnier-a-monclar-de-quercy-82\/\" rel=\"bookmark\">L\u2019atelier du cordonnier \u2026 \u00e0 Monclar de Quercy (82)<\/a><\/h2>\n<\/div>\n<div class=\"post-bodycopy clearfix\">\n<p>A votre service dans plusieurs domaines !!!<\/p>\n<div class=\"post-bodycopy clearfix\">\n<div class=\"post-headline\">\n<h2><a title=\"Permanent Link to Histoire de la For\u00eat de Gr\u00e9signe\u2026\" href=\"https:\/\/www.o-p-i.fr\/parlonsen\/parlons-en\/culture\/histoire-de-la-foret-de-gresigne\/\" rel=\"bookmark\">Histoire de la For\u00eat de Gr\u00e9signe\u2026<\/a><\/h2>\n<\/div>\n<div class=\"post-bodycopy clearfix\">\n<p><strong>Un voyage dans le temps et l\u2019espace.<\/strong><\/p>\n<div class=\"post-headline\">\n<h2><a title=\"Permanent Link to Alerte \u00ab\u00a0termites\u00a0\u00bb\u2026 au Pays des Tescou\u2019s\" href=\"https:\/\/www.o-p-i.fr\/parlonsen\/parlons-en\/pratique\/alerte-termites-au-pays-des-tescous\/\" rel=\"bookmark\">Alerte \u00ab\u00a0termites\u00a0\u00bb\u2026 au Pays des Tescou\u2019s<\/a><\/h2>\n<\/div>\n<div class=\"post-bodycopy clearfix\">\n<p>Obligation de d\u00e9clarer en mairie la pr\u00e9sence de termites dans les b\u00e2timents.<\/p>\n<\/div>\n<\/div>\n<\/div>\n<\/div>\n<\/div>\n<div>\n<div>\n<div>\n<div>\n<div>\n<div>\n<div>\n<div>\n<div>\n<div>\n<div>\n<div>\n<div class=\"post-headline\">\n<h2><a title=\"Permanent Link to \u00ab\u00a0Information Tourisme\u00a0\u00bb\u2026 \u00e0 Salvagnac (81)\" href=\"https:\/\/www.o-p-i.fr\/parlonsen\/parlons-en\/pratique\/information-tourisme-a-salvagnac-81\/\" rel=\"bookmark\">\u00ab\u00a0Information Tourisme\u00a0\u00bb\u2026 \u00e0 Salvagnac (81)<\/a><\/h2>\n<\/div>\n<div class=\"post-bodycopy clearfix\">\n<p>Au Caf\u00e9 du Bord du Monde.<\/p>\n<div class=\"post-headline\">\n<h2><a title=\"Permanent Link to Planter des arbres\u2026 chez vous\" href=\"https:\/\/www.o-p-i.fr\/parlonsen\/parlons-en\/agriculture\/planter-des-arbres-chez-vous\/\" rel=\"bookmark\">Planter des arbres\u2026 chez vous<\/a><\/h2>\n<\/div>\n<div class=\"post-bodycopy clearfix\">\n<p>\u00ab Arbres et Paysages Tarnais \u00bb vous aide.<\/p>\n<\/div>\n<\/div>\n<\/div>\n<\/div>\n<\/div>\n<\/div>\n<\/div>\n<\/div>\n<\/div>\n<\/div>\n<\/div>\n<div>\n<div>\n<div><\/div>\n<\/div>\n<blockquote><p><span class=\"Style14\"><a title=\"Permanent Link to \u00ab Ensemble construisons l\u2019Europe des c\u0153urs ! \u00bb\" href=\"http:\/\/www.o-p-i.fr\/parlonsen\/parlons-en\/culture\/ensemble-construisons-leurope-des-coeurs\/\" rel=\"bookmark\"><strong>\u00ab Ensemble construisons l\u2019Europe des c\u0153urs ! \u00bb<\/strong><\/a><strong> Tel est le slogan de l\u2019association \u00ab <a href=\"http:\/\/www.o-p-i.fr\/aupays\/annuaire\/loisirs\/autriche-et-pays-doc\/\" target=\"_blank\" rel=\"noopener noreferrer\">Autriche et Pays d\u2019Oc \/7 \u00e0 lire<\/a>\u00bb<\/strong><\/span><\/p><\/blockquote>\n<\/div>\n<\/div>\n<\/div>\n<\/div>\n<\/div>\n<\/div>\n<\/div>\n<\/div>\n<\/div>\n<\/div>\n<\/div>\n<\/div>\n<\/div>\n<\/div>\n<\/div>\n<\/div>\n<\/div>\n<\/div>\n<\/div>\n<\/div>\n<\/div>\n<\/div>\n<\/div>\n<\/div>\n<\/div>\n<\/div>\n<\/div>\n<\/div>\n<\/div>\n<\/div>\n<\/div>\n<\/td>\n<\/tr>\n<\/tbody>\n<\/table>\n<p>&nbsp;<\/p>\n<h3 style=\"text-align: center;\">La lettre d&rsquo;info est envoy\u00e9e GRATUITEMENT<br \/>\nchaque vendredi \u00e0 plus de 3 500 foyers du Pays des Tescou&rsquo;s.<\/h3>\n<h3 style=\"text-align: center;\">Vous souhaitez soutenir notre action,<br \/>\nmerci de prendre 2 minutes pour concr\u00e9tiser votre adh\u00e9sion<br \/>\nsur <a href=\"http:\/\/adhesion.o-p-i.fr\"><strong>adh\u00e9sion.o-p-i.fr<\/strong><\/a><\/h3>\n<\/td>\n<td width=\"0%\"><\/td>\n<td class=\"Style14\" valign=\"top\" width=\"28%\">\n<table border=\"0\" width=\"99%\" cellspacing=\"0\" cellpadding=\"0\">\n<tbody>\n<tr>\n<td valign=\"top\" bgcolor=\"#FFFFFF\">\n<div class=\"Style14\" align=\"center\"><a href=\"http:\/\/www.o-p-i.fr\/aupays\/category\/vie-des-communes\/\"><img data-recalc-dims=\"1\" loading=\"lazy\" decoding=\"async\" class=\"Style12\" src=\"https:\/\/i0.wp.com\/www.o-p-i.fr\/lettre_info\/bouton_activ.jpg?resize=200%2C70\" alt=\"Les activit\u00e9s du Pays des Tescou's\" width=\"200\" height=\"70\" longdesc=\"http:\/\/www.o-p-i.fr\/lettre_info\/bouton_activ.jpg\" \/><\/a><\/div>\n<\/td>\n<\/tr>\n<tr>\n<td class=\"Style14\" align=\"center\" bgcolor=\"#FF3300\" height=\"263\"><a href=\"http:\/\/www.o-p-i.fr\/aupays\/annuaire\/loisirs\/cine-monclar\/\"><strong><img decoding=\"async\" title=\"Cin\u00e9 Monclar\" src=\"http:\/\/www.o-p-i.fr\/aupays\/wp-content\/themes\/arras-theme\/library\/timthumb.php?src=http:\/\/www.o-p-i.fr\/aupays\/wp-content\/uploads\/logo_cinemonclar2.jpg&amp;w=190&amp;h=100&amp;zc=1\" alt=\"Cin\u00e9 Monclar\" \/><\/strong><\/a><\/p>\n<div>\n<div>\n<div>\n<div align=\"center\">C&rsquo;est reparti !!!<\/div>\n<\/div>\n<\/div>\n<div align=\"center\">\n<ul>\n<li><strong>Vendredi 30 juillet 2021<\/strong>\u00a0 Un espion ordinaire 21h00\u00a0\u00a0<a href=\"https:\/\/www.bing.com\/videos\/search?q=Un+espion+ordinaire+bande+annonce&amp;&amp;view=detail&amp;mid=EEB1375CD83D8E8C7A73EEB1375CD83D8E8C7A73&amp;&amp;FORM=VRDGAR&amp;ru=%2Fvideos%2Fsearch%3Fq%3DUn%2520espion%2520ordinaire%2520bande%2520annonce%26qs%3Dn%26form%3DQBVR%26sp%3D-1%26pq%3Dun%2520espion%2520ordinaire%2520bande%2520annonce%26sc%3D2-33%26sk%3D%26cvid%3DD70E6F18A43846108AA81A5FEA1987D7\" target=\"_blank\" rel=\"noopener noreferrer\"><em>Pour voir la bande annonce, cliquez ici<\/em><\/a><\/li>\n<li><strong>Dimanche 1er ao\u00fbt 2021<\/strong>\n<ul>\n<li>Pierre lapin 2 17h00\u00a0\u00a0<a href=\"https:\/\/www.bing.com\/videos\/search?q=Pierre+lapin+2+bande+annonce&amp;&amp;view=detail&amp;mid=10E8BC2E192DC56CE91A10E8BC2E192DC56CE91A&amp;&amp;FORM=VRDGAR&amp;ru=%2Fvideos%2Fsearch%3Fq%3DPierre%2520lapin%25202%2520bande%2520annonce%26qs%3Dn%26form%3DQBVDMH%26sp%3D-1%26pq%3Dpierre%2520lapin%25202%2520bande%2520annonce%26sc%3D1-28%26sk%3D%26cvid%3D74DE529650084942BE5BBDDF13993883\" target=\"_blank\" rel=\"noopener noreferrer\"><em>Pour voir la bande annonce, cliquez ici<\/em><\/a><\/li>\n<li>Tokyo Shaking 21h00\u00a0\u00a0<a href=\"https:\/\/www.allocine.fr\/video\/player_gen_cmedia=19592445&amp;cfilm=280372.html\" target=\"_blank\" rel=\"noopener noreferrer\"><em>Pour voir la bande annonce, cliquez ici<\/em><\/a><\/li>\n<\/ul>\n<\/li>\n<li><strong>Mardi 3 ao\u00fbt 2021<\/strong>\u00a0Gagarine VO 21h00<\/li>\n<li><strong>Vendredi 6 ao\u00fbt 2021<\/strong>\u00a0 La nu\u00e9e 21h00\u00a0\u00a0<a href=\"https:\/\/www.bing.com\/videos\/search?q=La+nu%c3%a9e+bande+annonce&amp;&amp;view=detail&amp;mid=42D5AA07FBB722DD26B942D5AA07FBB722DD26B9&amp;&amp;FORM=VRDGAR&amp;ru=%2Fvideos%2Fsearch%3Fq%3DLa%2520nu%25C3%25A9e%2520bande%2520annonce%26qs%3Dn%26form%3DQBVDMH%26sp%3D-1%26pq%3Dla%2520nu%25C3%25A9e%2520bande%2520annonce%26sc%3D1-21%26sk%3D%26cvid%3D7077781FF0BC4770A4A8760ADC575D98\" target=\"_blank\" rel=\"noopener noreferrer\"><em>Pour voir la bande annonce, cliquez ici<\/em><\/a><\/li>\n<li><strong>Dimanche 8 ao\u00fbt 2021<\/strong>\n<ul>\n<li>Les croods 2 17h00\u00a0\u00a0<a href=\"https:\/\/www.bing.com\/videos\/search?q=Les+croods+2+bande+annonce&amp;&amp;view=detail&amp;mid=85B8615253D41F7AA7DE85B8615253D41F7AA7DE&amp;&amp;FORM=VRDGAR&amp;ru=%2Fvideos%2Fsearch%3Fq%3DLes%2Bcroods%2B2%2Bbande%2Bannonce%26go%3DRechercher%26qs%3Dds%26form%3DQBVDMH\" target=\"_blank\" rel=\"noopener noreferrer\"><em>Pour voir la bande annonce, cliquez ici<\/em><\/a><\/li>\n<li>D\u2019o\u00f9 l\u2019on vient 21h00\u00a0\u00a0<a href=\"https:\/\/www.bing.com\/videos\/search?q=D%e2%80%99o%c3%b9+l%e2%80%99on+vient+bande+annonce&amp;&amp;view=detail&amp;mid=19CA01A7B4DC4DDD504719CA01A7B4DC4DDD5047&amp;&amp;FORM=VRDGAR&amp;ru=%2Fvideos%2Fsearch%3Fq%3DD%25E2%2580%2599o%25C3%25B9%2Bl%25E2%2580%2599on%2Bvient%2Bbande%2Bannonce%26go%3DRechercher%26qs%3Dds%26form%3DQBVDMH\" target=\"_blank\" rel=\"noopener noreferrer\"><em>Pour voir la bande annonce, cliquez ici<\/em><\/a><\/li>\n<\/ul>\n<\/li>\n<li><strong>Mardi 10 ao\u00fbt 2021<\/strong>\u00a0Annette VO 21h00\u00a0\u00a0<a href=\"https:\/\/www.allocine.fr\/video\/player_gen_cmedia=19591946&amp;cfilm=235632.html\" target=\"_blank\" rel=\"noopener noreferrer\"><em>Pour voir la bande annonce, cliquez ici<\/em><\/a><\/li>\n<li><\/li>\n<\/ul>\n<\/div>\n<\/div>\n<\/td>\n<\/tr>\n<tr>\n<td class=\"Style14\" bgcolor=\"#FFFFFF\" height=\"1262\">\n<h2 class=\"Style51\" align=\"center\"><span class=\"Style16\">Associations, entreprises :<br \/>\nPour apparaitre ici,<\/span><\/h2>\n<h3 class=\"Style51\" align=\"center\"><a class=\"Style16\" href=\"http:\/\/www.o-p-i.fr\/aupays\/opi\/referencez-votre-activite\/\">cliquez ici<\/a><\/h3>\n<p><img decoding=\"async\" src=\"http:\/\/www.o-p-i.fr\/aupays\/wp-content\/themes\/arras-theme\/library\/timthumb.php?src=http:\/\/www.o-p-i.fr\/aupays\/wp-content\/uploads\/logo_painrustique_72pp.jpg&amp;w=190&amp;h=100&amp;zc=1\" alt=\"Le Pain Rustique\" \/><\/p>\n<p><a href=\"http:\/\/www.o-p-i.fr\/aupays\/vie-des-communes\/vie-a-monclar-de-quercy\/le-pain-rustique\/\" rel=\"bookmark\">Le Pain Rustique<\/a><br \/>\n<strong><a href=\"http:\/\/www.o-p-i.fr\/aupays\/vie-des-communes\/vie-a-monclar-de-quercy\/le-pain-rustique\/\">Continuer \u00e0 lire<\/a><\/strong><\/p>\n<div><a href=\"http:\/\/www.o-p-i.fr\/aupays\/vie-des-communes\/vie-a-verlhac-tescou\/mecajardin-82\/\"><img decoding=\"async\" title=\"M\u00e9caJardin 82\" src=\"http:\/\/www.o-p-i.fr\/aupays\/wp-content\/themes\/arras-theme\/library\/timthumb.php?src=http:\/\/www.o-p-i.fr\/aupays\/wp-content\/uploads\/logo_mecajardin82.jpg&amp;w=190&amp;h=100&amp;zc=1\" alt=\"M\u00e9caJardin 82\" \/><\/a><abbr title=\"2019-05-01T11:33:59+01:00\">&#8230;<\/abbr><\/div>\n<h3><a href=\"http:\/\/www.o-p-i.fr\/aupays\/vie-des-communes\/vie-a-verlhac-tescou\/mecajardin-82\/\" rel=\"bookmark\">M\u00e9caJardin 82<\/a><\/h3>\n<p class=\"Style51\" align=\"center\"><img decoding=\"async\" title=\"Mirabilia Museum \u2013 Penne\" src=\"https:\/\/www.o-p-i.fr\/aupays\/wp-content\/themes\/arras-theme\/library\/timthumb.php?src=https:\/\/www.o-p-i.fr\/aupays\/wp-content\/uploads\/logo_mirabiliamuseum.jpg&amp;w=190&amp;h=100&amp;zc=1\" alt=\"Mirabilia Museum \u2013 Penne\" \/><\/p>\n<h3 class=\"Style51\" align=\"center\"><a href=\"https:\/\/www.o-p-i.fr\/aupays\/annuaire\/tourisme\/mirabilia-museum-penne\/\">Mirabilia Mus\u00e9um<\/a><\/h3>\n<p class=\"Style51\" align=\"center\"><img decoding=\"async\" title=\"R\u00e9veil Occitan\" src=\"https:\/\/www.o-p-i.fr\/aupays\/wp-content\/themes\/arras-theme\/library\/timthumb.php?src=https:\/\/www.o-p-i.fr\/aupays\/wp-content\/uploads\/logo_reveiloccitan.jpg&amp;w=190&amp;h=100&amp;zc=1\" alt=\"R\u00e9veil Occitan\" \/><\/p>\n<h3 align=\"center\"><a href=\"https:\/\/www.o-p-i.fr\/aupays\/annuaire\/loisirs\/reveil-occitan\/\">R\u00e9veil Occitan<\/a><\/h3>\n<ul>\n<li>\n<div>\n<div class=\"post-headline\">\n<h2><a title=\"Permanent Link to Concours \u00ab\u00a0Maisons et balcons fleuris\u00a0\u00bb\u2026 \u00e0 N\u00e8grepelisse (82)\" href=\"https:\/\/www.o-p-i.fr\/parlonsen\/parlons-en\/agriculture\/concours-maisons-et-balcons-fleuris-a-negrepelisse-82\/\" rel=\"bookmark\">Concours \u00ab\u00a0Maisons et balcons fleuris\u00a0\u00bb\u2026 \u00e0 N\u00e8grepelisse (82)<\/a><\/h2>\n<\/div>\n<div class=\"post-bodycopy clearfix\">\n<p>Inscription jusqu\u2019au\u00a0<strong>mardi 1 juin 2021<\/strong><\/p>\n<\/div>\n<p><abbr title=\"2019-08-02T05:03:32+01:00\">&#8230;<\/abbr><\/p>\n<h3><a href=\"http:\/\/www.o-p-i.fr\/aupays\/annuaire\/graines-de-troubadours\/\" rel=\"bookmark\">Graines de Troubadours<\/a><\/h3>\n<div><\/div>\n<\/div>\n<\/li>\n<li>\n<div><a href=\"http:\/\/www.o-p-i.fr\/aupays\/annuaire\/loisirs\/bulle-denergie\/\"><img decoding=\"async\" title=\"Bulle d\u2019\u00e9nergie\" src=\"http:\/\/www.o-p-i.fr\/aupays\/wp-content\/themes\/arras-theme\/library\/timthumb.php?src=http:\/\/www.o-p-i.fr\/aupays\/wp-content\/uploads\/Bulle-d%C3%A9nergie-300x121.jpg&amp;w=190&amp;h=100&amp;zc=1\" alt=\"Bulle d\u2019\u00e9nergie\" \/><\/a><abbr title=\"2019-07-14T21:54:34+01:00\">&#8230;<\/abbr><\/div>\n<h3><a href=\"http:\/\/www.o-p-i.fr\/aupays\/annuaire\/loisirs\/bulle-denergie\/\" rel=\"bookmark\">Bulle d\u2019\u00e9nergie<\/a><\/h3>\n<\/li>\n<li style=\"list-style-type: none;\">\n<ul>\n<li>\n<div>\n<p><a href=\"http:\/\/www.o-p-i.fr\/aupays\/annuaire\/loisirs\/association-musicale-cantabile\/\"><img decoding=\"async\" title=\"Association musicale Cantabile\" src=\"http:\/\/www.o-p-i.fr\/aupays\/wp-content\/themes\/arras-theme\/library\/timthumb.php?src=http:\/\/www.o-p-i.fr\/aupays\/wp-content\/uploads\/logo_cantabile1.jpg&amp;w=190&amp;h=100&amp;zc=1\" alt=\"Association musicale Cantabile\" \/><\/a><abbr title=\"2017-09-18T12:10:59+00:00\">&#8230;<\/abbr><\/p>\n<p>&nbsp;<\/p>\n<\/div>\n<div><a href=\"http:\/\/www.o-p-i.fr\/aupays\/annuaire\/tourisme\/la-chenaie\/\"><img decoding=\"async\" title=\"La Ch\u00eanaie\" src=\"http:\/\/www.o-p-i.fr\/aupays\/wp-content\/themes\/arras-theme\/library\/timthumb.php?src=http:\/\/www.o-p-i.fr\/aupays\/wp-content\/uploads\/logo_lachenaie.jpg&amp;w=190&amp;h=100&amp;zc=1\" alt=\"La Ch\u00eanaie\" \/><\/a><abbr title=\"2017-12-06T09:45:08+00:00\">&#8230;<\/abbr><\/div>\n<div>\n<p>&#8230;<strong><a href=\"http:\/\/www.o-p-i.fr\/aupays\/annuaire\/tourisme\/la-chenaie\/\">Continuer \u00e0 lire<\/a><\/strong><\/p>\n<p><a href=\"http:\/\/www.o-p-i.fr\/aupays\/annuaire\/loisirs\/lumen-co\/\"><img decoding=\"async\" title=\"Lumen &amp; Co\" src=\"http:\/\/www.o-p-i.fr\/aupays\/wp-content\/themes\/arras-theme\/library\/timthumb.php?src=http:\/\/www.o-p-i.fr\/aupays\/wp-content\/uploads\/logo_lumenandco.jpg&amp;w=190&amp;h=100&amp;zc=1\" alt=\"Lumen &amp; Co\" \/><\/a><\/p>\n<div>\n<p><img decoding=\"async\" title=\"YogaGym\" src=\"http:\/\/www.o-p-i.fr\/aupays\/wp-content\/themes\/arras-theme\/library\/timthumb.php?src=http:\/\/www.o-p-i.fr\/aupays\/wp-content\/uploads\/logo_yogagym.jpg&amp;w=190&amp;h=100&amp;zc=1\" alt=\"YogaGym\" \/><\/p>\n<h3><a href=\"http:\/\/www.o-p-i.fr\/aupays\/opi\/yogagym-2\/\" rel=\"bookmark\">YogaGym<\/a><\/h3>\n<p><strong><a href=\"http:\/\/www.o-p-i.fr\/aupays\/opi\/yogagym-2\/\">Continuer \u00e0 lire<\/a><\/strong><\/p>\n<\/div>\n<\/div>\n<h3><\/h3>\n<div><a href=\"http:\/\/www.o-p-i.fr\/aupays\/annuaire\/loisirs\/song-jing\/\"><img decoding=\"async\" title=\"SONG JING\" src=\"http:\/\/www.o-p-i.fr\/aupays\/wp-content\/themes\/arras-theme\/library\/timthumb.php?src=http:\/\/www.o-p-i.fr\/aupays\/wp-content\/uploads\/logo-SONG-JING.jpg&amp;w=190&amp;h=100&amp;zc=1\" alt=\"SONG JING\" \/><\/a><abbr title=\"2017-09-19T08:56:48+00:00\">&#8230;<\/abbr><\/div>\n<h3><a href=\"http:\/\/www.o-p-i.fr\/aupays\/annuaire\/loisirs\/song-jing\/\" rel=\"bookmark\">SONG JING<br \/>\n<\/a>Qi Gong et Taiji Quan<\/h3>\n<p><strong><a href=\"http:\/\/www.o-p-i.fr\/aupays\/annuaire\/loisirs\/song-jing\/\">Continuer \u00e0 lire<\/a><\/strong><\/li>\n<li>\n<div><a href=\"http:\/\/www.o-p-i.fr\/aupays\/vie-des-communes\/vie-a-montdurausse\/meca-doc\/\"><img decoding=\"async\" title=\"M\u00e9ca d\u2019oc\" src=\"http:\/\/www.o-p-i.fr\/aupays\/wp-content\/themes\/arras-theme\/library\/timthumb.php?src=http:\/\/www.o-p-i.fr\/aupays\/wp-content\/uploads\/MECA-D-OC.jpg&amp;w=190&amp;h=100&amp;zc=1\" alt=\"M\u00e9ca d\u2019oc\" \/><\/a><\/div>\n<h3><a href=\"http:\/\/www.o-p-i.fr\/aupays\/vie-des-communes\/vie-a-montdurausse\/meca-doc\/\" rel=\"bookmark\">M\u00e9ca d\u2019oc<\/a><\/h3>\n<p><strong><a href=\"http:\/\/www.o-p-i.fr\/aupays\/vie-des-communes\/vie-a-montdurausse\/meca-doc\/\">Continuer \u00e0 lire<\/a><\/strong><\/li>\n<li>\n<div><\/div>\n<h3><a href=\"http:\/\/www.o-p-i.fr\/aupays\/opi\/ode-a-soi-e\/\" rel=\"bookmark\">\u00d4de \u00e0 soi.e<\/a><\/h3>\n<div>Nouveau \u00e0 Couffouleux<\/div>\n<p><strong><a href=\"http:\/\/www.o-p-i.fr\/aupays\/opi\/ode-a-soi-e\/\">Continuer \u00e0 lire<\/a><\/strong><\/li>\n<\/ul>\n<\/li>\n<\/ul>\n<div><a href=\"http:\/\/www.o-p-i.fr\/aupays\/annuaire\/loisirs\/la-fille-de-jade\/\"><img decoding=\"async\" title=\"La Fille de Jade\" src=\"http:\/\/www.o-p-i.fr\/aupays\/wp-content\/themes\/arras-theme\/library\/timthumb.php?src=http:\/\/www.o-p-i.fr\/aupays\/wp-content\/uploads\/logo_lafilledejade.jpg&amp;w=190&amp;h=100&amp;zc=1\" alt=\"La Fille de Jade\" \/><\/a><abbr title=\"2017-09-20T13:00:42+00:00\">&#8230;<\/abbr><\/div>\n<h3><a href=\"http:\/\/www.o-p-i.fr\/aupays\/annuaire\/loisirs\/la-fille-de-jade\/\" rel=\"bookmark\">La Fille de Jade<\/a><\/h3>\n<p><strong><a href=\"http:\/\/www.o-p-i.fr\/aupays\/annuaire\/loisirs\/la-fille-de-jade\/\">Continuer \u00e0 lire<\/a><\/strong><\/p>\n<ul>\n<li style=\"list-style-type: none;\">\n<ul>\n<li>\n<h3><a href=\"http:\/\/www.o-p-i.fr\/aupays\/annuaire\/loisirs\/institut-leininger-centre-de-yogatherapie-yoga-therapie-holistique\/\" rel=\"bookmark\"><img decoding=\"async\" title=\"Institut LEININGER, Centre de Yogath\u00e9rapie, YOGA, Th\u00e9rapie holistique\" src=\"http:\/\/www.o-p-i.fr\/aupays\/wp-content\/themes\/arras-theme\/library\/timthumb.php?src=http:\/\/www.o-p-i.fr\/aupays\/wp-content\/uploads\/1-LEININGER-1.jpg&amp;w=190&amp;h=100&amp;zc=1\" alt=\"Institut LEININGER, Centre de Yogath\u00e9rapie, YOGA, Th\u00e9rapie holistique\" \/><br \/>\n<\/a><\/h3>\n<p><strong><a href=\"http:\/\/www.o-p-i.fr\/aupays\/annuaire\/loisirs\/institut-leininger-centre-de-yogatherapie-yoga-therapie-holistique\/\">Continuer \u00e0 lire<\/a><\/strong><\/li>\n<\/ul>\n<\/li>\n<\/ul>\n<p>.<\/p>\n<p>.<\/p>\n<p>.<\/p>\n<p>&nbsp;<\/p>\n<p>&nbsp;<\/p>\n<p>&nbsp;<\/p>\n<p>&nbsp;<\/p>\n<p>&nbsp;<\/td>\n<\/tr>\n<\/tbody>\n<\/table>\n<h3><\/h3>\n<\/td>\n<\/tr>\n<\/tbody>\n<\/table>\n<\/td>\n<\/tr>\n<tr>\n<td colspan=\"2\" bgcolor=\"#FFFFFF\">\n<table border=\"0\" width=\"100%\" cellspacing=\"0\" cellpadding=\"0\">\n<tbody>\n<tr>\n<td colspan=\"7\" valign=\"middle\" bgcolor=\"#99CC01\" height=\"54\">\n<div class=\"Style31\" align=\"center\">\n<div class=\"Style32\" align=\"left\">&#8230; Au Pays des Tescou&rsquo;s &#8230;<\/div>\n<\/div>\n<\/td>\n<\/tr>\n<tr>\n<td valign=\"top\" width=\"20%\" height=\"70\">\n<div align=\"center\"><img data-recalc-dims=\"1\" loading=\"lazy\" decoding=\"async\" src=\"https:\/\/i0.wp.com\/www.o-p-i.fr\/lettre_info\/rubrique_agenda.jpg?resize=200%2C70\" alt=\"Agenda du Pays des Tescou's\" width=\"200\" height=\"70\" longdesc=\"http:\/\/www.o-p-i.fr\/lettre_info\/rubriques_agenda.jpg\" \/><\/div>\n<\/td>\n<td rowspan=\"2\" valign=\"middle\" width=\"3%\">\n<div align=\"center\"><img loading=\"lazy\" decoding=\"async\" src=\"file:\/\/\/G|\/filvert2.jpg\" width=\"0\" height=\"0\" \/><\/div>\n<\/td>\n<td valign=\"top\" width=\"20%\">\n<div align=\"center\"><img data-recalc-dims=\"1\" loading=\"lazy\" decoding=\"async\" src=\"https:\/\/i0.wp.com\/www.o-p-i.fr\/lettre_info\/rubrique_annonce.jpg?resize=200%2C70\" alt=\"Les Petites Annonces\" width=\"200\" height=\"70\" longdesc=\"http:\/\/www.o-p-i.fr\/lettre_info\/rubrique_annonce.jpg\" \/><\/div>\n<\/td>\n<td rowspan=\"2\" valign=\"middle\" width=\"3%\">\n<div align=\"center\"><img loading=\"lazy\" decoding=\"async\" src=\"file:\/\/\/G|\/filvert2.jpg\" width=\"0\" height=\"0\" \/><\/div>\n<\/td>\n<td valign=\"top\" width=\"20%\">\n<div align=\"center\"><img data-recalc-dims=\"1\" loading=\"lazy\" decoding=\"async\" src=\"https:\/\/i0.wp.com\/www.o-p-i.fr\/lettre_info\/rubrique_annuaire.jpg?resize=200%2C70\" alt=\"L'annuaire du Pays des Tescou's\" width=\"200\" height=\"70\" longdesc=\"http:\/\/www.o-p-i.fr\/lettre_info\/bouton_annuaire.jpg\" \/><\/div>\n<\/td>\n<td rowspan=\"2\" valign=\"middle\" width=\"3%\">\n<div align=\"center\"><img loading=\"lazy\" decoding=\"async\" src=\"file:\/\/\/G|\/filvert2.jpg\" width=\"0\" height=\"0\" \/><\/div>\n<\/td>\n<td valign=\"top\" width=\"20%\"><span class=\"Style28\"><img data-recalc-dims=\"1\" loading=\"lazy\" decoding=\"async\" src=\"https:\/\/i0.wp.com\/www.o-p-i.fr\/lettre_info\/rubrique_opi.jpg?resize=162%2C51\" alt=\"OPI et vous ...\" width=\"162\" height=\"51\" longdesc=\"http:\/\/www.o-p-i.fr\/lettre_info\/rubrique_opi.jpg\" \/><\/span><\/td>\n<\/tr>\n<tr>\n<td valign=\"top\"><span class=\"Style14\">Retrouvez les \u00e9v\u00e8nements des 19 villages du Pays des Tescou\u2019s et leurs environs : march\u00e9s, f\u00eates, lotos, vide greniers, expositions\u2026<\/span><\/p>\n<p align=\"center\"><a href=\"http:\/\/www.o-p-i.fr\/aupays\/opi\/agenda\/\"><strong>CLIQUEZ ICI !<\/strong><\/a><\/p>\n<p align=\"center\"><span class=\"Style8\">Nouveau !<\/span><br \/>\n<a href=\"http:\/\/www.o-p-i.fr\/aupays\/opi\/annoncer-un-evenement-dans-parlons-en\/\">Annoncez un \u00e9v\u00e9nement !<\/a><\/p>\n<\/td>\n<td valign=\"top\"><span class=\"Style14\">D\u00e9couvrez les petites annonces pr\u00e8s de chez vous : <\/span><\/p>\n<blockquote><p><span class=\"Style14\"><a href=\"http:\/\/www.o-p-i.fr\/aupays\/annuaire\/animaux\/petites-annonces-animaux\/\" rel=\"bookmark\">Animaux<\/a><br \/>\n<a href=\"http:\/\/www.o-p-i.fr\/aupays\/opi\/petites-annonces-automobile\/\" rel=\"bookmark\">Automobile<\/a><br \/>\n<a href=\"http:\/\/www.o-p-i.fr\/aupays\/petites-annonces\/petites-annonces-immobilier\/\" rel=\"bookmark\">Immobilier<\/a><br \/>\n<a href=\"http:\/\/www.o-p-i.fr\/aupays\/petites-annonces\/petites-annonces-troc\/\" rel=\"bookmark\">Troc<\/a><br \/>\n<a href=\"http:\/\/www.o-p-i.fr\/aupays\/petites-annonces\/petites-annonces-autre\/\" rel=\"bookmark\">Autres&#8230;<\/a><\/span><\/p><\/blockquote>\n<p class=\"Style14\">D\u00e9posez gratuitement votre annonce <a href=\"http:\/\/www.o-p-i.fr\/aupays\/category\/petites-annonces\/\">en cliquant ici ! <\/a><\/p>\n<\/td>\n<td valign=\"top\"><span class=\"Style14\">Retrouvez les associations, entreprises, administrations, de votre village ! <\/span><\/p>\n<p align=\"center\"><a href=\"http:\/\/www.o-p-i.fr\/aupays\/annuaire\/rubriques\/\"><strong>CLIQUEZ ICI !<\/strong><\/a><\/p>\n<p><span class=\"Style14\">Pour r\u00e9f\u00e9rencer votre activit\u00e9 dans l\u2019annuaire, <a href=\"http:\/\/www.o-p-i.fr\/aupays\/opi\/referencez-votre-activite\/\">cliquez ici !<\/a><\/span><\/td>\n<td valign=\"top\"><span class=\"Style33\"><a title=\"Pour soutenir notre action, cliquez l\u00e0 !\" href=\"http:\/\/www.o-p-i.fr\/aupays\/opi\/adherez-a-opi\/\">Je soutiens<br \/>\nO.P.I. !<\/a><span class=\"Style28\"><br \/>\n<\/span><a title=\"Participez aux projets OPI\" href=\"http:\/\/www.o-p-i.fr\/aupays\/non-classe\/je-bouge-avec-opi\/\" target=\"_top\" rel=\"noopener noreferrer\">Je bouge<br \/>\navec O.P.I. !<span class=\"Style28\"><br \/>\n<\/span><\/a><a title=\"Param\u00e9trez vos envois pour Parlons En et Au Pays\" href=\"http:\/\/www.o-p-i.fr\/aupays\/opi\/sabonner-aux-lettres-dinformations\/\">Je g\u00e8re ma lettre d\u2019info.<\/a><\/span><\/td>\n<\/tr>\n<tr>\n<td colspan=\"7\">\n<p align=\"center\"><img decoding=\"async\" src=\"file:\/\/\/G|\/filvert.jpg\" width=\"0\" \/><\/p>\n<\/td>\n<\/tr>\n<tr>\n<td colspan=\"3\" valign=\"top\" height=\"394\">\n<p align=\"center\"><img data-recalc-dims=\"1\" loading=\"lazy\" decoding=\"async\" src=\"https:\/\/i0.wp.com\/www.o-p-i.fr\/lettre_info\/carte_lettre.jpg?resize=400%2C70\" alt=\"La carte du Pays des Tescou's\" width=\"400\" height=\"70\" align=\"top\" \/><\/p>\n<p align=\"center\"><iframe loading=\"lazy\" src=\"http:\/\/maps.google.fr\/maps\/ms?ie=UTF8&amp;hl=fr&amp;msa=0&amp;msid=211767591980209061832.000471f983c594e449671&amp;source=embed&amp;t=m&amp;vpsrc=6&amp;ll=43.957236,1.594391&amp;spn=0.296572,0.547943&amp;z=10&amp;output=embed\" width=\"400\" height=\"250\" frameborder=\"0\" marginwidth=\"0\" marginheight=\"0\" scrolling=\"No\" data-mce-fragment=\"1\"><\/iframe><\/p>\n<p align=\"center\"><span class=\"Style14\"><small>Afficher <a style=\"color: #0000ff; text-align: left;\" href=\"http:\/\/maps.google.fr\/maps\/ms?ie=UTF8&amp;hl=fr&amp;msa=0&amp;msid=211767591980209061832.000471f983c594e449671&amp;source=embed&amp;t=m&amp;vpsrc=6&amp;ll=43.957236,1.594391&amp;spn=0.296572,0.547943&amp;z=10\">OPI des Tescou&rsquo;s<\/a> sur une carte plus grande<br \/>\net retrouvez les infos pratiques par village<\/small><\/span><\/p>\n<\/td>\n<td valign=\"middle\">\n<div align=\"center\"><img loading=\"lazy\" decoding=\"async\" src=\"file:\/\/\/G|\/filvert2.jpg\" width=\"0\" height=\"0\" \/><\/div>\n<\/td>\n<td valign=\"top\">\n<div align=\"center\">\n<p><!-- Facebook Badge START --><\/p>\n<p>&nbsp;<\/p>\n<p><img data-recalc-dims=\"1\" loading=\"lazy\" decoding=\"async\" src=\"https:\/\/i0.wp.com\/www.o-p-i.fr\/lettre_info\/rubrique_fb.jpg?resize=200%2C70\" alt=\"Facebook\" width=\"200\" height=\"70\" align=\"top\" \/><\/p>\n<\/div>\n<p align=\"center\"><a title=\"OPI des Tescou's\" href=\"http:\/\/www.facebook.com\/opidestescous\" target=\"_top\" rel=\"noopener noreferrer\"><img data-recalc-dims=\"1\" loading=\"lazy\" decoding=\"async\" style=\"border: 0px none;\" src=\"https:\/\/i0.wp.com\/badge.facebook.com\/badge\/108816579163467.1287.510364028.png?resize=120%2C142\" width=\"120\" height=\"142\" \/><\/a><\/p>\n<div align=\"center\"><a style=\"font-family: 'lucida grande',tahoma,verdana,arial,sans-serif; font-size: small; font-variant: normal; font-style: normal; text-decoration: underline;\" title=\"OPI des Tescou's\" href=\"http:\/\/www.facebook.com\/opidestescous\" target=\"_top\" rel=\"noopener noreferrer\">OPI des Tescou&rsquo;s<br \/>\nsur Facebook<\/a><br \/>\n<!-- Facebook Badge END --><\/div>\n<\/td>\n<td valign=\"middle\">\n<div align=\"center\"><img loading=\"lazy\" decoding=\"async\" src=\"file:\/\/\/G|\/filvert2.jpg\" width=\"0\" height=\"0\" \/><\/div>\n<\/td>\n<td valign=\"top\"><span class=\"Style16\">Contact :<\/span><\/p>\n<p>OPI des Tescou&rsquo;s<br \/>\nBourriou Haut<br \/>\n81630 SAINT-URCISSE<\/p>\n<p><a href=\"mailto:contact@o-p-i.fr\">contact@o-p-i.fr<\/a><br \/>\n<a href=\"mailto:parlonsen@o-p-i.fr\">parlonsen@o-p-i.fr<\/a><\/td>\n<\/tr>\n<\/tbody>\n<\/table>\n<\/td>\n<\/tr>\n<tr>\n<td colspan=\"2\" bgcolor=\"#F0F0F0\">\n<div align=\"right\">Si vous ne souhaitez plus recevoir la lettre d&rsquo;information d&rsquo;OPI des Tescou&rsquo;s, merci de nous le signaler par mail \u00e0 <a href=\"mailto:contact@o-p-i.fr\">contact@o-p-i.fr<\/a>.<br \/>\nVous pouvez param\u00e9trer les envois <a href=\"http:\/\/www.o-p-i.fr\/aupays\/opi\/sabonner-aux-lettres-dinformations\/\">en cliquant ici<\/a>.<\/div>\n<p align=\"right\"><a href=\"http:\/\/www.o-p-i.fr\/aupays\/opi\/accueil\/\">OPI des Tescou&rsquo;s est une association Loi 190<\/a><\/p>\n<\/td>\n<\/tr>\n<\/tbody>\n<\/table>\n","protected":false},"excerpt":{"rendered":"<div class=\"mh-excerpt\">Jeudi 29 juilllet 2021<\/div>\n","protected":false},"author":4,"featured_media":0,"comment_status":"open","ping_status":"open","sticky":false,"template":"","format":"standard","meta":{"om_disable_all_campaigns":false,"advanced_seo_description":"","jetpack_seo_html_title":"","jetpack_seo_noindex":false,"_jetpack_memberships_contains_paid_content":false,"footnotes":"","_links_to":"","_links_to_target":""},"categories":[52],"tags":[],"class_list":{"0":"post-47903","1":"post","2":"type-post","3":"status-publish","4":"format-standard","6":"category-parlons-en"},"jetpack_featured_media_url":"","views":{"total":0,"cached_at":"","cached_date":1738343935},"jetpack_likes_enabled":true,"jetpack_sharing_enabled":true,"jetpack_shortlink":"https:\/\/wp.me\/pg7Wxj-csD","jetpack-related-posts":[],"_links":{"self":[{"href":"https:\/\/www.o-p-i.fr\/parlonsen\/wp-json\/wp\/v2\/posts\/47903","targetHints":{"allow":["GET"]}}],"collection":[{"href":"https:\/\/www.o-p-i.fr\/parlonsen\/wp-json\/wp\/v2\/posts"}],"about":[{"href":"https:\/\/www.o-p-i.fr\/parlonsen\/wp-json\/wp\/v2\/types\/post"}],"author":[{"embeddable":true,"href":"https:\/\/www.o-p-i.fr\/parlonsen\/wp-json\/wp\/v2\/users\/4"}],"replies":[{"embeddable":true,"href":"https:\/\/www.o-p-i.fr\/parlonsen\/wp-json\/wp\/v2\/comments?post=47903"}],"version-history":[{"count":0,"href":"https:\/\/www.o-p-i.fr\/parlonsen\/wp-json\/wp\/v2\/posts\/47903\/revisions"}],"wp:attachment":[{"href":"https:\/\/www.o-p-i.fr\/parlonsen\/wp-json\/wp\/v2\/media?parent=47903"}],"wp:term":[{"taxonomy":"category","embeddable":true,"href":"https:\/\/www.o-p-i.fr\/parlonsen\/wp-json\/wp\/v2\/categories?post=47903"},{"taxonomy":"post_tag","embeddable":true,"href":"https:\/\/www.o-p-i.fr\/parlonsen\/wp-json\/wp\/v2\/tags?post=47903"}],"curies":[{"name":"wp","href":"https:\/\/api.w.org\/{rel}","templated":true}]}}