{"id":47922,"date":"2021-08-02T19:02:11","date_gmt":"2021-08-02T18:02:11","guid":{"rendered":"https:\/\/www.o-p-i.fr\/parlonsen\/?p=47922"},"modified":"2021-08-03T17:26:08","modified_gmt":"2021-08-03T16:26:08","slug":"jazzic-trio-en-concert-a-saint-urcisse-81","status":"publish","type":"post","link":"https:\/\/www.o-p-i.fr\/parlonsen\/parlons-en\/culture\/jazzic-trio-en-concert-a-saint-urcisse-81\/","title":{"rendered":"\u00ab\u00a0Jazzic trio\u00a0\u00bb en concert &#8230;\u00e0 Saint Urcisse (81)"},"content":{"rendered":"<p><strong>Dimanche 15 ao\u00fbt 2021<\/strong>, \u00e0 18h. \u00e0 l&rsquo;\u00e9glise. <!--more--><\/p>\n<p><img data-recalc-dims=\"1\" loading=\"lazy\" decoding=\"async\" class=\"alignright wp-image-47924\" src=\"https:\/\/i0.wp.com\/www.o-p-i.fr\/parlonsen\/wp-content\/uploads\/jazzic.jpg?resize=600%2C466&#038;ssl=1\" alt=\"\" width=\"600\" height=\"466\" srcset=\"https:\/\/i0.wp.com\/www.o-p-i.fr\/parlonsen\/wp-content\/uploads\/jazzic.jpg?resize=300%2C233&amp;ssl=1 300w, https:\/\/i0.wp.com\/www.o-p-i.fr\/parlonsen\/wp-content\/uploads\/jazzic.jpg?resize=768%2C596&amp;ssl=1 768w, https:\/\/i0.wp.com\/www.o-p-i.fr\/parlonsen\/wp-content\/uploads\/jazzic.jpg?resize=1024%2C795&amp;ssl=1 1024w, https:\/\/i0.wp.com\/www.o-p-i.fr\/parlonsen\/wp-content\/uploads\/jazzic.jpg?resize=750%2C582&amp;ssl=1 750w, https:\/\/i0.wp.com\/www.o-p-i.fr\/parlonsen\/wp-content\/uploads\/jazzic.jpg?resize=400%2C311&amp;ssl=1 400w, https:\/\/i0.wp.com\/www.o-p-i.fr\/parlonsen\/wp-content\/uploads\/jazzic.jpg?resize=430%2C334&amp;ssl=1 430w, https:\/\/i0.wp.com\/www.o-p-i.fr\/parlonsen\/wp-content\/uploads\/jazzic.jpg?resize=150%2C116&amp;ssl=1 150w, https:\/\/i0.wp.com\/www.o-p-i.fr\/parlonsen\/wp-content\/uploads\/jazzic.jpg?resize=100%2C78&amp;ssl=1 100w, https:\/\/i0.wp.com\/www.o-p-i.fr\/parlonsen\/wp-content\/uploads\/jazzic.jpg?w=1567&amp;ssl=1 1567w\" sizes=\"auto, (max-width: 600px) 100vw, 600px\" \/>\u00ab\u00a0Jazzic trio trompette violon guitare en concert eglise de Saint Urcisse 15 ao\u00fbt 18h<br \/>\n3 musiciens classiques autour de compositions festives et swing \u00bb<\/p>\n<p>\u00ab\u00a0Cette d\u00e9marche musicale originale permet de concilier l\u2019h\u00e9ritage de la musique classique europ\u00e9enne avec l\u2019apport du jazz et des musiques modernes \u00bb<\/p>\n<p><strong>Jeremy Lecomte<\/strong><br \/>\nPremier prix de trompette au conservatoire de Versailles ,prix de trompette et musique de chambre au CNSM de Paris, titulaire \u00e0 l\u2019orchestre Pas De Loup, trompetiste de l\u2019ensemble d\u2019harmonie de l\u2019arm\u00e9e de l\u2019air et de l\u2019ensemble \u00abTromba Camerata\u00bb ,laur\u00e9at du concours international de Porcia.<\/p>\n<p><strong>Alice Durand<\/strong><br \/>\nDipl\u00f4me d\u2019\u00e9tudes musicales au conservatoire de Cr\u00e9teil<br \/>\nMa\u00eetrise en musicologie (Sorbonne Paris)<br \/>\nProfesseur de violon dipl\u00f4m\u00e9e (DE)<br \/>\nDirection d\u2019orchestre (conservatoire Corbeille Essonne)<\/p>\n<p><strong>Benoit Lecomte<\/strong><br \/>\nDipl\u00f4m\u00e9 de l \u00c9cole Normale de Musique (Paris) en guitare classique<br \/>\nFormation jazz au CIM. Professeur guitare basse et solf\u00e8ge pendant 30 ans.<br \/>\nFondateur de l\u2019association jazzic diffusion.<br \/>\nUn vinyle et 4 CD produits.<br \/>\nCompositeur Sacem \u00e9dit\u00e9 .<\/p>\n<p>Entr\u00e9e gratuite<\/p>\n<p>Organis\u00e9 par la Mairie de Saint Urcisse et Jazzictrio diffusion<\/p>\n<ul>\n<li><img data-recalc-dims=\"1\" loading=\"lazy\" decoding=\"async\" class=\"alignleft size-full wp-image-47928\" src=\"https:\/\/i0.wp.com\/www.o-p-i.fr\/parlonsen\/wp-content\/uploads\/Sacem.jpg?resize=170%2C75&#038;ssl=1\" alt=\"\" width=\"170\" height=\"75\" srcset=\"https:\/\/i0.wp.com\/www.o-p-i.fr\/parlonsen\/wp-content\/uploads\/Sacem.jpg?w=170&amp;ssl=1 170w, https:\/\/i0.wp.com\/www.o-p-i.fr\/parlonsen\/wp-content\/uploads\/Sacem.jpg?resize=150%2C66&amp;ssl=1 150w, https:\/\/i0.wp.com\/www.o-p-i.fr\/parlonsen\/wp-content\/uploads\/Sacem.jpg?resize=100%2C44&amp;ssl=1 100w\" sizes=\"auto, (max-width: 170px) 100vw, 170px\" \/><\/li>\n<\/ul>\n<p>&nbsp;<\/p>\n<p><em>Information communiqu\u00e9e par Benoit LECOMTE\u00a0<\/em><\/p>\n<p>&nbsp;<\/p>\n<p><a href=\"https:\/\/www.o-p-i.fr\/aupays\/au-pays\/agenda\/\">Retrouvez tous les \u00e9v\u00e9nements dans l&rsquo;agenda !<\/a><\/p>\n","protected":false},"excerpt":{"rendered":"<div class=\"mh-excerpt\">Dimanche 15 ao\u00fbt 2021, \u00e0 18h. \u00e0 l&rsquo;\u00e9glise.<\/div>\n","protected":false},"author":4,"featured_media":0,"comment_status":"open","ping_status":"open","sticky":false,"template":"","format":"standard","meta":{"om_disable_all_campaigns":false,"advanced_seo_description":"","jetpack_seo_html_title":"","jetpack_seo_noindex":false,"_jetpack_memberships_contains_paid_content":false,"footnotes":"","_links_to":"","_links_to_target":""},"categories":[52,1,54,18,4137],"tags":[43,2913,4261],"class_list":{"0":"post-47922","1":"post","2":"type-post","3":"status-publish","4":"format-standard","6":"category-parlons-en","7":"category-culture","8":"category-loisirs","9":"category-saint-urcisse","10":"category-n-185-aout-2021","11":"tag-concert","12":"tag-saint-urcisse","13":"tag-jazzic-trio"},"jetpack_featured_media_url":"","views":{"total":0,"cached_at":"","cached_date":1738505341},"jetpack_likes_enabled":true,"jetpack_sharing_enabled":true,"jetpack_shortlink":"https:\/\/wp.me\/pg7Wxj-csW","jetpack-related-posts":[],"_links":{"self":[{"href":"https:\/\/www.o-p-i.fr\/parlonsen\/wp-json\/wp\/v2\/posts\/47922","targetHints":{"allow":["GET"]}}],"collection":[{"href":"https:\/\/www.o-p-i.fr\/parlonsen\/wp-json\/wp\/v2\/posts"}],"about":[{"href":"https:\/\/www.o-p-i.fr\/parlonsen\/wp-json\/wp\/v2\/types\/post"}],"author":[{"embeddable":true,"href":"https:\/\/www.o-p-i.fr\/parlonsen\/wp-json\/wp\/v2\/users\/4"}],"replies":[{"embeddable":true,"href":"https:\/\/www.o-p-i.fr\/parlonsen\/wp-json\/wp\/v2\/comments?post=47922"}],"version-history":[{"count":0,"href":"https:\/\/www.o-p-i.fr\/parlonsen\/wp-json\/wp\/v2\/posts\/47922\/revisions"}],"wp:attachment":[{"href":"https:\/\/www.o-p-i.fr\/parlonsen\/wp-json\/wp\/v2\/media?parent=47922"}],"wp:term":[{"taxonomy":"category","embeddable":true,"href":"https:\/\/www.o-p-i.fr\/parlonsen\/wp-json\/wp\/v2\/categories?post=47922"},{"taxonomy":"post_tag","embeddable":true,"href":"https:\/\/www.o-p-i.fr\/parlonsen\/wp-json\/wp\/v2\/tags?post=47922"}],"curies":[{"name":"wp","href":"https:\/\/api.w.org\/{rel}","templated":true}]}}