{"id":47929,"date":"2021-08-03T08:29:25","date_gmt":"2021-08-03T07:29:25","guid":{"rendered":"https:\/\/www.o-p-i.fr\/parlonsen\/?p=47929"},"modified":"2021-08-03T08:29:25","modified_gmt":"2021-08-03T07:29:25","slug":"lakaty-en-concert-a-lisle-sur-tarn-81","status":"publish","type":"post","link":"https:\/\/www.o-p-i.fr\/parlonsen\/parlons-en\/culture\/lakaty-en-concert-a-lisle-sur-tarn-81\/","title":{"rendered":"Lakaty en concert &#8230;\u00e0 Lisle sur Tarn (81)"},"content":{"rendered":"<p><strong>Dimanche 8 ao\u00fbt 2021<\/strong>, \u00e0 17h.30 au mus\u00e9e Raymond Lafage.<!--more-->C&rsquo;est dans le cadre de son exposition \u00e9v\u00e9nement <a href=\"https:\/\/www.o-p-i.fr\/parlonsen\/parlons-en\/culture\/exposition-nature-vivante-a-lisle-sur-tarn\/\" target=\"_blank\" rel=\"noopener noreferrer\"><strong><em>\u00ab\u00a0Nature Vivante\u00a0\u00bb<\/em><\/strong> <\/a>d\u00e9di\u00e9e \u00e0 Mikio &amp; Karen WATANAB\u00c9 que le mus\u00e9e Raymond Lafage vous propose \u00ab\u00a0Lakati en concert\u00a0\u00bb<br \/>\nC\u2019est au tout d\u00e9but la rencontre entre Jean-Philippe pianiste et Katy chanteuse r\u00e9aliste et fantaisiste.. Ils reprennent \u00e0 deux, pendant une ann\u00e9e, le r\u00e9pertoire des ann\u00e9es 30 et 40.<br \/>\nAu fil des mois, les arrangements s\u2019orientent vers le swing, le blues, le jazz et le rock. Ils rencontrent alors Muriel et sa contrebasse \u00e9lectrique ainsi que Rapha\u00ebl et sa batterie..<br \/>\nDans un d\u00e9cor haut en couleurs, LaKaty c\u2019est aujourd\u2019\u2019hui 4 musiciens qui reprennent, dans des arrangements bien \u00e0 eux, un r\u00e9pertoire plein d\u2019humour et d\u2019\u00e9motion.<\/p>\n<p><img data-recalc-dims=\"1\" loading=\"lazy\" decoding=\"async\" class=\"size-full wp-image-47930 aligncenter\" src=\"https:\/\/i0.wp.com\/www.o-p-i.fr\/parlonsen\/wp-content\/uploads\/Lakaty.jpg?resize=624%2C883&#038;ssl=1\" alt=\"\" width=\"624\" height=\"883\" srcset=\"https:\/\/i0.wp.com\/www.o-p-i.fr\/parlonsen\/wp-content\/uploads\/Lakaty.jpg?w=624&amp;ssl=1 624w, https:\/\/i0.wp.com\/www.o-p-i.fr\/parlonsen\/wp-content\/uploads\/Lakaty.jpg?resize=212%2C300&amp;ssl=1 212w, https:\/\/i0.wp.com\/www.o-p-i.fr\/parlonsen\/wp-content\/uploads\/Lakaty.jpg?resize=400%2C566&amp;ssl=1 400w, https:\/\/i0.wp.com\/www.o-p-i.fr\/parlonsen\/wp-content\/uploads\/Lakaty.jpg?resize=430%2C608&amp;ssl=1 430w, https:\/\/i0.wp.com\/www.o-p-i.fr\/parlonsen\/wp-content\/uploads\/Lakaty.jpg?resize=150%2C212&amp;ssl=1 150w, https:\/\/i0.wp.com\/www.o-p-i.fr\/parlonsen\/wp-content\/uploads\/Lakaty.jpg?resize=100%2C142&amp;ssl=1 100w\" sizes=\"auto, (max-width: 624px) 100vw, 624px\" \/><\/p>\n<p>&nbsp;<\/p>\n<p>En raison des nouvelles normes sanitaires, une jauge est fix\u00e9e \u00e0 49 spectateurs maximum avec port du masque obligatoire !<br \/>\n<span style=\"color: #ff0000;\">Inscription fortement recommand\u00e9e.<\/span><\/p>\n<p><strong><img data-recalc-dims=\"1\" loading=\"lazy\" decoding=\"async\" class=\"alignleft wp-image-35195\" src=\"https:\/\/i0.wp.com\/www.o-p-i.fr\/parlonsen\/wp-content\/uploads\/lafage-logo.jpg?resize=130%2C116&#038;ssl=1\" alt=\"\" width=\"130\" height=\"116\" \/>Organisateur<\/strong> : Mus\u00e9e Raymond Lafage<\/p>\n<p><strong>Contact<\/strong> : CARRASSUS Anne-Marie<br \/>\nT\u00e9l. :05 63 40 45 45<br \/>\nCourriel : <a href=\"mailto:musee.lislesurtarn@wanadoo.fr\" target=\"_blank\" rel=\"noopener noreferrer\">musee.lislesurtarn@wanadoo.fr<\/a><br \/>\nSite :<a href=\"http:\/\/www.http:\/\/museeraymondlafage.wifeo.com\/\" target=\"_blank\" rel=\"noopener noreferrer\">http:\/\/www.http:\/\/museeraymondlafage.wifeo.com\/<\/a><\/p>\n<p><em>Information communiqu\u00e9e par : Aurore JEAN-AMANS\u00a0<\/em><\/p>\n<p><a href=\"http:\/\/www.o-p-i.fr\/parlonsen\/agenda\/\">Retrouvez tous les \u00e9v\u00e9nements dans l&rsquo;agenda !<\/a><\/p>\n","protected":false},"excerpt":{"rendered":"<div class=\"mh-excerpt\">Dimanche 8 ao\u00fbt 2021, \u00e0 17h.30 au mus\u00e9e Raymond Lafage.<\/div>\n","protected":false},"author":4,"featured_media":0,"comment_status":"open","ping_status":"open","sticky":false,"template":"","format":"standard","meta":{"om_disable_all_campaigns":false,"advanced_seo_description":"","jetpack_seo_html_title":"","jetpack_seo_noindex":false,"_jetpack_memberships_contains_paid_content":false,"footnotes":"","_links_to":"","_links_to_target":""},"categories":[42,1,54,4137],"tags":[43,77,78],"class_list":{"0":"post-47929","1":"post","2":"type-post","3":"status-publish","4":"format-standard","6":"category-a-cote-de-chez-nous","7":"category-culture","8":"category-loisirs","9":"category-n-185-aout-2021","10":"tag-concert","11":"tag-lisle-sur-tarn","12":"tag-musee-raymond-lafage"},"jetpack_featured_media_url":"","views":{"total":0,"cached_at":"","cached_date":1738504672},"jetpack_likes_enabled":true,"jetpack_sharing_enabled":true,"jetpack_shortlink":"https:\/\/wp.me\/pg7Wxj-ct3","jetpack-related-posts":[],"_links":{"self":[{"href":"https:\/\/www.o-p-i.fr\/parlonsen\/wp-json\/wp\/v2\/posts\/47929","targetHints":{"allow":["GET"]}}],"collection":[{"href":"https:\/\/www.o-p-i.fr\/parlonsen\/wp-json\/wp\/v2\/posts"}],"about":[{"href":"https:\/\/www.o-p-i.fr\/parlonsen\/wp-json\/wp\/v2\/types\/post"}],"author":[{"embeddable":true,"href":"https:\/\/www.o-p-i.fr\/parlonsen\/wp-json\/wp\/v2\/users\/4"}],"replies":[{"embeddable":true,"href":"https:\/\/www.o-p-i.fr\/parlonsen\/wp-json\/wp\/v2\/comments?post=47929"}],"version-history":[{"count":0,"href":"https:\/\/www.o-p-i.fr\/parlonsen\/wp-json\/wp\/v2\/posts\/47929\/revisions"}],"wp:attachment":[{"href":"https:\/\/www.o-p-i.fr\/parlonsen\/wp-json\/wp\/v2\/media?parent=47929"}],"wp:term":[{"taxonomy":"category","embeddable":true,"href":"https:\/\/www.o-p-i.fr\/parlonsen\/wp-json\/wp\/v2\/categories?post=47929"},{"taxonomy":"post_tag","embeddable":true,"href":"https:\/\/www.o-p-i.fr\/parlonsen\/wp-json\/wp\/v2\/tags?post=47929"}],"curies":[{"name":"wp","href":"https:\/\/api.w.org\/{rel}","templated":true}]}}