{"id":48178,"date":"2021-09-02T18:30:32","date_gmt":"2021-09-02T17:30:32","guid":{"rendered":"https:\/\/www.o-p-i.fr\/parlonsen\/?p=48178"},"modified":"2021-09-02T21:21:00","modified_gmt":"2021-09-02T20:21:00","slug":"cinemonclar-le-programme-du-vendredi-10-septembre-au-mardi-5-octobre-2021-a-monclar-de-quercy-82","status":"publish","type":"post","link":"https:\/\/www.o-p-i.fr\/parlonsen\/parlons-en\/cinemonclar-le-programme-du-vendredi-10-septembre-au-mardi-5-octobre-2021-a-monclar-de-quercy-82\/","title":{"rendered":"Cin\u00e9Monclar, le programme du vendredi 10 septembre au mardi 5 octobre 2021 ..\u00e0 Monclar de Quercy (82))"},"content":{"rendered":"<p>Voici le programme de votre cin\u00e9ma<!--more--><\/p>\n<p><span style=\"color: #ff0000;\"><strong>Pass sanitaire obligatoire<\/strong><\/span><\/p>\n<ul>\n<li><strong>Vendredi 10 septembre 2021<\/strong>, 21h. Bac Nord\u00a0 <a href=\"https:\/\/www.allocine.fr\/video\/player_gen_cmedia=19589937&amp;cfilm=274530.html\" target=\"_blank\" rel=\"noopener noreferrer\"><em>Pour voir la bande annonce, cliquez ici<\/em><\/a><\/li>\n<li><strong>Dimanche 12 septembre 2021<\/strong>\n<ul>\n<li>17h. Pil\u00a0 <a href=\"https:\/\/www.allocine.fr\/video\/player_gen_cmedia=19593124&amp;cfilm=280964.html\" target=\"_blank\" rel=\"noopener noreferrer\"><em>Pour voir la bande annonce, cliquez ici<\/em><\/a><\/li>\n<li>21h. La terre des hommes <a href=\"https:\/\/www.allocine.fr\/video\/player_gen_cmedia=19589839&amp;cfilm=269515.html\" target=\"_blank\" rel=\"noopener noreferrer\"><em>Pour voir la bande annonce, cliquez ici<\/em><\/a><\/li>\n<\/ul>\n<\/li>\n<li><strong>Mardi 14 septembre 2021,<\/strong> 21h. Onoda 10000 nuit dans la jungleVO\u00a0 <a href=\"https:\/\/www.allocine.fr\/video\/player_gen_cmedia=19592656&amp;cfilm=259606.html\" target=\"_blank\" rel=\"noopener noreferrer\"><em>Pour voir la bande annonce, cliquez ici<\/em><\/a><\/li>\n<li><strong>Vendredi 17 septembre 2021<\/strong>, 21h. France\u00a0 <a href=\"https:\/\/www.allocine.fr\/video\/player_gen_cmedia=19593070&amp;cfilm=271291.html\" target=\"_blank\" rel=\"noopener noreferrer\"><em>Pour voir la bande annonce, cliquez ici<\/em><\/a><\/li>\n<li><strong>Dimanche 19 septembre 2021<\/strong>\n<ul>\n<li>17h. La pat\u2019patrouille\u00a0 <a href=\"https:\/\/www.allocine.fr\/video\/player_gen_cmedia=19592532&amp;cfilm=282238.html\" target=\"_blank\" rel=\"noopener noreferrer\"><em>Pour voir la bande annonce, cliquez ici<\/em><\/a><\/li>\n<li>21h. Tom medina\u00a0 <a href=\"https:\/\/www.allocine.fr\/video\/player_gen_cmedia=19592919&amp;cfilm=280202.html\" target=\"_blank\" rel=\"noopener noreferrer\"><em>Pour voir la bande annonce, cliquez ici<\/em><\/a><\/li>\n<\/ul>\n<\/li>\n<li><strong>Mardi 21 septembre 2021<\/strong>, 21h. La loi de T\u00e9h\u00e9ran VO\u00a0 <a href=\"https:\/\/www.allocine.fr\/video\/player_gen_cmedia=19590055&amp;cfilm=273179.html\" target=\"_blank\" rel=\"noopener noreferrer\"><em>Pour voir la bande annonce, cliquez ici<\/em><\/a><\/li>\n<li><strong>Vendredi 24 septembre 2021<\/strong>, 21h. Reminiscence\u00a0 <a href=\"https:\/\/www.allocine.fr\/video\/player_gen_cmedia=19592529&amp;cfilm=271387.html\" target=\"_blank\" rel=\"noopener noreferrer\"><em>Pour voir la bande annonce, cliquez ici<\/em><\/a><\/li>\n<li><strong>Dimanche 26 septembre 2021<\/strong>\n<ul>\n<li>17h. Shan-Chi et la l\u00e9gende des dix anneaux\u00a0 <a href=\"https:\/\/www.bing.com\/videos\/search?q=Shan-Chi+et+la+l%c3%a9gende+des+dix+anneaux+vf&amp;docid=608022727639041168&amp;mid=84D26553AE9D3AC3A49784D26553AE9D3AC3A497&amp;view=detail&amp;FORM=VIRE\" target=\"_blank\" rel=\"noopener noreferrer\"><em>Pour voir la bande annonce, cliquez ici<\/em><\/a><\/li>\n<li>21h. Serre-moi fort\u00a0 <a href=\"https:\/\/www.allocine.fr\/video\/player_gen_cmedia=19592931&amp;cfilm=271838.html\" target=\"_blank\" rel=\"noopener noreferrer\"><em>Pour voir la bande annonce, cliquez ici<\/em><\/a><\/li>\n<\/ul>\n<\/li>\n<li><strong>Mardi 28 septembre 2021<\/strong>, 21h. Drive my car VO\u00a0 <a href=\"https:\/\/www.allocine.fr\/video\/player_gen_cmedia=19593360&amp;cfilm=293106.html\" target=\"_blank\" rel=\"noopener noreferrer\"><em>Pour voir la bande annonce, cliquez ici<\/em><\/a><\/li>\n<li><strong>Vendredi 1 octobre 2021,<\/strong> 21h. Boite noire\u00a0 <a href=\"https:\/\/www.allocine.fr\/video\/player_gen_cmedia=19589606&amp;cfilm=274204.html\" target=\"_blank\" rel=\"noopener noreferrer\"><em>Pour voir la bande annonce, cliquez ici<\/em><\/a><\/li>\n<li><strong>Dimanche 3 octobre 202<\/strong>1\n<ul>\n<li>17h. D\u2019artagnan et les trois mousquetaires\u00a0 <a href=\"https:\/\/www.allocine.fr\/video\/player_gen_cmedia=19592932&amp;cfilm=252035.html\" target=\"_blank\" rel=\"noopener noreferrer\"><em>Pour voir la bande annonce, cliquez ici<\/em><\/a><\/li>\n<li>21h. Une histoire d\u2019amour et de d\u00e9sir\u00a0 <a href=\"https:\/\/www.allocine.fr\/video\/player_gen_cmedia=19593102&amp;cfilm=273909.html\" target=\"_blank\" rel=\"noopener noreferrer\"><em>Pour voir la bande annonce, cliquez ici<\/em><\/a><\/li>\n<\/ul>\n<\/li>\n<li><strong>Mardi 5 octobre 2021<\/strong>, 21h. Chers Camarades ! VO\u00a0 <a href=\"https:\/\/www.allocine.fr\/video\/player_gen_cmedia=19593433&amp;cfilm=285495.html\" target=\"_blank\" rel=\"noopener noreferrer\"><em>Pour voir la bande annonce, cliquez ici<\/em><\/a><\/li>\n<\/ul>\n<p>Pour t\u00e9l\u00e9charger le programme illustr\u00e9 n\u00b0 97 cliquez ici: <strong><a href=\"https:\/\/www.o-p-i.fr\/parlonsen\/wp-content\/uploads\/Prog98SeptOct.pdf\" target=\"_blank\" rel=\"noopener noreferrer\">Prog98SeptOct<\/a><\/strong><\/p>\n<div><em>Information communiqu\u00e9e par Guy ROUMAGNAC<\/em><\/div>\n","protected":false},"excerpt":{"rendered":"<div class=\"mh-excerpt\">Voici le programme de votre cin\u00e9ma<\/div>\n","protected":false},"author":4,"featured_media":0,"comment_status":"open","ping_status":"open","sticky":false,"template":"","format":"standard","meta":{"om_disable_all_campaigns":false,"advanced_seo_description":"","jetpack_seo_html_title":"","jetpack_seo_noindex":false,"_jetpack_memberships_contains_paid_content":false,"footnotes":"","_links_to":"","_links_to_target":""},"categories":[52],"tags":[],"class_list":{"0":"post-48178","1":"post","2":"type-post","3":"status-publish","4":"format-standard","6":"category-parlons-en"},"jetpack_featured_media_url":"","views":{"total":0,"cached_at":"","cached_date":1738353754},"jetpack_likes_enabled":true,"jetpack_sharing_enabled":true,"jetpack_shortlink":"https:\/\/wp.me\/pg7Wxj-cx4","jetpack-related-posts":[],"_links":{"self":[{"href":"https:\/\/www.o-p-i.fr\/parlonsen\/wp-json\/wp\/v2\/posts\/48178","targetHints":{"allow":["GET"]}}],"collection":[{"href":"https:\/\/www.o-p-i.fr\/parlonsen\/wp-json\/wp\/v2\/posts"}],"about":[{"href":"https:\/\/www.o-p-i.fr\/parlonsen\/wp-json\/wp\/v2\/types\/post"}],"author":[{"embeddable":true,"href":"https:\/\/www.o-p-i.fr\/parlonsen\/wp-json\/wp\/v2\/users\/4"}],"replies":[{"embeddable":true,"href":"https:\/\/www.o-p-i.fr\/parlonsen\/wp-json\/wp\/v2\/comments?post=48178"}],"version-history":[{"count":0,"href":"https:\/\/www.o-p-i.fr\/parlonsen\/wp-json\/wp\/v2\/posts\/48178\/revisions"}],"wp:attachment":[{"href":"https:\/\/www.o-p-i.fr\/parlonsen\/wp-json\/wp\/v2\/media?parent=48178"}],"wp:term":[{"taxonomy":"category","embeddable":true,"href":"https:\/\/www.o-p-i.fr\/parlonsen\/wp-json\/wp\/v2\/categories?post=48178"},{"taxonomy":"post_tag","embeddable":true,"href":"https:\/\/www.o-p-i.fr\/parlonsen\/wp-json\/wp\/v2\/tags?post=48178"}],"curies":[{"name":"wp","href":"https:\/\/api.w.org\/{rel}","templated":true}]}}