{"id":4830,"date":"2010-09-13T18:08:40","date_gmt":"2010-09-13T16:08:40","guid":{"rendered":"\/parlonsen\/?p=4830"},"modified":"2019-05-25T17:54:29","modified_gmt":"2019-05-25T16:54:29","slug":"les-journees-europeennes-du-patrimoine-dans-le-tarn","status":"publish","type":"post","link":"https:\/\/www.o-p-i.fr\/parlonsen\/parlons-en\/culture\/les-journees-europeennes-du-patrimoine-dans-le-tarn\/","title":{"rendered":"Les Journ\u00e9es europ\u00e9ennes du Patrimoine dans le Tarn"},"content":{"rendered":"<p style=\"text-align: justify;\">Les monuments conserv\u00e9s par des hommes et des femmes passionn\u00e9s, les traces laiss\u00e9es dans les paysages et dans les esprits par celles et ceux qui les ont construits ou habit\u00e9s : pour leur <span style=\"color: #993300;\"><strong>27e \u00e9dition, les Journ\u00e9es europ\u00e9ennes du patrimoine<\/strong><\/span> c\u00e9l\u00e8breront la grande histoire du patrimoine collectif \u00e0 travers les lieux marqu\u00e9s par l\u2019empreinte des \u00ab <span style=\"color: #993300;\"><strong>grands hommes<\/strong><\/span> \u00bb les<span style=\"color: #993300;\"><strong> Samedi 18 et Dimanche 19 Septembre 2010<\/strong><\/span>.<!--more--><\/p>\n<blockquote style=\"text-align: justify;\">\n<p style=\"text-align: justify;\"><span style=\"color: #993300;\"><strong>Au Pays des Tescou&rsquo;s :<\/strong><\/span><br \/>\n<span style=\"color: #993300;\">SALVAGNAC, LA SAUZI\u00c8RE SAINT JEAN, SAINT URCISSE, LES BARRI\u00c8RES<br \/>\n<\/span><\/p>\n<ul style=\"text-align: justify;\">\n<li>\u00c9GLISES : PORTES OUVERTES Nicola\u00ef GRESCHNY.<\/li>\n<\/ul>\n<p style=\"text-align: justify;\">D\u00e9couverte des fresques de Nicola\u00ef Greschny dans les \u00e9glises de Salvagnac, Saint Urcisse et Saint-G\u00e9rard d\u2019Amissart.<br \/>\nGratuit- Renseignements : 05 63 33 57 84<\/p>\n<ul style=\"text-align: justify;\">\n<li> \u00c9GLISE NOTRE DAME : VISITES ACCOMPAGN\u00c9ES DU TR\u00c9SOR D&rsquo;ART SACR\u00c9<\/li>\n<\/ul>\n<p style=\"text-align: justify;\">le samedi 10h, 15h et 17h et le dimanche \u00e0 15h et 17h. .<br \/>\n&#8211; Gratuit &#8211; Renseignements : 05 63 33 57 84<\/p>\n<ul style=\"text-align: justify;\">\n<li> AU CONSERVATOIRE DE L&rsquo;OUTILLAGE DU PAYS DES BASTIDES.<\/li>\n<\/ul>\n<p style=\"text-align: justify;\">Ouverture samedi et dimanche de 14h \u00e0 18h.<br \/>\nTarif r\u00e9duit : 1\u20ac. Renseignements : 05 63 33 57 84<\/p>\n<p style=\"text-align: justify;\"><span style=\"color: #993300;\">CASTELNAU DE MONTMIRAL<\/span><\/p>\n<ul>\n<li>A L\u2019\u00c9GLISE NOTRE DAME DE L\u2019ASSOMPTION : Entr\u00e9e libre de 9h \u00e0 18h30<\/li>\n<\/ul>\n<ul>\n<li>A LA M\u00c9DIATH\u00c8QUE CHARLES PORTAL : \u00e0 partir de 16h et jusqu\u2019\u00e0 18h, Contes et Histoires de grands hommes : les hommes qui ont marqu\u00e9 l\u2019histoire du village et du Tarn : Charles Portal, Jean-Fran\u00e7ois Galaup de Lap\u00e9rouse et Jean Jaur\u00e8s.<\/li>\n<\/ul>\n<ul>\n<li>VISITE COMMENT\u00c9E DANS LE VILLAGE : \u00e0 17h, rendez-vous devant l\u2019Office de Tourisme. Visite guid\u00e9e de Castelnau de Montmiral sur le th\u00e8me des grands hommes : Raymond VII Comte de Toulouse, Louis XIII, Simone de Beauvoir, etc. Gratuit.<\/li>\n<\/ul>\n<p style=\"padding-left: 30px;\">Organis\u00e9 par l\u2019Office de Tourisme, renseignements : 05 63 33 15 11<\/p>\n<ul>\n<li>VISITE DU CHATEAU DE MAYRAGUES : Organis\u00e9 par les propri\u00e9taires du ch\u00e2teau, Mr et Mme Geddes. Ch\u00e2teau construit aux 13\u00e8me et 14\u00e8me si\u00e8cles, l\u2019un des quelques exemples de survie de l\u2019architecture locale, r\u00e9compens\u00e9 en 1998 avec un prix des Vieilles Maisons Fran\u00e7aises, class\u00e9 b\u00e2timent historique.  Samedi et dimanche de 14h30 \u00e0 18h30, visites comment\u00e9es toutes les heures.<\/li>\n<\/ul>\n<p style=\"padding-left: 30px;\">Renseignements : 05 63 33 15 11 ou 05 63 33 94 08. Gratuit<\/p>\n<p><span style=\"color: #993300;\"><strong><br \/>\nEt \u00e0 c\u00f4t\u00e9 de chez nous :<\/strong><\/span><br \/>\n<span style=\"color: #993300;\">GAILLAC<\/span><\/p>\n<ul style=\"text-align: justify;\">\n<li> AU MUS\u00c9E\u00a0 DES BEAUX ARTS : Visite libre des collections permanentes, Visite comment\u00e9e de l\u2019expo \u00ab Sanfourche \u00bb \u00e0 15h et 16h30. Tarif 2,50\u20ac commentaire gratuit.<\/li>\n<\/ul>\n<ul style=\"text-align: justify;\">\n<li> AU MUS\u00c9UM D\u2019HISTOIRE NATURELLE : Visite libre<\/li>\n<\/ul>\n<ul style=\"text-align: justify;\">\n<li> AU MUS\u00c9E DE L\u2019ABBAYE : Visite libre + Visite comment\u00e9e le dimanche \u00e0 11h<\/li>\n<\/ul>\n<ul style=\"text-align: justify;\">\n<li> AUX ARCHIVES MUNICIPALES : Visite libre de la tour Pierre de Brens le dimanche de 14h \u00e0 18h<\/li>\n<\/ul>\n<ul style=\"text-align: justify;\">\n<li> A LA M\u00c9DIATH\u00c8QUE : Samedi \u00e0 15h CONF\u00c9RENCE \u00ab La vigne, \u00e9l\u00e9ment du patrimoine Gaillacois \u00bb par Robert Plageoles, gratuit<\/li>\n<\/ul>\n<ul style=\"text-align: justify;\">\n<li> A L\u2019ABBATIALE St MICHEL : Entr\u00e9e libre de 9h \u00e0 18h<\/li>\n<\/ul>\n<ul style=\"text-align: justify;\">\n<li> A L&rsquo;\u00c9GLISE ST PIERRE : Entr\u00e9e libre de 9h \u00e0 18h<\/li>\n<\/ul>\n<ul style=\"text-align: justify;\">\n<li> A L&rsquo;\u00c9GLISE DE VORS : Samedi \u00e0 partir de 14h30 et le dimanche \u00e0 10h30, 14h30, 15h et 16h<\/li>\n<\/ul>\n<p style=\"text-align: justify;\"><span style=\"color: #993300;\">GRAULHET<\/span><\/p>\n<ul style=\"text-align: justify;\">\n<li> A L\u2019HOSTELLERIE DU LYON D\u2019OR : Class\u00e9e \u00e0 l&rsquo;inventaire des Monuments Historiques. Les animations de ces journ\u00e9es se feront autour du th\u00e8me \u00ab\u00a0Le ch\u00e2teau fort et son \u00e9volution\u00a0\u00bb puisqu&rsquo;il est fait mention du ch\u00e2teau de Graulhet d\u00e8s le Xe si\u00e8cle. Diaporama sur les tr\u00e9sors cach\u00e9s de notre cit\u00e9 m\u00e9di\u00e9vale, visites guid\u00e9es du quartier de Panessac pour comprendre la vie au Moyen-\u00e2ge et les techniques de construction de l&rsquo;\u00e9poque: d\u00e9part des visites \u00e0 10h, 11h, 14h, 15h, 16h de l&rsquo;Hostellerie du Lyon d&rsquo;Or.<\/li>\n<\/ul>\n<p style=\"text-align: justify; padding-left: 30px;\">Ap\u00e9ritif m\u00e9di\u00e9val: samedi 18 Septembre \u00e0 l&rsquo;Hostellerie du Lyon d&rsquo;Or \u00e0 12h15.<\/p>\n<p style=\"text-align: justify; padding-left: 30px;\">Animations enfants\/jeunes: exposition sur les ch\u00e2teaux au Moyen-\u00e2ge, \u00e9volution du b\u00e2ti des ch\u00e2teaux forts.<\/p>\n<p style=\"text-align: justify; padding-left: 30px;\">15h : jeu questions-r\u00e9ponses pour les 6-12 ans avec lots \u00e0 gagner, suivi samedi d&rsquo;un go\u00fbter m\u00e9di\u00e9val \u00e0 l&rsquo;Hostellerie du Lyon d&rsquo;Or.<br \/>\nContact Mairie Graulhet : 05 63 42 85 50. Gratuit<\/p>\n<ul style=\"text-align: justify;\">\n<li> A LA MAISON DES M\u00c9TIERS DU CUIR : Visites guid\u00e9es \u00e0 10h, 11h, 15h, 16h, 17h.<\/li>\n<\/ul>\n<ul style=\"text-align: justify;\">\n<li> A L\u2019\u00c9GLISE SAINT MEME DE GAIRAC : Dans le cadre des journ\u00e9es du patrimoine, l&rsquo;\u00e9glise Saint M\u00e9my de Ga\u00efrac (fin XVe &#8211; d\u00e9but XVIe, modifi\u00e9e au XIXe si\u00e8cle) vous fait d\u00e9couvrir les d\u00e9tails de son histoire. D\u00e9couvrez ce patrimoine rural t\u00e9moin de la vie champ\u00eatre de la cit\u00e9 \u00e0 travers les croix des chemins, croix de rogations, croix de mission, qu&rsquo;elles soient en pierre, en fer forg\u00e9, en fonte, elles vous conteront la vie des champs tout au long des si\u00e8cles. Exposition de photos de 14h \u00e0 18h<\/li>\n<\/ul>\n<p style=\"text-align: justify;\"><span style=\"color: #993300;\">LISLE SUR TARN<\/span><\/p>\n<ul style=\"text-align: justify;\">\n<li> AU MUS\u00c9E RAYMOND LAFAGE : Samedi \u00e0 15h30 CONF\u00c9RENCE sur l\u2019importance du dessin au XVII \u00e8m si\u00e8cle conduite par L\u00e9o Minois. Doctorant, th\u00e8se en cours sur la figure du Roi dans l\u2019art religieux, d\u2019 Henri IV \u00e0 Louis XIV.<\/li>\n<\/ul>\n<p style=\"text-align: justify; padding-left: 30px;\">Dimanche \u00e0 17h30 Spectacle men\u00e9 par l\u2019association\u00a0 OC\u2019 Tradou, mettant en sc\u00e8ne un \u00e9chantillon des c\u00e9l\u00e8bres Fables de la Fontaine, sur fond de musique et chants occitans.<br \/>\nContact : 05 63 40 45 45<\/p>\n<p style=\"text-align: justify;\"><span style=\"color: #993300;\">MONTANS<\/span><\/p>\n<ul style=\"text-align: justify;\">\n<li> A L\u2019 ARCHEOSITE : de 14h \u00e0 18h, prestation de R\u00e9gis Anchuclo, jeune ma\u00eetre verrier qui vous fera d\u00e9couvrir les myst\u00e8res de la fabrication et du maniement de la p\u00e2te de verre. Tout public. Gratuit<\/li>\n<\/ul>\n<p style=\"text-align: justify;\"><span style=\"color: #993300;\">RABASTENS<\/span><\/p>\n<ul style=\"text-align: justify;\">\n<li> A L\u2019 \u00c9GLISE DE ST GERY : les membres de l&rsquo;association ouvriront l&rsquo;\u00e9glise (du 13\u00e8 si\u00e8cle ),de 10h \u00e0 18h et assureront une permanence pour la faire visiter \u00e0 tous ceux qui le souhaitent. Parall\u00e8lement se d\u00e9roulera une exposition rassemblant un sculpteur sur bois : Francis Gouty et 2 peintres de registres tr\u00e8s diff\u00e9rents : Marcel Bessette pour la peinture abstraite et Adrienne Ravaille avec une peinture plus figurative.<br \/>\nEntr\u00e9e Libre.<br \/>\nContact :\u00a0 M. Jean Marc GUITTARD &#8211; 05.63.40.21.27 &#8211; Restauration et conservation de l&rsquo;\u00e9glise de Saint-G\u00e9ry<\/li>\n<\/ul>\n<p style=\"text-align: justify;\">\n<ul style=\"text-align: justify;\">\n<li> VISITES COMMENT\u00c9ES DE RABASTENS.<br \/>\nRendez-Vous devant la Mairie de Rabastens \u00e0 15h. Venez d\u00e9couvrir l&rsquo;\u00e9glise Notre Dame du Bourg, les h\u00f4tels particuliers de Rabastens (H\u00f4tel de Rolland, H\u00f4tel Tolozani, H\u00f4tel de la Fite) et son centre ville.<br \/>\nRenseignements : Mus\u00e9e du Pays Rabastinois &#8211; 2, rue Am\u00e9d\u00e9e Clausade &#8211; 05 63 40 65 65<\/li>\n<\/ul>\n<p><em>Source : Office de Tourisme du Pays des Bastides &#8211; <a href=\"https:\/\/www.o-p-i.fr\/parlonsen\/wp-content\/uploads\/journaes_patrimoine_sept2010.pdf\">T\u00e9l\u00e9charger le programme au format PDF<\/a><\/em><\/p><\/blockquote>\n<p style=\"text-align: justify;\"><a title=\"Ouvre le site dans une nouvelle fen\u00eatre\" href=\"http:\/\/www.journeesdupatrimoine.culture.fr\/presentation\/les-journees-europeennes-du-patrimoine\" target=\"_blank\" rel=\"noopener noreferrer\">En savoir + sur les Journ\u00e9es du Patrimoine<\/a><\/p>\n<p style=\"text-align: justify;\"><a href=\"https:\/\/www.o-p-i.fr\/parlonsen\/agenda\/\"><strong>Retrouvez tous les \u00e9v\u00e8nements dans l&rsquo;agenda !<\/strong><\/a><\/p>\n","protected":false},"excerpt":{"rendered":"<div class=\"mh-excerpt\">Les monuments conserv\u00e9s par des hommes et des femmes passionn\u00e9s, les traces laiss\u00e9es dans les paysages et dans les esprits par celles et ceux qui les ont construits ou habit\u00e9s : pour leur 27e \u00e9dition, <a class=\"mh-excerpt-more\" href=\"https:\/\/www.o-p-i.fr\/parlonsen\/parlons-en\/culture\/les-journees-europeennes-du-patrimoine-dans-le-tarn\/\" title=\"Les Journ\u00e9es europ\u00e9ennes du Patrimoine dans le Tarn\">[&#8230;]<\/a><\/div>\n","protected":false},"author":2,"featured_media":0,"comment_status":"open","ping_status":"open","sticky":false,"template":"","format":"standard","meta":{"om_disable_all_campaigns":false,"advanced_seo_description":"","jetpack_seo_html_title":"","jetpack_seo_noindex":false,"_jetpack_memberships_contains_paid_content":false,"footnotes":"","_links_to":"","_links_to_target":""},"categories":[23,22,42,1,24,54,648,6,18,25,653],"tags":[2913,2548,72,78,2547,158,172,215,504,505,506,568,656],"class_list":{"0":"post-4830","1":"post","2":"type-post","3":"status-publish","4":"format-standard","6":"category-au-dela-du-pays","7":"category-castelnau","8":"category-a-cote-de-chez-nous","9":"category-culture","10":"category-la-sauziere-saint-jean","11":"category-loisirs","12":"category-cest-la-rentree","13":"category-pratique","14":"category-saint-urcisse","15":"category-salvagnac","16":"category-n-53-septembre-2010","17":"tag-saint-urcisse","18":"tag-salvagnac","19":"tag-rabastens","20":"tag-musee-raymond-lafage","21":"tag-la-sauziere-saint-jean","22":"tag-castelnau-de-montmiral","23":"tag-exposition","24":"tag-gaillac","25":"tag-archeosite","26":"tag-montans","27":"tag-musee","28":"tag-sortie","29":"tag-les-barrieres"},"jetpack_featured_media_url":"","views":{"total":0,"cached_at":"","cached_date":1738516793},"jetpack_likes_enabled":true,"jetpack_sharing_enabled":true,"jetpack_shortlink":"https:\/\/wp.me\/pg7Wxj-1fU","jetpack-related-posts":[],"_links":{"self":[{"href":"https:\/\/www.o-p-i.fr\/parlonsen\/wp-json\/wp\/v2\/posts\/4830","targetHints":{"allow":["GET"]}}],"collection":[{"href":"https:\/\/www.o-p-i.fr\/parlonsen\/wp-json\/wp\/v2\/posts"}],"about":[{"href":"https:\/\/www.o-p-i.fr\/parlonsen\/wp-json\/wp\/v2\/types\/post"}],"author":[{"embeddable":true,"href":"https:\/\/www.o-p-i.fr\/parlonsen\/wp-json\/wp\/v2\/users\/2"}],"replies":[{"embeddable":true,"href":"https:\/\/www.o-p-i.fr\/parlonsen\/wp-json\/wp\/v2\/comments?post=4830"}],"version-history":[{"count":0,"href":"https:\/\/www.o-p-i.fr\/parlonsen\/wp-json\/wp\/v2\/posts\/4830\/revisions"}],"wp:attachment":[{"href":"https:\/\/www.o-p-i.fr\/parlonsen\/wp-json\/wp\/v2\/media?parent=4830"}],"wp:term":[{"taxonomy":"category","embeddable":true,"href":"https:\/\/www.o-p-i.fr\/parlonsen\/wp-json\/wp\/v2\/categories?post=4830"},{"taxonomy":"post_tag","embeddable":true,"href":"https:\/\/www.o-p-i.fr\/parlonsen\/wp-json\/wp\/v2\/tags?post=4830"}],"curies":[{"name":"wp","href":"https:\/\/api.w.org\/{rel}","templated":true}]}}