{"id":48390,"date":"2021-09-28T19:16:18","date_gmt":"2021-09-28T18:16:18","guid":{"rendered":"https:\/\/www.o-p-i.fr\/parlonsen\/?p=48390"},"modified":"2021-09-30T18:56:02","modified_gmt":"2021-09-30T17:56:02","slug":"degustation-de-mots-gourmands-a-castelnau-de-montmiral-81","status":"publish","type":"post","link":"https:\/\/www.o-p-i.fr\/parlonsen\/parlons-en\/culture\/degustation-de-mots-gourmands-a-castelnau-de-montmiral-81\/","title":{"rendered":"D\u00e9gustation de \u00ab\u00a0mots gourmands\u00a0\u00bb&#8230;\u00e0 Castelnau de Montmiral (81)"},"content":{"rendered":"<p><strong>Samedi 16 octobre 2021,<\/strong> \u00e0 17h.30 \u00e0 la m\u00e9diath\u00e8que. <!--more--><img data-recalc-dims=\"1\" loading=\"lazy\" decoding=\"async\" class=\"alignright wp-image-48391\" src=\"https:\/\/i0.wp.com\/www.o-p-i.fr\/parlonsen\/wp-content\/uploads\/mots.jpg?resize=250%2C139&#038;ssl=1\" alt=\"\" width=\"250\" height=\"139\" srcset=\"https:\/\/i0.wp.com\/www.o-p-i.fr\/parlonsen\/wp-content\/uploads\/mots.jpg?w=180&amp;ssl=1 180w, https:\/\/i0.wp.com\/www.o-p-i.fr\/parlonsen\/wp-content\/uploads\/mots.jpg?resize=150%2C83&amp;ssl=1 150w, https:\/\/i0.wp.com\/www.o-p-i.fr\/parlonsen\/wp-content\/uploads\/mots.jpg?resize=100%2C56&amp;ssl=1 100w\" sizes=\"auto, (max-width: 250px) 100vw, 250px\" \/>Dans le cadre de la programmation culturelle d\u00e9partementale MIAM et \u00e0 l&rsquo;occasion de la semaine du go\u00fbt, la m\u00e9diath\u00e8que Charles Portal vous convie \u00e0 une d\u00e9gustation de lectures et une mise en bouche de mots gourmands.<\/p>\n<p>Apr\u00e8s avoir entendu les plaisirs gustatifs d&rsquo;auteurs et fait nos d\u00e9lices de la collection \u00ab\u00a0exquis d&rsquo;\u00e9crivains\u00a0\u00bb, nous mettrons nos mots gourmands dans la marmite de la m\u00e9diath\u00e8que.<\/p>\n<p>Cette animation gratuite et ouverte \u00e0 tous aura lieu le samedi 16 octobre \u00e0 17h30, passe sanitaire et masque obligatoire.<\/p>\n<p><strong>M\u00e9diath\u00e8que Charles Portal,<\/strong><br \/>\n4 rue du commerce,<br \/>\n81140 Castelnau de Montmiral<br \/>\nOuverture: les mardis de 10 \u00e0 12h, les mercredis et samedis de16 \u00e0 18h<br \/>\nt\u00e9l : 05 63 33 81 81 aux heures d&rsquo;ouverture<\/p>\n<p><em>Information communiqu\u00e9e pae Florence DESFORGES<\/em><\/p>\n<p><a href=\"https:\/\/www.o-p-i.fr\/aupays\/au-pays\/agenda\/\">Retrouvez tous les \u00e9v\u00e9nements dans l&rsquo;agenda !<\/a><\/p>\n<p>&nbsp;<\/p>\n","protected":false},"excerpt":{"rendered":"<div class=\"mh-excerpt\">Samedi 16 octobre 2021, \u00e0 17h.30 \u00e0 la m\u00e9diath\u00e8que.<\/div>\n","protected":false},"author":4,"featured_media":0,"comment_status":"open","ping_status":"open","sticky":false,"template":"","format":"standard","meta":{"om_disable_all_campaigns":false,"advanced_seo_description":"","jetpack_seo_html_title":"","jetpack_seo_noindex":false,"_jetpack_memberships_contains_paid_content":false,"footnotes":"","_links_to":"","_links_to_target":""},"categories":[22,1,54,4292],"tags":[158,1514,3063,4092],"class_list":{"0":"post-48390","1":"post","2":"type-post","3":"status-publish","4":"format-standard","6":"category-castelnau","7":"category-culture","8":"category-loisirs","9":"category-n-187-octobre-2021","10":"tag-castelnau-de-montmiral","11":"tag-mediatheque","12":"tag-charles-portal","13":"tag-miam"},"jetpack_featured_media_url":"","views":{"total":0,"cached_at":"","cached_date":1738285258},"jetpack_likes_enabled":true,"jetpack_sharing_enabled":true,"jetpack_shortlink":"https:\/\/wp.me\/pg7Wxj-cAu","jetpack-related-posts":[],"_links":{"self":[{"href":"https:\/\/www.o-p-i.fr\/parlonsen\/wp-json\/wp\/v2\/posts\/48390","targetHints":{"allow":["GET"]}}],"collection":[{"href":"https:\/\/www.o-p-i.fr\/parlonsen\/wp-json\/wp\/v2\/posts"}],"about":[{"href":"https:\/\/www.o-p-i.fr\/parlonsen\/wp-json\/wp\/v2\/types\/post"}],"author":[{"embeddable":true,"href":"https:\/\/www.o-p-i.fr\/parlonsen\/wp-json\/wp\/v2\/users\/4"}],"replies":[{"embeddable":true,"href":"https:\/\/www.o-p-i.fr\/parlonsen\/wp-json\/wp\/v2\/comments?post=48390"}],"version-history":[{"count":0,"href":"https:\/\/www.o-p-i.fr\/parlonsen\/wp-json\/wp\/v2\/posts\/48390\/revisions"}],"wp:attachment":[{"href":"https:\/\/www.o-p-i.fr\/parlonsen\/wp-json\/wp\/v2\/media?parent=48390"}],"wp:term":[{"taxonomy":"category","embeddable":true,"href":"https:\/\/www.o-p-i.fr\/parlonsen\/wp-json\/wp\/v2\/categories?post=48390"},{"taxonomy":"post_tag","embeddable":true,"href":"https:\/\/www.o-p-i.fr\/parlonsen\/wp-json\/wp\/v2\/tags?post=48390"}],"curies":[{"name":"wp","href":"https:\/\/api.w.org\/{rel}","templated":true}]}}