{"id":48559,"date":"2021-10-15T11:01:54","date_gmt":"2021-10-15T10:01:54","guid":{"rendered":"https:\/\/www.o-p-i.fr\/parlonsen\/?p=48559"},"modified":"2021-10-15T13:01:13","modified_gmt":"2021-10-15T12:01:13","slug":"le-manoir-de-mortevielle-theatre-a-montauban-82","status":"publish","type":"post","link":"https:\/\/www.o-p-i.fr\/parlonsen\/parlons-en\/culture\/le-manoir-de-mortevielle-theatre-a-montauban-82\/","title":{"rendered":"\u00ab\u00a0Le manoir de Mortevielle\u00a0\u00bb th\u00e9\u00e2tre&#8230;\u00e0 Montauban (82)"},"content":{"rendered":"<p><strong>Samedi 23 et imanche 24 octobre 2021<\/strong>, th\u00e9\u00e2tre de l&rsquo;Embellie.<!--more--><\/p>\n<p><img data-recalc-dims=\"1\" loading=\"lazy\" decoding=\"async\" class=\"alignright size-full wp-image-48560\" src=\"https:\/\/i0.wp.com\/www.o-p-i.fr\/parlonsen\/wp-content\/uploads\/Mortevielle.jpg?resize=340%2C340&#038;ssl=1\" alt=\"\" width=\"340\" height=\"340\" srcset=\"https:\/\/i0.wp.com\/www.o-p-i.fr\/parlonsen\/wp-content\/uploads\/Mortevielle.jpg?w=340&amp;ssl=1 340w, https:\/\/i0.wp.com\/www.o-p-i.fr\/parlonsen\/wp-content\/uploads\/Mortevielle.jpg?resize=300%2C300&amp;ssl=1 300w, https:\/\/i0.wp.com\/www.o-p-i.fr\/parlonsen\/wp-content\/uploads\/Mortevielle.jpg?resize=150%2C150&amp;ssl=1 150w, https:\/\/i0.wp.com\/www.o-p-i.fr\/parlonsen\/wp-content\/uploads\/Mortevielle.jpg?resize=100%2C100&amp;ssl=1 100w\" sizes=\"auto, (max-width: 340px) 100vw, 340px\" \/><strong>\u00ab\u00a0Le manoir de Mortevielle\u00a0\u00bb<\/strong>\u00a0 &#8211; d&rsquo;Arnaud Duffour par la Cie de l&rsquo;Embellie<br \/>\nAventure polici\u00e8re:<br \/>\nF\u00e9vrier 1951. J\u00e9r\u00f4me, d\u00e9tective priv\u00e9, re\u00e7oit un appel au secours de Julia, une amie d&rsquo;enfance. Il se rend alors jusqu&rsquo;\u00e0 la demeure de celle-ci, un lieu recul\u00e9 et isol\u00e9 au pied des montagnes enneig\u00e9es : le Manoir de Mortevielle. Mais \u00e0 peine arriv\u00e9 sur place, il apprend du majordome que Julia a trouv\u00e9 la mort quelques jours plus t\u00f4t. Pourtant, il ne tardera pas \u00e0 se demander si la mort de son amie \u00e9tait bien naturelle : chaque membre de la famille semble dissimuler de macabres secrets, que J\u00e9r\u00f4me sera le seul \u00e0 pouvoir d\u00e9couvrir.<br \/>\nLa Compagnie de l&rsquo;Embellie vous plonge dans une aventure polici\u00e8re m\u00ealant \u00e9nigmes tortueuses, complots financiers, manigances amoureuses et conversations d&rsquo;outre-tombe, le tout men\u00e9 par une galerie de personnages attachants qui vous r\u00e9serveront bien des surprises.<\/p>\n<p>Samedi 23 octobre 2021 \u00e0 21h<br \/>\nDimanche 24 octobre \u00e0 16h<\/p>\n<p>Plein tarif 12\u20ac &#8211; Tarif r\u00e9duit 10\u20ac \u2013 Tarif mini 8\u20ac &#8211; Gratuit -6 ans<\/p>\n<p>&nbsp;<\/p>\n<figure id=\"attachment_18509\" aria-describedby=\"caption-attachment-18509\" style=\"width: 300px\" class=\"wp-caption alignleft\"><img data-recalc-dims=\"1\" loading=\"lazy\" decoding=\"async\" class=\"wp-image-18509 size-medium\" src=\"https:\/\/i0.wp.com\/www.o-p-i.fr\/parlonsen\/wp-content\/uploads\/theatredelembellie.jpg?resize=300%2C110&#038;ssl=1\" alt=\"\" width=\"300\" height=\"110\" srcset=\"https:\/\/i0.wp.com\/www.o-p-i.fr\/parlonsen\/wp-content\/uploads\/theatredelembellie.jpg?resize=300%2C110&amp;ssl=1 300w, https:\/\/i0.wp.com\/www.o-p-i.fr\/parlonsen\/wp-content\/uploads\/theatredelembellie.jpg?w=600&amp;ssl=1 600w\" sizes=\"auto, (max-width: 300px) 100vw, 300px\" \/><figcaption id=\"caption-attachment-18509\" class=\"wp-caption-text\">Th\u00e9\u00e2tre de l&rsquo;Embellie &#8211; Montauban (82)<\/figcaption><\/figure>\n<p><strong>THEATRE DE L&rsquo;EMBELLIE<\/strong><br \/>\n840 avenue de Bordeaux \u00e0 Montauban &#8211;<br \/>\n05 63 91 96 20<br \/>\nLicences cat\u00e9gorie 1 : L-R-20-9678 &#8211; cat\u00e9gorie 3 : L-R-20-9708<\/p>\n<p>&nbsp;<\/p>\n<p>&nbsp;<\/p>\n<p><em>Information communiqu\u00e9e par Chantal BEGHIN<\/em><\/p>\n<p><a href=\"https:\/\/www.o-p-i.fr\/aupays\/au-pays\/agenda\/\">Retrouvez tous les \u00e9v\u00e9nements dans l&rsquo;agenda !<\/a><\/p>\n<p>&nbsp;<\/p>\n","protected":false},"excerpt":{"rendered":"<div class=\"mh-excerpt\">Samedi 23 et imanche 24 octobre 2021, th\u00e9\u00e2tre de l&rsquo;Embellie.<\/div>\n","protected":false},"author":4,"featured_media":0,"comment_status":"open","ping_status":"open","sticky":false,"template":"","format":"standard","meta":{"om_disable_all_campaigns":false,"advanced_seo_description":"","jetpack_seo_html_title":"","jetpack_seo_noindex":false,"_jetpack_memberships_contains_paid_content":false,"footnotes":"","_links_to":"","_links_to_target":""},"categories":[42,1,54,4292],"tags":[99,2736,3241],"class_list":{"0":"post-48559","1":"post","2":"type-post","3":"status-publish","4":"format-standard","6":"category-a-cote-de-chez-nous","7":"category-culture","8":"category-loisirs","9":"category-n-187-octobre-2021","10":"tag-montauban","11":"tag-theatre-de-lembellie","12":"tag-policier"},"jetpack_featured_media_url":"","views":{"total":0,"cached_at":"","cached_date":1738380357},"jetpack_likes_enabled":true,"jetpack_sharing_enabled":true,"jetpack_shortlink":"https:\/\/wp.me\/pg7Wxj-cDd","jetpack-related-posts":[],"_links":{"self":[{"href":"https:\/\/www.o-p-i.fr\/parlonsen\/wp-json\/wp\/v2\/posts\/48559","targetHints":{"allow":["GET"]}}],"collection":[{"href":"https:\/\/www.o-p-i.fr\/parlonsen\/wp-json\/wp\/v2\/posts"}],"about":[{"href":"https:\/\/www.o-p-i.fr\/parlonsen\/wp-json\/wp\/v2\/types\/post"}],"author":[{"embeddable":true,"href":"https:\/\/www.o-p-i.fr\/parlonsen\/wp-json\/wp\/v2\/users\/4"}],"replies":[{"embeddable":true,"href":"https:\/\/www.o-p-i.fr\/parlonsen\/wp-json\/wp\/v2\/comments?post=48559"}],"version-history":[{"count":0,"href":"https:\/\/www.o-p-i.fr\/parlonsen\/wp-json\/wp\/v2\/posts\/48559\/revisions"}],"wp:attachment":[{"href":"https:\/\/www.o-p-i.fr\/parlonsen\/wp-json\/wp\/v2\/media?parent=48559"}],"wp:term":[{"taxonomy":"category","embeddable":true,"href":"https:\/\/www.o-p-i.fr\/parlonsen\/wp-json\/wp\/v2\/categories?post=48559"},{"taxonomy":"post_tag","embeddable":true,"href":"https:\/\/www.o-p-i.fr\/parlonsen\/wp-json\/wp\/v2\/tags?post=48559"}],"curies":[{"name":"wp","href":"https:\/\/api.w.org\/{rel}","templated":true}]}}