{"id":48669,"date":"2021-10-28T10:34:08","date_gmt":"2021-10-28T09:34:08","guid":{"rendered":"https:\/\/www.o-p-i.fr\/parlonsen\/?p=48669"},"modified":"2021-10-29T13:39:53","modified_gmt":"2021-10-29T12:39:53","slug":"salon-de-peinture-et-sculpture-a-montauban-82","status":"publish","type":"post","link":"https:\/\/www.o-p-i.fr\/parlonsen\/parlons-en\/salon-de-peinture-et-sculpture-a-montauban-82\/","title":{"rendered":"Salon de Peinture et Sculpture&#8230;\u00e0 Montauban (82)"},"content":{"rendered":"<p>Du <strong>mardi 16 novembre au jeudi 2 d\u00e9cembre 2021<\/strong>, \u00e0 l&rsquo;Ancien Coll\u00e8ge.<\/p>\n<p><!--more--><img data-recalc-dims=\"1\" loading=\"lazy\" decoding=\"async\" class=\"alignright size-full wp-image-48670\" src=\"https:\/\/i0.wp.com\/www.o-p-i.fr\/parlonsen\/wp-content\/uploads\/Ancien-collegz.jpg?resize=425%2C240&#038;ssl=1\" alt=\"\" width=\"425\" height=\"240\" srcset=\"https:\/\/i0.wp.com\/www.o-p-i.fr\/parlonsen\/wp-content\/uploads\/Ancien-collegz.jpg?w=425&amp;ssl=1 425w, https:\/\/i0.wp.com\/www.o-p-i.fr\/parlonsen\/wp-content\/uploads\/Ancien-collegz.jpg?resize=300%2C169&amp;ssl=1 300w, https:\/\/i0.wp.com\/www.o-p-i.fr\/parlonsen\/wp-content\/uploads\/Ancien-collegz.jpg?resize=400%2C226&amp;ssl=1 400w, https:\/\/i0.wp.com\/www.o-p-i.fr\/parlonsen\/wp-content\/uploads\/Ancien-collegz.jpg?resize=150%2C85&amp;ssl=1 150w, https:\/\/i0.wp.com\/www.o-p-i.fr\/parlonsen\/wp-content\/uploads\/Ancien-collegz.jpg?resize=100%2C56&amp;ssl=1 100w\" sizes=\"auto, (max-width: 425px) 100vw, 425px\" \/>Voici le <strong>63 \u00e8me Salon de Peinture et Sculpture des Artistes Ind\u00e9pendants du Tarn et Garonne.<\/strong><\/p>\n<p>Du 16 Novembre au 2 D\u00e9cembre 2021 de 10h \u00e0 18 h non stop, sauf le dimanche, exposition des Artistes Ind\u00e9pendants du Tarn et Garonne.<\/p>\n<p>Plus de 60 artistes peintres et sculpteurs se partagent les salles Pawushka et R\u00e9ception.<\/p>\n<p>Le masque obligatoire et le pass sont demand\u00e9s \u00e0 l&rsquo;entr\u00e9e de L&rsquo;Ancien Coll\u00e8ge, soit Avenue de l&rsquo;Empereur, soit c\u00f4t\u00e9 salle Pawushka.<\/p>\n<p>Bonne exposition \u00e0 tous les artistes\u00a0\u00bb<\/p>\n<p>Ce sont les artistes qui vous recevront et pourrons vous parler de leur travail.<\/p>\n<figure id=\"attachment_48671\" aria-describedby=\"caption-attachment-48671\" style=\"width: 425px\" class=\"wp-caption alignleft\"><img data-recalc-dims=\"1\" loading=\"lazy\" decoding=\"async\" class=\"wp-image-48671 size-full\" src=\"https:\/\/i0.wp.com\/www.o-p-i.fr\/parlonsen\/wp-content\/uploads\/Carole-ASSIE.jpg?resize=425%2C461&#038;ssl=1\" alt=\"\" width=\"425\" height=\"461\" srcset=\"https:\/\/i0.wp.com\/www.o-p-i.fr\/parlonsen\/wp-content\/uploads\/Carole-ASSIE.jpg?w=425&amp;ssl=1 425w, https:\/\/i0.wp.com\/www.o-p-i.fr\/parlonsen\/wp-content\/uploads\/Carole-ASSIE.jpg?resize=277%2C300&amp;ssl=1 277w, https:\/\/i0.wp.com\/www.o-p-i.fr\/parlonsen\/wp-content\/uploads\/Carole-ASSIE.jpg?resize=400%2C434&amp;ssl=1 400w, https:\/\/i0.wp.com\/www.o-p-i.fr\/parlonsen\/wp-content\/uploads\/Carole-ASSIE.jpg?resize=150%2C163&amp;ssl=1 150w, https:\/\/i0.wp.com\/www.o-p-i.fr\/parlonsen\/wp-content\/uploads\/Carole-ASSIE.jpg?resize=100%2C108&amp;ssl=1 100w\" sizes=\"auto, (max-width: 425px) 100vw, 425px\" \/><figcaption id=\"caption-attachment-48671\" class=\"wp-caption-text\">Carole ASSIE<\/figcaption><\/figure>\n<p>L&rsquo;invit\u00e9e d&rsquo;honneur, cette ann\u00e9e, n&rsquo;en n&rsquo;est pas moins que la c\u00e9l\u00e8bre <strong><a href=\"https:\/\/www.artmajeur.com\/caroleassie\" target=\"_blank\" rel=\"noopener\">Carole Assi\u00e9<\/a><\/strong>. Un meilleur accueil lui sera prodigu\u00e9.<\/p>\n<p>Venez vous \u00e9vader en visitant cette exposition \u00e0 l&rsquo;Ancien Coll\u00e8ge, Avenue de l&#8217;empereur \u00e0 Montauban.\u00a0\u00bb<\/p>\n<p>&nbsp;<\/p>\n<p>Information communiqu\u00e9e par Monique FESQUET-REINHARDT<\/p>\n<p><a href=\"https:\/\/www.o-p-i.fr\/aupays\/au-pays\/agenda\/\">Retrouvez tous les \u00e9v\u00e9nements dans l&rsquo;agenda !<\/a><\/p>\n<p>&nbsp;<\/p>\n","protected":false},"excerpt":{"rendered":"<div class=\"mh-excerpt\">Du mardi 16 novembre au jeudi 2 d\u00e9cembre 2021, \u00e0 l&rsquo;Ancien Coll\u00e8ge.<\/div>\n","protected":false},"author":4,"featured_media":0,"comment_status":"open","ping_status":"open","sticky":false,"template":"","format":"standard","meta":{"om_disable_all_campaigns":false,"advanced_seo_description":"","jetpack_seo_html_title":"","jetpack_seo_noindex":false,"_jetpack_memberships_contains_paid_content":false,"footnotes":"","_links_to":"","_links_to_target":""},"categories":[52],"tags":[],"class_list":{"0":"post-48669","1":"post","2":"type-post","3":"status-publish","4":"format-standard","6":"category-parlons-en"},"jetpack_featured_media_url":"","views":{"total":0,"cached_at":"","cached_date":1738388881},"jetpack_likes_enabled":true,"jetpack_sharing_enabled":true,"jetpack_shortlink":"https:\/\/wp.me\/pg7Wxj-cEZ","jetpack-related-posts":[],"_links":{"self":[{"href":"https:\/\/www.o-p-i.fr\/parlonsen\/wp-json\/wp\/v2\/posts\/48669","targetHints":{"allow":["GET"]}}],"collection":[{"href":"https:\/\/www.o-p-i.fr\/parlonsen\/wp-json\/wp\/v2\/posts"}],"about":[{"href":"https:\/\/www.o-p-i.fr\/parlonsen\/wp-json\/wp\/v2\/types\/post"}],"author":[{"embeddable":true,"href":"https:\/\/www.o-p-i.fr\/parlonsen\/wp-json\/wp\/v2\/users\/4"}],"replies":[{"embeddable":true,"href":"https:\/\/www.o-p-i.fr\/parlonsen\/wp-json\/wp\/v2\/comments?post=48669"}],"version-history":[{"count":0,"href":"https:\/\/www.o-p-i.fr\/parlonsen\/wp-json\/wp\/v2\/posts\/48669\/revisions"}],"wp:attachment":[{"href":"https:\/\/www.o-p-i.fr\/parlonsen\/wp-json\/wp\/v2\/media?parent=48669"}],"wp:term":[{"taxonomy":"category","embeddable":true,"href":"https:\/\/www.o-p-i.fr\/parlonsen\/wp-json\/wp\/v2\/categories?post=48669"},{"taxonomy":"post_tag","embeddable":true,"href":"https:\/\/www.o-p-i.fr\/parlonsen\/wp-json\/wp\/v2\/tags?post=48669"}],"curies":[{"name":"wp","href":"https:\/\/api.w.org\/{rel}","templated":true}]}}