{"id":48677,"date":"2021-10-28T13:08:13","date_gmt":"2021-10-28T12:08:13","guid":{"rendered":"https:\/\/www.o-p-i.fr\/parlonsen\/?p=48677"},"modified":"2021-10-28T14:13:21","modified_gmt":"2021-10-28T13:13:21","slug":"ou-donner-son-sang-dans-le-tarn-garonne-82-2","status":"publish","type":"post","link":"https:\/\/www.o-p-i.fr\/parlonsen\/parlons-en\/ou-donner-son-sang-dans-le-tarn-garonne-82-2\/","title":{"rendered":"O\u00f9 donner son sang dans le TARN &#038; GARONNE (82)"},"content":{"rendered":"<p>au mois de <strong>NOVEMBRE 2021<\/strong> ?<!--more--><\/p>\n<p><img data-recalc-dims=\"1\" loading=\"lazy\" decoding=\"async\" class=\"alignright wp-image-34203 size-full\" src=\"https:\/\/i0.wp.com\/www.o-p-i.fr\/parlonsen\/wp-content\/uploads\/sang-2.jpg?resize=340%2C340&#038;ssl=1\" alt=\"\" width=\"340\" height=\"340\" srcset=\"https:\/\/i0.wp.com\/www.o-p-i.fr\/parlonsen\/wp-content\/uploads\/sang-2.jpg?w=340&amp;ssl=1 340w, https:\/\/i0.wp.com\/www.o-p-i.fr\/parlonsen\/wp-content\/uploads\/sang-2.jpg?resize=150%2C150&amp;ssl=1 150w, https:\/\/i0.wp.com\/www.o-p-i.fr\/parlonsen\/wp-content\/uploads\/sang-2.jpg?resize=300%2C300&amp;ssl=1 300w\" sizes=\"auto, (max-width: 340px) 100vw, 340px\" \/><\/p>\n<p class=\"v1MsoNormal\"><span style=\"color: #ff0000;\"><b>Le passe sanitaire n\u2019est pas n\u00e9cessaire pour donner son sang\u00a0!<\/b><b><\/b><\/span><\/p>\n<p class=\"v1MsoNormal\"><span style=\"color: #ff0000;\"><b>La mobilisation des citoyens et citoyennes doit se poursuivre: il faut continuer \u00e0 donner son sang<\/b><\/span><\/p>\n<ul>\n<li><strong>Le site EFS de MONTAUBAN<\/strong><br \/>\n10 rue Dr Alibert 82000 MONTAUBAN (parking donneurs)<br \/>\nTous les lundis de 10h \u00e0 13h et de 14h \u00e0 18h,<br \/>\nles mercredis de 11h \u00e0 13h et de 14h \u00e0 19h<br \/>\net les 1ers samedis du mois de 9h \u00e0 13h<br \/>\nPrivil\u00e9giez la prise de rendez-vous sur : <a href=\"http:\/\/mon-rdv-dondesang.efs.sante.fr\" target=\"_blank\" rel=\"noopener\">mon-rdv-dondesang.efs.sante.fr<\/a><br \/>\nLes collectes mobiles dans le d\u00e9partement<br \/>\nPour savoir o\u00f9 donner ou prendre rendez-vous,<br \/>\nconnectez-vous sur dondesang.efs.sante.fr ou sur l\u2019appli <strong>\u00ab Don de sang \u00bb<\/strong>.<\/li>\n<li><strong>COLLECTE DE VILLE<\/strong>\n<ul>\n<li>DU LUNDI 29 NOVEMBRE AU VENDREDI 03 DECEMBRE<br \/>\nDe 11h. \u00e0 13h. et de 14h. \u00e0 19h.<\/li>\n<li>SAMEDI 04 DECEMBRE<br \/>\nDe 9h. \u00e0 13 h.<\/li>\n<\/ul>\n<\/li>\n<li><strong>Les collectes mobiles dans le d\u00e9partement<\/strong>\n<ul>\n<li><strong>ALBIAS<\/strong> \u2013 ESPACE OMNISPORTS<br \/>\nVENDREDI 5 NOVEMBRE De 15h. \u00e0 19h.<\/li>\n<li><strong>LABASTIDE ST PIERRE<\/strong> \u2013 FOYER A. BELLOC<br \/>\nLUNDI 08 NOVEMBRE De 14h. \u00e0 19h.<\/li>\n<li><strong>LAFRANCAISE <\/strong>\u2013 MEDIATHEQUE<br \/>\nMERCREDI 10 NOVEMBRE De 15h. \u00e0 19h.<\/li>\n<li><strong>CASTELSARRASIN<\/strong> \u2013 SALLE JEAN MOULIN<br \/>\nLUNDI 15 NOVEMBRE De 10h. \u00e0 13h30<br \/>\nMARDI 16 NOVEMBRE De 14h. \u00e0 19h.<\/li>\n<\/ul>\n<\/li>\n<\/ul>\n<p><span style=\"color: #ff0000;\">\u00a0<strong>Infos COVID-19<\/strong><\/span><br \/>\nToutes les mesures de pr\u00e9caution sont mises en \u0153uvre sur les collectes de sang pour \u00e9viter les risques de transmission du virus avec le port du masque obligatoire pour tous, accompagn\u00e9 de mesures de distanciations et d\u2019hygi\u00e8ne renforc\u00e9es.<br \/>\nLes personnes ayant pr\u00e9sent\u00e9 des sympt\u00f4mes de covid doivent attendre 14 jours apr\u00e8s disparition des sympt\u00f4mes pour donner leur sang.<br \/>\nIl est \u00e9galement possible de donner son sang apr\u00e8s une injection de vaccin contre le Covid-19, sans aucun d\u00e9lai d\u2019ajournement \u00e0 respecter<\/p>\n<p><strong>Contact :<\/strong><strong><img data-recalc-dims=\"1\" loading=\"lazy\" decoding=\"async\" class=\"wp-image-41523 alignright\" src=\"https:\/\/i0.wp.com\/www.o-p-i.fr\/parlonsen\/wp-content\/uploads\/EFS.jpg?resize=400%2C98&#038;ssl=1\" alt=\"\" width=\"400\" height=\"98\" srcset=\"https:\/\/i0.wp.com\/www.o-p-i.fr\/parlonsen\/wp-content\/uploads\/EFS.jpg?w=283&amp;ssl=1 283w, https:\/\/i0.wp.com\/www.o-p-i.fr\/parlonsen\/wp-content\/uploads\/EFS.jpg?resize=150%2C37&amp;ssl=1 150w\" sizes=\"auto, (max-width: 400px) 100vw, 400px\" \/><\/strong><strong><br \/>\nVALENTIN Manon<\/strong><br \/>\nCourriel : <a href=\"mailto:manon.valentin@efs.sante.fr\" target=\"_blank\" rel=\"noopener noreferrer\">manon.valentin@efs.sante.fr<\/a><br \/>\nT\u00e9l. : 07 64 38 64 31<\/p>\n<p><em>Information communiqu\u00e9e par Manon VALENTIN<\/em><\/p>\n","protected":false},"excerpt":{"rendered":"<div class=\"mh-excerpt\">au mois de NOVEMBRE 2021 ?<\/div>\n","protected":false},"author":4,"featured_media":0,"comment_status":"open","ping_status":"open","sticky":false,"template":"","format":"standard","meta":{"om_disable_all_campaigns":false,"advanced_seo_description":"","jetpack_seo_html_title":"","jetpack_seo_noindex":false,"_jetpack_memberships_contains_paid_content":false,"footnotes":"","_links_to":"","_links_to_target":""},"categories":[52],"tags":[],"class_list":{"0":"post-48677","1":"post","2":"type-post","3":"status-publish","4":"format-standard","6":"category-parlons-en"},"jetpack_featured_media_url":"","views":{"total":0,"cached_at":"","cached_date":1738097203},"jetpack_likes_enabled":true,"jetpack_sharing_enabled":true,"jetpack_shortlink":"https:\/\/wp.me\/pg7Wxj-cF7","jetpack-related-posts":[],"_links":{"self":[{"href":"https:\/\/www.o-p-i.fr\/parlonsen\/wp-json\/wp\/v2\/posts\/48677","targetHints":{"allow":["GET"]}}],"collection":[{"href":"https:\/\/www.o-p-i.fr\/parlonsen\/wp-json\/wp\/v2\/posts"}],"about":[{"href":"https:\/\/www.o-p-i.fr\/parlonsen\/wp-json\/wp\/v2\/types\/post"}],"author":[{"embeddable":true,"href":"https:\/\/www.o-p-i.fr\/parlonsen\/wp-json\/wp\/v2\/users\/4"}],"replies":[{"embeddable":true,"href":"https:\/\/www.o-p-i.fr\/parlonsen\/wp-json\/wp\/v2\/comments?post=48677"}],"version-history":[{"count":0,"href":"https:\/\/www.o-p-i.fr\/parlonsen\/wp-json\/wp\/v2\/posts\/48677\/revisions"}],"wp:attachment":[{"href":"https:\/\/www.o-p-i.fr\/parlonsen\/wp-json\/wp\/v2\/media?parent=48677"}],"wp:term":[{"taxonomy":"category","embeddable":true,"href":"https:\/\/www.o-p-i.fr\/parlonsen\/wp-json\/wp\/v2\/categories?post=48677"},{"taxonomy":"post_tag","embeddable":true,"href":"https:\/\/www.o-p-i.fr\/parlonsen\/wp-json\/wp\/v2\/tags?post=48677"}],"curies":[{"name":"wp","href":"https:\/\/api.w.org\/{rel}","templated":true}]}}