{"id":48715,"date":"2021-11-03T15:53:46","date_gmt":"2021-11-03T14:53:46","guid":{"rendered":"https:\/\/www.o-p-i.fr\/parlonsen\/?p=48715"},"modified":"2021-11-03T15:53:46","modified_gmt":"2021-11-03T14:53:46","slug":"balade-contee-avec-noemie-a-sivens-81","status":"publish","type":"post","link":"https:\/\/www.o-p-i.fr\/parlonsen\/parlons-en\/pratique\/balade-contee-avec-noemie-a-sivens-81\/","title":{"rendered":"Balade cont\u00e9e avec No\u00e9mie&#8230;\u00e0 Sivens (81)"},"content":{"rendered":"<p><strong>Dimanche 14 novembre 2021<\/strong>, de 14h. \u00e0 17h. \u00e0 la Maison Foresti\u00e8re.<!--more--><img data-recalc-dims=\"1\" loading=\"lazy\" decoding=\"async\" class=\"alignright size-full wp-image-48716\" src=\"https:\/\/i0.wp.com\/www.o-p-i.fr\/parlonsen\/wp-content\/uploads\/musarts.jpg?resize=425%2C339&#038;ssl=1\" alt=\"\" width=\"425\" height=\"339\" srcset=\"https:\/\/i0.wp.com\/www.o-p-i.fr\/parlonsen\/wp-content\/uploads\/musarts.jpg?w=425&amp;ssl=1 425w, https:\/\/i0.wp.com\/www.o-p-i.fr\/parlonsen\/wp-content\/uploads\/musarts.jpg?resize=300%2C239&amp;ssl=1 300w, https:\/\/i0.wp.com\/www.o-p-i.fr\/parlonsen\/wp-content\/uploads\/musarts.jpg?resize=400%2C319&amp;ssl=1 400w, https:\/\/i0.wp.com\/www.o-p-i.fr\/parlonsen\/wp-content\/uploads\/musarts.jpg?resize=150%2C120&amp;ssl=1 150w, https:\/\/i0.wp.com\/www.o-p-i.fr\/parlonsen\/wp-content\/uploads\/musarts.jpg?resize=100%2C80&amp;ssl=1 100w\" sizes=\"auto, (max-width: 425px) 100vw, 425px\" \/>Les <strong>ateliers Mus\u2019art<\/strong> vous invitent \u00e0 une balade cont\u00e9e avec Na\u00e9mie sur le sentier des nichoirs<\/p>\n<p>Venez en famille (d\u00e8s 5 ans car beaucoup de marche)<\/p>\n<p>Nous suivrons la conteuse Na\u00e9mie \u00e0 travers les bois. Elle se fera le porte-parole des arbres afin de nous conter leurs secrets. Moment de partage dans le tipi pour se laisser conter nos r\u00eaves et aspirations, mais aussi jeux et d\u00e9couverte de la nature \u00e0 travers nos sens et l\u2019orientation.<\/p>\n<p>Participation financi\u00e8re au chapeau (\u00e0 titre indicatif : 10 euros par adulte et 5 euros par enfant minimum pour que notre conteuse puisse continuer son activit\u00e9)<\/p>\n<p><strong>Sur r\u00e9servation<\/strong> groupe limit\u00e9 \u00e0 30 personnes<\/p>\n<p><strong>Inscription<\/strong> au 06 15 08 30 74 (par sms) ou <a href=\"mailto:lesateliersmus.art@gmail.com\" target=\"_blank\" rel=\"noopener\">lesateliersmus.art@gmail.com<\/a><\/p>\n<p><em>Information communiqu\u00e9e par Lina CARMEN<\/em><\/p>\n<p><a href=\"https:\/\/www.o-p-i.fr\/aupays\/au-pays\/agenda\/\">Retrouvez tous les \u00e9v\u00e9nements dans l&rsquo;agenda !<\/a><\/p>\n","protected":false},"excerpt":{"rendered":"<div class=\"mh-excerpt\">Dimanche 14 novembre 2021, de 14h. \u00e0 17h. \u00e0 la Maison Foresti\u00e8re.<\/div>\n","protected":false},"author":4,"featured_media":0,"comment_status":"open","ping_status":"open","sticky":false,"template":"","format":"standard","meta":{"om_disable_all_campaigns":false,"advanced_seo_description":"","jetpack_seo_html_title":"","jetpack_seo_noindex":false,"_jetpack_memberships_contains_paid_content":false,"footnotes":"","_links_to":"","_links_to_target":""},"categories":[828,54,6,4326],"tags":[63,302,1035,2968],"class_list":{"0":"post-48715","1":"post","2":"type-post","3":"status-publish","4":"format-standard","6":"category-au-pays-des-tescous","7":"category-loisirs","8":"category-pratique","9":"category-n-188-novembre-2021","10":"tag-conte-en-balade","11":"tag-sivens","12":"tag-balade","13":"tag-maison-forestiere"},"jetpack_featured_media_url":"","views":{"total":0,"cached_at":"","cached_date":1738279901},"jetpack_likes_enabled":true,"jetpack_sharing_enabled":true,"jetpack_shortlink":"https:\/\/wp.me\/pg7Wxj-cFJ","jetpack-related-posts":[],"_links":{"self":[{"href":"https:\/\/www.o-p-i.fr\/parlonsen\/wp-json\/wp\/v2\/posts\/48715","targetHints":{"allow":["GET"]}}],"collection":[{"href":"https:\/\/www.o-p-i.fr\/parlonsen\/wp-json\/wp\/v2\/posts"}],"about":[{"href":"https:\/\/www.o-p-i.fr\/parlonsen\/wp-json\/wp\/v2\/types\/post"}],"author":[{"embeddable":true,"href":"https:\/\/www.o-p-i.fr\/parlonsen\/wp-json\/wp\/v2\/users\/4"}],"replies":[{"embeddable":true,"href":"https:\/\/www.o-p-i.fr\/parlonsen\/wp-json\/wp\/v2\/comments?post=48715"}],"version-history":[{"count":0,"href":"https:\/\/www.o-p-i.fr\/parlonsen\/wp-json\/wp\/v2\/posts\/48715\/revisions"}],"wp:attachment":[{"href":"https:\/\/www.o-p-i.fr\/parlonsen\/wp-json\/wp\/v2\/media?parent=48715"}],"wp:term":[{"taxonomy":"category","embeddable":true,"href":"https:\/\/www.o-p-i.fr\/parlonsen\/wp-json\/wp\/v2\/categories?post=48715"},{"taxonomy":"post_tag","embeddable":true,"href":"https:\/\/www.o-p-i.fr\/parlonsen\/wp-json\/wp\/v2\/tags?post=48715"}],"curies":[{"name":"wp","href":"https:\/\/api.w.org\/{rel}","templated":true}]}}