{"id":48721,"date":"2021-11-03T16:59:53","date_gmt":"2021-11-03T15:59:53","guid":{"rendered":"https:\/\/www.o-p-i.fr\/parlonsen\/?p=48721"},"modified":"2021-11-04T08:58:49","modified_gmt":"2021-11-04T07:58:49","slug":"portes-ouvertes-a-puycelsi-81","status":"publish","type":"post","link":"https:\/\/www.o-p-i.fr\/parlonsen\/parlons-en\/portes-ouvertes-a-puycelsi-81\/","title":{"rendered":"Portes ouvertes et Rendez-vous de la Biodiversit\u00e9&#8230;\u00e0 Puycelsi (81)"},"content":{"rendered":"<p><strong>Dimanche 7 novembre 2021<\/strong>, de 9h. \u00e0 18h. au conservatoire d&rsquo;esp\u00e8ces fruiti\u00e8res.<\/p>\n<p><!--more--><\/p>\n<p><u>\u00a0<\/u><strong>Le D\u00e9partement du Tarn organise les \u00ab\u00a0Rendez-vous de la biodiversit\u00e9\u00a0\u00bb au Conservatoire D\u00e9partemental d\u2019Esp\u00e8ces Fruiti\u00e8res et de Vignes Anciennes de Puycelsi le dimanche 7 novembre 2021 de 9h \u00e0 18h.<\/strong><\/p>\n<p><strong>\u00a0<\/strong>Le Conservatoire et ses partenaires vous proposent des expositions, des animations et des conseils techniques autour de la biodiversit\u00e9 et des fruitiers anciens. Pour cette \u00e9dition L\u2019ARBRE sous diff\u00e9rentes composantes sera mis \u00e0 l\u2019honneur.<\/p>\n<p>Venez d\u00e9couvrir le site du conservatoire et le \u00ab\u00a0Vallon de l\u2019Audoulou\u00a0\u00bb avec des balades d\u00e9couvertes, des animations techniques (greffage, la taille\u2026) et un espace enfant pour tout apprendre sur l\u2019arbre et les fruits.<\/p>\n<p>Les produits issus de vari\u00e9t\u00e9s anciennes (fruits frais, jus, \u2026) seront en vente.<\/p>\n<p>Pass sanitaire obligatoire pour acc\u00e9der \u00e0 la manifestation.<\/p>\n<p>Contact\u00a0: <a href=\"mailto:conservatoire-especes-anciennes@tarn.fr\"> conservatoire-especes-anciennes@tarn.fr<\/a> \u2013 05 63 33 19 41<\/p>\n<p><img data-recalc-dims=\"1\" loading=\"lazy\" decoding=\"async\" class=\"aligncenter size-full wp-image-48722\" src=\"https:\/\/i0.wp.com\/www.o-p-i.fr\/parlonsen\/wp-content\/uploads\/cconservatoire.jpg?resize=709%2C566&#038;ssl=1\" alt=\"\" width=\"709\" height=\"566\" srcset=\"https:\/\/i0.wp.com\/www.o-p-i.fr\/parlonsen\/wp-content\/uploads\/cconservatoire.jpg?w=709&amp;ssl=1 709w, https:\/\/i0.wp.com\/www.o-p-i.fr\/parlonsen\/wp-content\/uploads\/cconservatoire.jpg?resize=300%2C239&amp;ssl=1 300w, https:\/\/i0.wp.com\/www.o-p-i.fr\/parlonsen\/wp-content\/uploads\/cconservatoire.jpg?resize=400%2C319&amp;ssl=1 400w, https:\/\/i0.wp.com\/www.o-p-i.fr\/parlonsen\/wp-content\/uploads\/cconservatoire.jpg?resize=430%2C343&amp;ssl=1 430w, https:\/\/i0.wp.com\/www.o-p-i.fr\/parlonsen\/wp-content\/uploads\/cconservatoire.jpg?resize=150%2C120&amp;ssl=1 150w, https:\/\/i0.wp.com\/www.o-p-i.fr\/parlonsen\/wp-content\/uploads\/cconservatoire.jpg?resize=100%2C80&amp;ssl=1 100w\" sizes=\"auto, (max-width: 709px) 100vw, 709px\" \/><\/p>\n<p>&nbsp;<\/p>\n<p>Courriel: <a href=\"mailto:conservatoire-especes-anciennes@tarn.fr\" target=\"_blank\" rel=\"noopener\">conservatoire-especes-anciennes@tarn.fr<\/a><\/p>\n<p>T\u00e9l\u00e9phone: 05 63 33 19 41<\/p>\n<p><em>Information communiqu\u00e9e par Elisabeth BELHAIRE<\/em><\/p>\n<p><a href=\"https:\/\/www.o-p-i.fr\/aupays\/au-pays\/agenda\/\">Retrouvez tous les \u00e9v\u00e9nements dans l&rsquo;agenda !<\/a><\/p>\n<p>&nbsp;<\/p>\n","protected":false},"excerpt":{"rendered":"<div class=\"mh-excerpt\">Dimanche 7 novembre 2021, de 9h. \u00e0 18h. au conservatoire d&rsquo;esp\u00e8ces fruiti\u00e8res.<\/div>\n","protected":false},"author":4,"featured_media":0,"comment_status":"open","ping_status":"open","sticky":false,"template":"","format":"standard","meta":{"om_disable_all_campaigns":false,"advanced_seo_description":"","jetpack_seo_html_title":"","jetpack_seo_noindex":false,"_jetpack_memberships_contains_paid_content":false,"footnotes":"","_links_to":"","_links_to_target":""},"categories":[52],"tags":[],"class_list":{"0":"post-48721","1":"post","2":"type-post","3":"status-publish","4":"format-standard","6":"category-parlons-en"},"jetpack_featured_media_url":"","views":{"total":1,"cached_at":"","cached_date":1738436422},"jetpack_likes_enabled":true,"jetpack_sharing_enabled":true,"jetpack_shortlink":"https:\/\/wp.me\/pg7Wxj-cFP","jetpack-related-posts":[],"_links":{"self":[{"href":"https:\/\/www.o-p-i.fr\/parlonsen\/wp-json\/wp\/v2\/posts\/48721","targetHints":{"allow":["GET"]}}],"collection":[{"href":"https:\/\/www.o-p-i.fr\/parlonsen\/wp-json\/wp\/v2\/posts"}],"about":[{"href":"https:\/\/www.o-p-i.fr\/parlonsen\/wp-json\/wp\/v2\/types\/post"}],"author":[{"embeddable":true,"href":"https:\/\/www.o-p-i.fr\/parlonsen\/wp-json\/wp\/v2\/users\/4"}],"replies":[{"embeddable":true,"href":"https:\/\/www.o-p-i.fr\/parlonsen\/wp-json\/wp\/v2\/comments?post=48721"}],"version-history":[{"count":0,"href":"https:\/\/www.o-p-i.fr\/parlonsen\/wp-json\/wp\/v2\/posts\/48721\/revisions"}],"wp:attachment":[{"href":"https:\/\/www.o-p-i.fr\/parlonsen\/wp-json\/wp\/v2\/media?parent=48721"}],"wp:term":[{"taxonomy":"category","embeddable":true,"href":"https:\/\/www.o-p-i.fr\/parlonsen\/wp-json\/wp\/v2\/categories?post=48721"},{"taxonomy":"post_tag","embeddable":true,"href":"https:\/\/www.o-p-i.fr\/parlonsen\/wp-json\/wp\/v2\/tags?post=48721"}],"curies":[{"name":"wp","href":"https:\/\/api.w.org\/{rel}","templated":true}]}}