{"id":48731,"date":"2021-11-04T09:11:36","date_gmt":"2021-11-04T08:11:36","guid":{"rendered":"https:\/\/www.o-p-i.fr\/parlonsen\/?p=48731"},"modified":"2021-11-04T09:11:36","modified_gmt":"2021-11-04T08:11:36","slug":"12emes-vies-de-jardin-a-saint-urcisse-81","status":"publish","type":"post","link":"https:\/\/www.o-p-i.fr\/parlonsen\/parlons-en\/agriculture\/12emes-vies-de-jardin-a-saint-urcisse-81\/","title":{"rendered":"12\u00e8mes Vies de jardin &#8230;\u00e0 Saint Urcisse (81)"},"content":{"rendered":"<p><strong>Jeudi 11 novembre 2021<\/strong>, devant la salle des f\u00eates, de 9h. \u00e0 13h.<!--more--><\/p>\n<p><img data-recalc-dims=\"1\" loading=\"lazy\" decoding=\"async\" class=\"alignright size-full wp-image-48732\" src=\"https:\/\/i0.wp.com\/www.o-p-i.fr\/parlonsen\/wp-content\/uploads\/Vies-de-Jardin-2.jpg?resize=425%2C629&#038;ssl=1\" alt=\"\" width=\"425\" height=\"629\" srcset=\"https:\/\/i0.wp.com\/www.o-p-i.fr\/parlonsen\/wp-content\/uploads\/Vies-de-Jardin-2.jpg?w=425&amp;ssl=1 425w, https:\/\/i0.wp.com\/www.o-p-i.fr\/parlonsen\/wp-content\/uploads\/Vies-de-Jardin-2.jpg?resize=203%2C300&amp;ssl=1 203w, https:\/\/i0.wp.com\/www.o-p-i.fr\/parlonsen\/wp-content\/uploads\/Vies-de-Jardin-2.jpg?resize=400%2C592&amp;ssl=1 400w, https:\/\/i0.wp.com\/www.o-p-i.fr\/parlonsen\/wp-content\/uploads\/Vies-de-Jardin-2.jpg?resize=150%2C222&amp;ssl=1 150w, https:\/\/i0.wp.com\/www.o-p-i.fr\/parlonsen\/wp-content\/uploads\/Vies-de-Jardin-2.jpg?resize=100%2C148&amp;ssl=1 100w\" sizes=\"auto, (max-width: 425px) 100vw, 425px\" \/>Une semaine seulement nous s\u00e9pare de notre rendez-vous automnal !<\/p>\n<p>Les Vies de Jardin de Saint-Urcisse se tiendront le 11 novembre prochain, de 9h \u00e0 13h devant la salle communale, en ext\u00e9rieur.<\/p>\n<p>Au programme : un march\u00e9 de producteurs avec l\u00e9gumes, plants d&rsquo;arbustes, plantes et pr\u00e9parations m\u00e9dicinales, miel, vin, paniers, livres et bien s\u00fbr vide-jardin.<\/p>\n<p>Les \u00e9tals seront lourds des fruits de l&rsquo;automne et en particulier des cucurbitac\u00e9es !<\/p>\n<p>Et une animation se tiendra tout le long de la manifestation : fabrication d&rsquo;un panier en direct !<\/p>\n<p>L&rsquo;entr\u00e9e est libre et gratuite (masque obligatoire).<\/p>\n<p>N&rsquo;h\u00e9sitez pas \u00e0 vous manifester si vous \u00eates producteur ou artisan local ; vous pouvez \u00e9galement vous inscrire pour le vide-jardin,<\/p>\n<p>pour vendre et\/ou \u00e9changer des objets se rapportant au jardin !<\/p>\n<p>Pour vous inscrire, t\u00e9l\u00e9chargez le bulletin en cliquant : <strong><a href=\"https:\/\/www.o-p-i.fr\/parlonsen\/wp-content\/uploads\/Inscription-11%C2%B0-Vides-jardin.pdf\" target=\"_blank\" rel=\"noopener\">bulletin d&rsquo;inscription<\/a><\/strong><\/p>\n<p>Renseignements au 06 42 77 86 45.<\/p>\n<p>Nous vous attendons tr\u00e8s bient\u00f4t, au plaisir de se voir ou revoir !<\/p>\n<p>L&rsquo;\u00e9quipe des Truffes.<\/p>\n<p><em>Information communiqu\u00e9e par Arlette MALLERET<\/em><\/p>\n<p><a href=\"https:\/\/www.o-p-i.fr\/aupays\/au-pays\/agenda\/\">Retrouvez tous les \u00e9v\u00e9nements dans l&rsquo;agenda !<\/a><\/p>\n","protected":false},"excerpt":{"rendered":"<div class=\"mh-excerpt\">Jeudi 11 novembre 2021, devant la salle des f\u00eates, de 9h. \u00e0 13h.<\/div>\n","protected":false},"author":4,"featured_media":0,"comment_status":"open","ping_status":"open","sticky":false,"template":"","format":"standard","meta":{"om_disable_all_campaigns":false,"advanced_seo_description":"","jetpack_seo_html_title":"","jetpack_seo_noindex":false,"_jetpack_memberships_contains_paid_content":false,"footnotes":"","_links_to":"","_links_to_target":""},"categories":[3,54,6,4326],"tags":[138,1738,2744,2913,2964],"class_list":{"0":"post-48731","1":"post","2":"type-post","3":"status-publish","4":"format-standard","6":"category-agriculture","7":"category-loisirs","8":"category-pratique","9":"category-n-188-novembre-2021","10":"tag-marche","11":"tag-marche-de-producteurs","12":"tag-producteurs-locaux","13":"tag-saint-urcisse","14":"tag-vies-de-jardin"},"jetpack_featured_media_url":"","views":{"total":0,"cached_at":"","cached_date":1738466231},"jetpack_likes_enabled":true,"jetpack_sharing_enabled":true,"jetpack_shortlink":"https:\/\/wp.me\/pg7Wxj-cFZ","jetpack-related-posts":[],"_links":{"self":[{"href":"https:\/\/www.o-p-i.fr\/parlonsen\/wp-json\/wp\/v2\/posts\/48731","targetHints":{"allow":["GET"]}}],"collection":[{"href":"https:\/\/www.o-p-i.fr\/parlonsen\/wp-json\/wp\/v2\/posts"}],"about":[{"href":"https:\/\/www.o-p-i.fr\/parlonsen\/wp-json\/wp\/v2\/types\/post"}],"author":[{"embeddable":true,"href":"https:\/\/www.o-p-i.fr\/parlonsen\/wp-json\/wp\/v2\/users\/4"}],"replies":[{"embeddable":true,"href":"https:\/\/www.o-p-i.fr\/parlonsen\/wp-json\/wp\/v2\/comments?post=48731"}],"version-history":[{"count":0,"href":"https:\/\/www.o-p-i.fr\/parlonsen\/wp-json\/wp\/v2\/posts\/48731\/revisions"}],"wp:attachment":[{"href":"https:\/\/www.o-p-i.fr\/parlonsen\/wp-json\/wp\/v2\/media?parent=48731"}],"wp:term":[{"taxonomy":"category","embeddable":true,"href":"https:\/\/www.o-p-i.fr\/parlonsen\/wp-json\/wp\/v2\/categories?post=48731"},{"taxonomy":"post_tag","embeddable":true,"href":"https:\/\/www.o-p-i.fr\/parlonsen\/wp-json\/wp\/v2\/tags?post=48731"}],"curies":[{"name":"wp","href":"https:\/\/api.w.org\/{rel}","templated":true}]}}