{"id":48742,"date":"2021-11-04T12:35:09","date_gmt":"2021-11-04T11:35:09","guid":{"rendered":"https:\/\/www.o-p-i.fr\/parlonsen\/?p=48742"},"modified":"2021-11-04T12:48:08","modified_gmt":"2021-11-04T11:48:08","slug":"rencontre-avec-david-diop-a-saint-antonin-noble-val-2","status":"publish","type":"post","link":"https:\/\/www.o-p-i.fr\/parlonsen\/parlons-en\/rencontre-avec-david-diop-a-saint-antonin-noble-val-2\/","title":{"rendered":"Rencontre avec David Diop&#8230; \u00e0 Saint Antonin Noble Val (82)"},"content":{"rendered":"<p><strong>Samedi 13 novembre 2021<\/strong> \u00e0 18h., Salle du Prieur-Mage<!--more--><\/p>\n<p>David Diop parlera de son dernier roman \u201c<strong>La porte du voyage sans retour<\/strong>\u201d. La rencontre aura lieu Salle du Prieur-Mage (salle du rez-de-chauss\u00e9e \u00e0 la mairie) et<strong> uniquement sur r\u00e9servation<\/strong>, par t\u00e9l\u00e9phone (07 82 55 72 27) ou email (<a href=\"mailto:letracteursavant@gmail.com\" target=\"_blank\" rel=\"noopener\">letracteursavant@gmail.com<\/a>).<\/p>\n<p><img data-recalc-dims=\"1\" loading=\"lazy\" decoding=\"async\" class=\"aligncenter size-full wp-image-48743\" src=\"https:\/\/i0.wp.com\/www.o-p-i.fr\/parlonsen\/wp-content\/uploads\/DIOP-1.jpg?resize=624%2C208&#038;ssl=1\" alt=\"\" width=\"624\" height=\"208\" srcset=\"https:\/\/i0.wp.com\/www.o-p-i.fr\/parlonsen\/wp-content\/uploads\/DIOP-1.jpg?w=624&amp;ssl=1 624w, https:\/\/i0.wp.com\/www.o-p-i.fr\/parlonsen\/wp-content\/uploads\/DIOP-1.jpg?resize=300%2C100&amp;ssl=1 300w, https:\/\/i0.wp.com\/www.o-p-i.fr\/parlonsen\/wp-content\/uploads\/DIOP-1.jpg?resize=400%2C133&amp;ssl=1 400w, https:\/\/i0.wp.com\/www.o-p-i.fr\/parlonsen\/wp-content\/uploads\/DIOP-1.jpg?resize=430%2C143&amp;ssl=1 430w, https:\/\/i0.wp.com\/www.o-p-i.fr\/parlonsen\/wp-content\/uploads\/DIOP-1.jpg?resize=150%2C50&amp;ssl=1 150w, https:\/\/i0.wp.com\/www.o-p-i.fr\/parlonsen\/wp-content\/uploads\/DIOP-1.jpg?resize=100%2C33&amp;ssl=1 100w\" sizes=\"auto, (max-width: 624px) 100vw, 624px\" \/><\/p>\n<p>S\u2019inspirant de la figure de Michel Adanson, naturaliste fran\u00e7ais (1727-1806), David Diop signe un roman \u00e9blouissant, \u00e9vocation puissante d\u2019un royaume o\u00f9 la parole est reine, odyss\u00e9e bouleversante de deux \u00eatres qui ne cessent de se rejoindre, de s\u2019aimer et de se perdre, transmission d\u2019un h\u00e9ritage d\u2019un p\u00e8re \u00e0 sa fille, destinataire ultime des carnets qui relatent ce voyage cach\u00e9.<\/p>\n<figure id=\"attachment_22445\" aria-describedby=\"caption-attachment-22445\" style=\"width: 378px\" class=\"wp-caption alignleft\"><img data-recalc-dims=\"1\" loading=\"lazy\" decoding=\"async\" class=\" wp-image-22445\" src=\"https:\/\/i0.wp.com\/www.o-p-i.fr\/parlonsen\/wp-content\/uploads\/tracteursavant.jpg?resize=378%2C213&#038;ssl=1\" alt=\"\" width=\"378\" height=\"213\" srcset=\"https:\/\/i0.wp.com\/www.o-p-i.fr\/parlonsen\/wp-content\/uploads\/tracteursavant.jpg?w=500&amp;ssl=1 500w, https:\/\/i0.wp.com\/www.o-p-i.fr\/parlonsen\/wp-content\/uploads\/tracteursavant.jpg?resize=300%2C169&amp;ssl=1 300w\" sizes=\"auto, (max-width: 378px) 100vw, 378px\" \/><figcaption id=\"caption-attachment-22445\" class=\"wp-caption-text\">Le Tracteur Savant &#8211; Librairie \u00e0 Saint Antonin Noble Val (82)<\/figcaption><\/figure>\n<p>&nbsp;<\/p>\n<p><strong><em>Librairie Le Tracteur Savant<\/em><\/strong><\/p>\n<p>t\u00e9l\u00e9phone<strong>\u00a007 82 55 72 27<\/strong><\/p>\n<p>email (<a href=\"mailto:letracteursavant@gmail.com\" target=\"_blank\" rel=\"noopener\">letracteursavant@gmail.com<\/a>).<\/p>\n<p><em>5a, place de la Halle<\/em><\/p>\n<p><em>82140 Saint-Antonin-Noble-Val<\/em><\/p>\n","protected":false},"excerpt":{"rendered":"<div class=\"mh-excerpt\">Samedi 13 novembre 2021 \u00e0 18h., Salle du Prieur-Mage<\/div>\n","protected":false},"author":4,"featured_media":0,"comment_status":"open","ping_status":"open","sticky":false,"template":"","format":"standard","meta":{"om_disable_all_campaigns":false,"advanced_seo_description":"","jetpack_seo_html_title":"","jetpack_seo_noindex":false,"_jetpack_memberships_contains_paid_content":false,"footnotes":"","_links_to":"","_links_to_target":""},"categories":[52],"tags":[],"class_list":{"0":"post-48742","1":"post","2":"type-post","3":"status-publish","4":"format-standard","6":"category-parlons-en"},"jetpack_featured_media_url":"","views":{"total":0,"cached_at":"","cached_date":1738376683},"jetpack_likes_enabled":true,"jetpack_sharing_enabled":true,"jetpack_shortlink":"https:\/\/wp.me\/pg7Wxj-cGa","jetpack-related-posts":[],"_links":{"self":[{"href":"https:\/\/www.o-p-i.fr\/parlonsen\/wp-json\/wp\/v2\/posts\/48742","targetHints":{"allow":["GET"]}}],"collection":[{"href":"https:\/\/www.o-p-i.fr\/parlonsen\/wp-json\/wp\/v2\/posts"}],"about":[{"href":"https:\/\/www.o-p-i.fr\/parlonsen\/wp-json\/wp\/v2\/types\/post"}],"author":[{"embeddable":true,"href":"https:\/\/www.o-p-i.fr\/parlonsen\/wp-json\/wp\/v2\/users\/4"}],"replies":[{"embeddable":true,"href":"https:\/\/www.o-p-i.fr\/parlonsen\/wp-json\/wp\/v2\/comments?post=48742"}],"version-history":[{"count":0,"href":"https:\/\/www.o-p-i.fr\/parlonsen\/wp-json\/wp\/v2\/posts\/48742\/revisions"}],"wp:attachment":[{"href":"https:\/\/www.o-p-i.fr\/parlonsen\/wp-json\/wp\/v2\/media?parent=48742"}],"wp:term":[{"taxonomy":"category","embeddable":true,"href":"https:\/\/www.o-p-i.fr\/parlonsen\/wp-json\/wp\/v2\/categories?post=48742"},{"taxonomy":"post_tag","embeddable":true,"href":"https:\/\/www.o-p-i.fr\/parlonsen\/wp-json\/wp\/v2\/tags?post=48742"}],"curies":[{"name":"wp","href":"https:\/\/api.w.org\/{rel}","templated":true}]}}