{"id":48904,"date":"2021-11-18T17:04:53","date_gmt":"2021-11-18T16:04:53","guid":{"rendered":"https:\/\/www.o-p-i.fr\/parlonsen\/?p=48904"},"modified":"2021-11-18T17:04:53","modified_gmt":"2021-11-18T16:04:53","slug":"the-dansant-a-saint-etienne-de-tulmont-6","status":"publish","type":"post","link":"https:\/\/www.o-p-i.fr\/parlonsen\/parlons-en\/the-dansant-a-saint-etienne-de-tulmont-6\/","title":{"rendered":"Th\u00e9 dansant&#8230; \u00e0 Saint Etienne de Tulmont"},"content":{"rendered":"<p><strong>Jeudi 25 novembre 2021<\/strong>, \u00e0 14h.30 \u00e0 la salle des f\u00eates. <!--more--><img data-recalc-dims=\"1\" loading=\"lazy\" decoding=\"async\" class=\"alignright size-full wp-image-48905\" src=\"https:\/\/i0.wp.com\/www.o-p-i.fr\/parlonsen\/wp-content\/uploads\/the-d.jpg?resize=425%2C425&#038;ssl=1\" alt=\"\" width=\"425\" height=\"425\" srcset=\"https:\/\/i0.wp.com\/www.o-p-i.fr\/parlonsen\/wp-content\/uploads\/the-d.jpg?w=425&amp;ssl=1 425w, https:\/\/i0.wp.com\/www.o-p-i.fr\/parlonsen\/wp-content\/uploads\/the-d.jpg?resize=300%2C300&amp;ssl=1 300w, https:\/\/i0.wp.com\/www.o-p-i.fr\/parlonsen\/wp-content\/uploads\/the-d.jpg?resize=150%2C150&amp;ssl=1 150w, https:\/\/i0.wp.com\/www.o-p-i.fr\/parlonsen\/wp-content\/uploads\/the-d.jpg?resize=400%2C400&amp;ssl=1 400w, https:\/\/i0.wp.com\/www.o-p-i.fr\/parlonsen\/wp-content\/uploads\/the-d.jpg?resize=100%2C100&amp;ssl=1 100w\" sizes=\"auto, (max-width: 425px) 100vw, 425px\" \/>Organis\u00e9e par <strong>\u00ab\u00a0Les Ain\u00e9s St\u00e9phanois\u00a0\u00bb<\/strong><br \/>\nApr\u00e8s midi dansante<\/p>\n<p>Anim\u00e9 par l\u2019orchestre PYRENEES MUSETTE.<\/p>\n<p>Venez nombreux, le meilleur accueil vous sera r\u00e9serv\u00e9.<\/p>\n<p><strong>Tarifs :\u00a0<\/strong>9 euros go\u00fbter compris<\/p>\n<p><strong><b>T\u00e9l\u00e9phone<\/b>\u00a0:\u00a0<\/strong>06 50 07 96 95<\/p>\n<p><strong>Contact :\u00a0<\/strong>NERET HUGUETTE<br \/>\nrue de la mairie<br \/>\n82410-Saint Etienne de Tulnont<br \/>\nt\u00e9l: 06 50 07 96 95<br \/>\nCourriel:\u00a0<a href=\"mailto:gueguette.n@free.fr\" target=\"_blank\" rel=\"noopener noreferrer\">gueguette.n@free.fr<\/a><\/p>\n<p>&nbsp;<\/p>\n","protected":false},"excerpt":{"rendered":"<div class=\"mh-excerpt\">Jeudi 25 novembre 2021, \u00e0 14h.30 \u00e0 la salle des f\u00eates.<\/div>\n","protected":false},"author":4,"featured_media":0,"comment_status":"open","ping_status":"open","sticky":false,"template":"","format":"standard","meta":{"om_disable_all_campaigns":false,"advanced_seo_description":"","jetpack_seo_html_title":"","jetpack_seo_noindex":false,"_jetpack_memberships_contains_paid_content":false,"footnotes":"","_links_to":"","_links_to_target":""},"categories":[52],"tags":[],"class_list":{"0":"post-48904","1":"post","2":"type-post","3":"status-publish","4":"format-standard","6":"category-parlons-en"},"jetpack_featured_media_url":"","views":{"total":0,"cached_at":"","cached_date":1738268314},"jetpack_likes_enabled":true,"jetpack_sharing_enabled":true,"jetpack_shortlink":"https:\/\/wp.me\/pg7Wxj-cIM","jetpack-related-posts":[],"_links":{"self":[{"href":"https:\/\/www.o-p-i.fr\/parlonsen\/wp-json\/wp\/v2\/posts\/48904","targetHints":{"allow":["GET"]}}],"collection":[{"href":"https:\/\/www.o-p-i.fr\/parlonsen\/wp-json\/wp\/v2\/posts"}],"about":[{"href":"https:\/\/www.o-p-i.fr\/parlonsen\/wp-json\/wp\/v2\/types\/post"}],"author":[{"embeddable":true,"href":"https:\/\/www.o-p-i.fr\/parlonsen\/wp-json\/wp\/v2\/users\/4"}],"replies":[{"embeddable":true,"href":"https:\/\/www.o-p-i.fr\/parlonsen\/wp-json\/wp\/v2\/comments?post=48904"}],"version-history":[{"count":0,"href":"https:\/\/www.o-p-i.fr\/parlonsen\/wp-json\/wp\/v2\/posts\/48904\/revisions"}],"wp:attachment":[{"href":"https:\/\/www.o-p-i.fr\/parlonsen\/wp-json\/wp\/v2\/media?parent=48904"}],"wp:term":[{"taxonomy":"category","embeddable":true,"href":"https:\/\/www.o-p-i.fr\/parlonsen\/wp-json\/wp\/v2\/categories?post=48904"},{"taxonomy":"post_tag","embeddable":true,"href":"https:\/\/www.o-p-i.fr\/parlonsen\/wp-json\/wp\/v2\/tags?post=48904"}],"curies":[{"name":"wp","href":"https:\/\/api.w.org\/{rel}","templated":true}]}}