{"id":48971,"date":"2021-11-25T16:29:33","date_gmt":"2021-11-25T15:29:33","guid":{"rendered":"https:\/\/www.o-p-i.fr\/parlonsen\/?p=48971"},"modified":"2021-12-08T09:00:13","modified_gmt":"2021-12-08T08:00:13","slug":"ou-donner-son-sang-dans-le-tarn-81-7","status":"publish","type":"post","link":"https:\/\/www.o-p-i.fr\/parlonsen\/parlons-en\/ou-donner-son-sang-dans-le-tarn-81-7\/","title":{"rendered":"O\u00f9 donner son sang dans le TARN (81)"},"content":{"rendered":"<p><strong>au mois de d\u00e9cembre 2021 ?<\/strong><!--more--><\/p>\n<p class=\"v1MsoNormal\"><span style=\"color: #ff0000;\"><b>Le pass sanitaire n\u2019est pas n\u00e9cessaire pour donner son sang !<img data-recalc-dims=\"1\" loading=\"lazy\" decoding=\"async\" class=\"alignright wp-image-34203 size-full\" src=\"https:\/\/i0.wp.com\/www.o-p-i.fr\/parlonsen\/wp-content\/uploads\/sang-2.jpg?resize=340%2C340&#038;ssl=1\" sizes=\"auto, (max-width: 340px) 100vw, 340px\" srcset=\"https:\/\/www.o-p-i.fr\/parlonsen\/wp-content\/uploads\/sang-2.jpg 340w, https:\/\/www.o-p-i.fr\/parlonsen\/wp-content\/uploads\/sang-2-150x150.jpg 150w, https:\/\/www.o-p-i.fr\/parlonsen\/wp-content\/uploads\/sang-2-300x300.jpg 300w\" alt=\"\" width=\"340\" height=\"340\" \/><\/b><b><\/b><\/span><\/p>\n<p class=\"v1MsoNormal\"><span style=\"color: #ff0000;\"><b>La mobilisation des citoyens et citoyennes doit se poursuivre : il faut continuer \u00e0 donner son sang<\/b><\/span><\/p>\n<h4 style=\"text-align: center;\">O\u00f9 donner dans le Tarn au mois de DECEMBRE 2021?<\/h4>\n<ul>\n<li><strong>Le site EFS d\u2019Albi<\/strong><br \/>\n8 Avenue Mar\u00e9chal de Lattre de Tassigny 81000 Albi (Parking donneurs)<br \/>\nTous les mardis et jeudis de 11h00 \u00e0 13h30 et de 14h30 \u00e0 19h00<br \/>\net les vendredis de 9h00 \u00e0 13h30<br \/>\nPrivil\u00e9giez la prise de rendez-vous sur :<br \/>\nmon-rdv-dondesang.efs.sante.fr<\/li>\n<li><strong>Les collectes mobiles dans le d\u00e9partement<\/strong><br \/>\nPour savoir o\u00f9 donner ou prendre rendez-vous,<br \/>\nconnectez-vous sur dondesang.efs.sante.fr ou sur l\u2019appli \u00ab Don de sang \u00bb.<br \/>\nContacts :VALENTIN Manon e-mail : <a href=\"mailto:manon.valentin@efs.sante.fr\" target=\"_blank\" rel=\"noopener\">manon.valentin@efs.sante.fr<\/a> T\u00e9l. : 07 64 38 64 31<\/li>\n<li><strong>CARMAUX<\/strong> \u2013 SALLE BEREGOVOY<br \/>\nDU LUNDI 06 AU MERCREDI 08 DECEMBRE De 14h00 \u00e0 19h00<\/li>\n<li><strong>VALENCE D\u2019ALBIGEOIS<\/strong> \u2013 SALLE DES FETES<br \/>\nLUNDI 13 DECEMBRE De 14h00 \u00e0 19h00<\/li>\n<li><strong>ST SULPICE LA POINTE<\/strong> \u2013 SALLE N\u00b01 ODETTE COUDERC<br \/>\nDU MARDI 14 AU JEUDI 16 DECEMBRE De 14h00 \u00e0 19h00<\/li>\n<li><strong>MAZAMET<\/strong> \u2013 PALAIS DES CONGRES<br \/>\nLUNDI 20 DECEMBRE De 10h00 \u00e0 13h30<br \/>\nDU MARDI 21 AU JEUDI 23 DECEMBRE De 14h30 \u00e0 18h30<\/li>\n<li><strong>LABRUGUIERE<\/strong> \u2013 SALLE DE LA FABRIQUE<br \/>\nLUNDI 27 DECEMBRE De 14h30 \u00e0 18h30<\/li>\n<li><strong>GRAULHET<\/strong> \u2013 SALLE DU FOULON (ANCIEN ODEON)<br \/>\nMARDI 28 DECEMBRE De 09h00 \u00e0 13h30<br \/>\nDU MERCREDI 29 AU JEUDI 30 DECEMBRE De 14h00 \u00e0 19h00<\/li>\n<\/ul>\n<p class=\"v1Default\"><b>Ce No\u00ebl, offrez un cadeau qui a du sens\u2026<\/b><\/p>\n<p class=\"v1Default\">Chaque jour en France, 10 000 dons de sang sont n\u00e9cessaires pour subvenir aux besoins des malades qui souffrent d\u2019un d\u00e9ficit<br \/>\nen composants sanguins suite \u00e0 une maladie ou \u00e0 un accident.<br \/>\nLe don de sang reste \u00e0 ce jour la seule chance de soigner certains patients. C\u2019est pourquoi, il ne doit jamais s\u2019arr\u00eater, peu importe la<br \/>\nsaison. La g\u00e9n\u00e9rosit\u00e9 des donneurs est indispensable chaque jourcar la dur\u00e9e de vie des produits sanguins est limit\u00e9e (7 jours pour<br \/>\nles plaquettes, 42 jours pour les globules rouges).<br \/>\nEn offrant 45 minutes de leur temps, dont seulement une dizaine pour l\u2019\u00e9tape de pr\u00e9l\u00e8vement, les donneurs de sang font un geste essentiel et g\u00e9n\u00e9reux, un cadeau qui a du sens !<br \/>\n<span style=\"color: #ff0000;\"><strong>Infos COVID-19<\/strong><\/span><br \/>\nToutes les mesures de pr\u00e9caution sont mises en \u0153uvre sur les collectes de sang pour \u00e9viter les risques de transmission du virus avec le port du masque obligatoire pour tous, accompagn\u00e9 de mesures de distanciations et d\u2019hygi\u00e8ne renforc\u00e9es.<br \/>\nLes personnes ayant pr\u00e9sent\u00e9 des sympt\u00f4mes de covid doivent attendre 14 jours apr\u00e8s disparition des sympt\u00f4mes pour donner leur sang.<br \/>\nIl est \u00e9galement possible de donner son sang apr\u00e8s une injection de vaccin contre le Covid-19, sans aucun d\u00e9lai d\u2019ajournement \u00e0 respecter. Le pass sanitaire n\u2019est pas n\u00e9cessaire pour donner son sang.<\/p>\n<p><strong>A propos de l\u2019EFS<\/strong><br \/>\nGr\u00e2ce au don de sang, donneurs et receveurs sont au c\u0153ur de l\u2019\u00e9conomie du partage. Les 10 000 collaboratrices et collaborateurs de l\u2019Etablissement fran\u00e7ais du sang, en lien avec des milliers de b\u00e9n\u00e9voles, s\u2019engagent au quotidien comme dans les circonstances exceptionnelles pour transformer les dons en vies et soigner ainsi 1 million de patients par an.<br \/>\nOp\u00e9rateur civil unique de la transfusion sanguine en France, l\u2019EFS a pour mission principale l\u2019autosuffisance nationale en produits sanguins. Il s\u2019investit par ailleurs dans de nombreuses autres activit\u00e9s, comme les analyses de biologie m\u00e9dicale, la th\u00e9rapie cellulaire et tissulaire ou la recherche. Au-del\u00e0 de la qualification des dons, les laboratoires de l\u2019EFS r\u00e9alisent diff\u00e9rents types d\u2019analyses biologiques, h\u00e9matologiques et immunologiques. Des examens indispensables dans le cadre d\u2019une transfusion mais \u00e9galement d\u2019une greffe d\u2019organe, de tissus ou de cellules. Avec plus de 500 millions d\u2019actes r\u00e9alis\u00e9s par an,<br \/>\nl\u2019EFS est le plus grand laboratoire de biologie m\u00e9dicale de France. L\u2019Etablissement fran\u00e7ais du sang est pr\u00e9sent sur l\u2019ensemble du territoire \u00e0 travers ses 15 \u00e9tablissements r\u00e9gionaux pour \u00eatre au plus pr\u00e8s des donneurs et des patients et porter ainsi desvaleurs sans \u00e9quivalent. \u00c9tablissement fran\u00e7ais du sang. Bien plus que le don de sang.<\/p>\n<p class=\"v1MsoNormal\"><i>Pour rappel, le pass sanitaire n\u2019est pas n\u00e9cessaire pour donner son sang.<\/i><\/p>\n<p><strong>Contact :<\/strong><strong><img data-recalc-dims=\"1\" loading=\"lazy\" decoding=\"async\" class=\"wp-image-41523 alignright\" src=\"https:\/\/i0.wp.com\/www.o-p-i.fr\/parlonsen\/wp-content\/uploads\/EFS.jpg?resize=400%2C98&#038;ssl=1\" sizes=\"auto, (max-width: 400px) 100vw, 400px\" srcset=\"https:\/\/www.o-p-i.fr\/parlonsen\/wp-content\/uploads\/EFS.jpg 283w, https:\/\/www.o-p-i.fr\/parlonsen\/wp-content\/uploads\/EFS-150x37.jpg 150w\" alt=\"\" width=\"400\" height=\"98\" \/><\/strong><strong><br \/>\nVALENTIN Manon<\/strong><br \/>\nCourriel :\u00a0<a href=\"mailto:manon.valentin@efs.sante.fr\" target=\"_blank\" rel=\"noopener noreferrer\">manon.valentin@efs.sante.fr<\/a><br \/>\nT\u00e9l. : 07 64 38 64 31<\/p>\n<p><em>Information communiqu\u00e9e par Manon VALENTIN<\/em><\/p>\n","protected":false},"excerpt":{"rendered":"<div class=\"mh-excerpt\">au mois de d\u00e9cembre 2021 ?<\/div>\n","protected":false},"author":4,"featured_media":0,"comment_status":"open","ping_status":"open","sticky":false,"template":"","format":"standard","meta":{"om_disable_all_campaigns":false,"advanced_seo_description":"","jetpack_seo_html_title":"","jetpack_seo_noindex":false,"_jetpack_memberships_contains_paid_content":false,"footnotes":"","_links_to":"","_links_to_target":""},"categories":[52],"tags":[],"class_list":{"0":"post-48971","1":"post","2":"type-post","3":"status-publish","4":"format-standard","6":"category-parlons-en"},"jetpack_featured_media_url":"","views":{"total":0,"cached_at":"","cached_date":1738512960},"jetpack_likes_enabled":true,"jetpack_sharing_enabled":true,"jetpack_shortlink":"https:\/\/wp.me\/pg7Wxj-cJR","jetpack-related-posts":[],"_links":{"self":[{"href":"https:\/\/www.o-p-i.fr\/parlonsen\/wp-json\/wp\/v2\/posts\/48971","targetHints":{"allow":["GET"]}}],"collection":[{"href":"https:\/\/www.o-p-i.fr\/parlonsen\/wp-json\/wp\/v2\/posts"}],"about":[{"href":"https:\/\/www.o-p-i.fr\/parlonsen\/wp-json\/wp\/v2\/types\/post"}],"author":[{"embeddable":true,"href":"https:\/\/www.o-p-i.fr\/parlonsen\/wp-json\/wp\/v2\/users\/4"}],"replies":[{"embeddable":true,"href":"https:\/\/www.o-p-i.fr\/parlonsen\/wp-json\/wp\/v2\/comments?post=48971"}],"version-history":[{"count":0,"href":"https:\/\/www.o-p-i.fr\/parlonsen\/wp-json\/wp\/v2\/posts\/48971\/revisions"}],"wp:attachment":[{"href":"https:\/\/www.o-p-i.fr\/parlonsen\/wp-json\/wp\/v2\/media?parent=48971"}],"wp:term":[{"taxonomy":"category","embeddable":true,"href":"https:\/\/www.o-p-i.fr\/parlonsen\/wp-json\/wp\/v2\/categories?post=48971"},{"taxonomy":"post_tag","embeddable":true,"href":"https:\/\/www.o-p-i.fr\/parlonsen\/wp-json\/wp\/v2\/tags?post=48971"}],"curies":[{"name":"wp","href":"https:\/\/api.w.org\/{rel}","templated":true}]}}