{"id":48975,"date":"2021-11-25T18:51:59","date_gmt":"2021-11-25T17:51:59","guid":{"rendered":"https:\/\/www.o-p-i.fr\/parlonsen\/?p=48975"},"modified":"2021-11-25T18:51:59","modified_gmt":"2021-11-25T17:51:59","slug":"tous-au-telethon-a-negrepelisse-82","status":"publish","type":"post","link":"https:\/\/www.o-p-i.fr\/parlonsen\/parlons-en\/tous-au-telethon-a-negrepelisse-82\/","title":{"rendered":"Tous au T\u00e9l\u00e9thon &#8230;\u00e0 N\u00e8grepelisse (82)"},"content":{"rendered":"<p><strong>Samedi 4 et dimanche 5 d\u00e9cembre 2021<\/strong>, ici et l\u00e0&#8230;<!--more--><\/p>\n<p><img data-recalc-dims=\"1\" loading=\"lazy\" decoding=\"async\" class=\"aligncenter size-full wp-image-48976\" src=\"https:\/\/i0.wp.com\/www.o-p-i.fr\/parlonsen\/wp-content\/uploads\/telethon-Negre.jpg?resize=624%2C805&#038;ssl=1\" alt=\"\" width=\"624\" height=\"805\" srcset=\"https:\/\/i0.wp.com\/www.o-p-i.fr\/parlonsen\/wp-content\/uploads\/telethon-Negre.jpg?w=624&amp;ssl=1 624w, https:\/\/i0.wp.com\/www.o-p-i.fr\/parlonsen\/wp-content\/uploads\/telethon-Negre.jpg?resize=233%2C300&amp;ssl=1 233w, https:\/\/i0.wp.com\/www.o-p-i.fr\/parlonsen\/wp-content\/uploads\/telethon-Negre.jpg?resize=400%2C516&amp;ssl=1 400w, https:\/\/i0.wp.com\/www.o-p-i.fr\/parlonsen\/wp-content\/uploads\/telethon-Negre.jpg?resize=430%2C555&amp;ssl=1 430w, https:\/\/i0.wp.com\/www.o-p-i.fr\/parlonsen\/wp-content\/uploads\/telethon-Negre.jpg?resize=150%2C194&amp;ssl=1 150w, https:\/\/i0.wp.com\/www.o-p-i.fr\/parlonsen\/wp-content\/uploads\/telethon-Negre.jpg?resize=100%2C129&amp;ssl=1 100w\" sizes=\"auto, (max-width: 624px) 100vw, 624px\" \/><\/p>\n<p><strong>Renseignements:<\/strong> Aurore Deffr\u00e8ne<br \/>\nResponsable du service Associations<br \/>\nR\u00e9gisseur de la r\u00e9servation des salles et du mat\u00e9riel municipal<br \/>\nOrganisation de festivit\u00e9s &#8211; R\u00e9gisseur du camping municipal Le Colombier<br \/>\nD\u00e9veloppement touristique<br \/>\nAgent d\u00e9l\u00e9gu\u00e9e et correspondante CNAS<br \/>\n14 A Place Nationale<br \/>\n82800 N\u00e8grepelisse<br \/>\n05 63 64 26 21 &#8211; 07 85 54 69 49<br \/>\n<a href=\"mailto:a.deffrene@ville-negrepelisse.fr\" target=\"_blank\" rel=\"noopener\">a.deffrene@ville-negrepelisse.fr<\/a><br \/>\nAccueil<br \/>\nLundi, mardi, jeudi de 8h \u00e0 12h et de 13h \u00e0 17h<br \/>\nMercredi 8h-12h<br \/>\nVendredi 8h-12h \/ 13h-16h<\/p>\n","protected":false},"excerpt":{"rendered":"<div class=\"mh-excerpt\">Samedi 4 et dimanche 5 d\u00e9cembre 2021, ici et l\u00e0&#8230;<\/div>\n","protected":false},"author":4,"featured_media":0,"comment_status":"open","ping_status":"open","sticky":false,"template":"","format":"standard","meta":{"om_disable_all_campaigns":false,"advanced_seo_description":"","jetpack_seo_html_title":"","jetpack_seo_noindex":false,"_jetpack_memberships_contains_paid_content":false,"footnotes":"","_links_to":"","_links_to_target":""},"categories":[52],"tags":[],"class_list":{"0":"post-48975","1":"post","2":"type-post","3":"status-publish","4":"format-standard","6":"category-parlons-en"},"jetpack_featured_media_url":"","views":{"total":0,"cached_at":"","cached_date":1738512989},"jetpack_likes_enabled":true,"jetpack_sharing_enabled":true,"jetpack_shortlink":"https:\/\/wp.me\/pg7Wxj-cJV","jetpack-related-posts":[],"_links":{"self":[{"href":"https:\/\/www.o-p-i.fr\/parlonsen\/wp-json\/wp\/v2\/posts\/48975","targetHints":{"allow":["GET"]}}],"collection":[{"href":"https:\/\/www.o-p-i.fr\/parlonsen\/wp-json\/wp\/v2\/posts"}],"about":[{"href":"https:\/\/www.o-p-i.fr\/parlonsen\/wp-json\/wp\/v2\/types\/post"}],"author":[{"embeddable":true,"href":"https:\/\/www.o-p-i.fr\/parlonsen\/wp-json\/wp\/v2\/users\/4"}],"replies":[{"embeddable":true,"href":"https:\/\/www.o-p-i.fr\/parlonsen\/wp-json\/wp\/v2\/comments?post=48975"}],"version-history":[{"count":0,"href":"https:\/\/www.o-p-i.fr\/parlonsen\/wp-json\/wp\/v2\/posts\/48975\/revisions"}],"wp:attachment":[{"href":"https:\/\/www.o-p-i.fr\/parlonsen\/wp-json\/wp\/v2\/media?parent=48975"}],"wp:term":[{"taxonomy":"category","embeddable":true,"href":"https:\/\/www.o-p-i.fr\/parlonsen\/wp-json\/wp\/v2\/categories?post=48975"},{"taxonomy":"post_tag","embeddable":true,"href":"https:\/\/www.o-p-i.fr\/parlonsen\/wp-json\/wp\/v2\/tags?post=48975"}],"curies":[{"name":"wp","href":"https:\/\/api.w.org\/{rel}","templated":true}]}}