{"id":49192,"date":"2021-12-30T20:50:26","date_gmt":"2021-12-30T19:50:26","guid":{"rendered":"https:\/\/www.o-p-i.fr\/parlonsen\/?p=49192"},"modified":"2021-12-30T20:50:26","modified_gmt":"2021-12-30T19:50:26","slug":"exposition-dessin-sculptures-installations-sonores-a-lisle-sur-tarn","status":"publish","type":"post","link":"https:\/\/www.o-p-i.fr\/parlonsen\/parlons-en\/culture\/exposition-dessin-sculptures-installations-sonores-a-lisle-sur-tarn\/","title":{"rendered":"Exposition Dessin , Sculptures, Installations sonores &#8230;\u00e0 Lisle sur Tarn"},"content":{"rendered":"<p>Du vendredi 7 janvier au dimanche 6 mars 2021, \u00e0 l&rsquo;Embarcad\u00e8re.<!--more--><br \/>\nOeuvres de Soline GARRY \/ Matt ROUSSEL \/ Patrick CHANU<\/p>\n<p><img data-recalc-dims=\"1\" loading=\"lazy\" decoding=\"async\" class=\"alignright size-full wp-image-49193\" src=\"https:\/\/i0.wp.com\/www.o-p-i.fr\/parlonsen\/wp-content\/uploads\/Garry.jpg?resize=425%2C421&#038;ssl=1\" alt=\"\" width=\"425\" height=\"421\" srcset=\"https:\/\/i0.wp.com\/www.o-p-i.fr\/parlonsen\/wp-content\/uploads\/Garry.jpg?w=425&amp;ssl=1 425w, https:\/\/i0.wp.com\/www.o-p-i.fr\/parlonsen\/wp-content\/uploads\/Garry.jpg?resize=300%2C297&amp;ssl=1 300w, https:\/\/i0.wp.com\/www.o-p-i.fr\/parlonsen\/wp-content\/uploads\/Garry.jpg?resize=150%2C149&amp;ssl=1 150w, https:\/\/i0.wp.com\/www.o-p-i.fr\/parlonsen\/wp-content\/uploads\/Garry.jpg?resize=400%2C396&amp;ssl=1 400w, https:\/\/i0.wp.com\/www.o-p-i.fr\/parlonsen\/wp-content\/uploads\/Garry.jpg?resize=100%2C99&amp;ssl=1 100w\" sizes=\"auto, (max-width: 425px) 100vw, 425px\" \/>VERNISSAGE: Vendredi 7 Janvier 2022 \u00e0 18h30<\/p>\n<p><strong>Soline GARRY<\/strong> nous invite dans un monde onirique o\u00f9 g\u00e9ants , dieux pa\u00efens, baleines oiseaux, animaux merveilleux, cactus et for\u00eats tropicales c\u00f4toient des amants perdus et \u00e9perdus. Une s\u00e9rie de portraits \u00e0 l&rsquo;encre noire ou \u00e0 l&rsquo;aquarelle, inspir\u00e9s par des h\u00e9ros du quotidien crois\u00e9s au d\u00e9tour des chemins, les repla\u00e7ant au coeur d&rsquo;un espace sacr\u00e9, pour recr\u00e9er une mythologie contemporaine. Une fa\u00e7on de r\u00e9-enchanter le monde!<\/p>\n<p><strong><img data-recalc-dims=\"1\" loading=\"lazy\" decoding=\"async\" class=\"alignleft size-full wp-image-49194\" src=\"https:\/\/i0.wp.com\/www.o-p-i.fr\/parlonsen\/wp-content\/uploads\/Roussel.jpg?resize=422%2C625&#038;ssl=1\" alt=\"\" width=\"422\" height=\"625\" srcset=\"https:\/\/i0.wp.com\/www.o-p-i.fr\/parlonsen\/wp-content\/uploads\/Roussel.jpg?w=422&amp;ssl=1 422w, https:\/\/i0.wp.com\/www.o-p-i.fr\/parlonsen\/wp-content\/uploads\/Roussel.jpg?resize=203%2C300&amp;ssl=1 203w, https:\/\/i0.wp.com\/www.o-p-i.fr\/parlonsen\/wp-content\/uploads\/Roussel.jpg?resize=400%2C592&amp;ssl=1 400w, https:\/\/i0.wp.com\/www.o-p-i.fr\/parlonsen\/wp-content\/uploads\/Roussel.jpg?resize=150%2C222&amp;ssl=1 150w, https:\/\/i0.wp.com\/www.o-p-i.fr\/parlonsen\/wp-content\/uploads\/Roussel.jpg?resize=100%2C148&amp;ssl=1 100w\" sizes=\"auto, (max-width: 422px) 100vw, 422px\" \/>Matt ROUSSEL<\/strong>, graveur et sculpteur, pratique la gravure sur bois depuis 2010 et participe a\u0300 de nombreuses expositions, en France et en Europe. Son travail exprime l&rsquo;amour de la nature, des mythes et des myste\u0300res qui nous environnent. il devient illustrateur en 1991.Il collabore par ailleurs \u00e0 de nombreux magazines en France et au Canada et son travail d&rsquo;illustrateur est utilise\u0301 dans la publicite\u0301 et l&rsquo;e\u0301dition jeunesse. Il a e\u0301te\u0301 e\u0301tudiant \u00e0 l&rsquo;\u00c9cole sup\u00e9rieure des arts appliqu\u00e9s Duperr\u00e9, puis a\u0300 L&rsquo;\u00c9cole des Arts D\u00e9coratifs, Paris.<\/p>\n<p>&nbsp;<\/p>\n<p><strong><img data-recalc-dims=\"1\" loading=\"lazy\" decoding=\"async\" class=\"alignleft wp-image-43132\" src=\"https:\/\/i0.wp.com\/www.o-p-i.fr\/parlonsen\/wp-content\/uploads\/Embarcad%C3%A8re-1.jpg?resize=250%2C43&#038;ssl=1\" alt=\"\" width=\"250\" height=\"43\" srcset=\"https:\/\/i0.wp.com\/www.o-p-i.fr\/parlonsen\/wp-content\/uploads\/Embarcad%C3%A8re-1.jpg?w=170&amp;ssl=1 170w, https:\/\/i0.wp.com\/www.o-p-i.fr\/parlonsen\/wp-content\/uploads\/Embarcad%C3%A8re-1.jpg?resize=150%2C26&amp;ssl=1 150w\" sizes=\"auto, (max-width: 250px) 100vw, 250px\" \/><\/strong><\/p>\n<p>&nbsp;<\/p>\n<p>&nbsp;<\/p>\n<p>19, rue Saint LOUIS<br \/>\n81310 LISLE sur Tarn<br \/>\n<a href=\"mailto:embarcaderelisle@gmail.com\" target=\"_blank\" rel=\"noopener\">embarcaderelisle@gmail.com<\/a><\/p>\n<p><em>Information communiqu\u00e9e par l&rsquo;Embarcad\u00e8re<\/em><\/p>\n<p>&nbsp;<\/p>\n","protected":false},"excerpt":{"rendered":"<div class=\"mh-excerpt\">Du vendredi 7 janvier au dimanche 6 mars 2021, \u00e0 l&rsquo;Embarcad\u00e8re.<\/div>\n","protected":false},"author":4,"featured_media":0,"comment_status":"open","ping_status":"open","sticky":false,"template":"","format":"standard","meta":{"om_disable_all_campaigns":false,"advanced_seo_description":"","jetpack_seo_html_title":"","jetpack_seo_noindex":false,"_jetpack_memberships_contains_paid_content":false,"footnotes":"","_links_to":"","_links_to_target":""},"categories":[42,1,54,4416],"tags":[172,2972,4422,4423,77],"class_list":{"0":"post-49192","1":"post","2":"type-post","3":"status-publish","4":"format-standard","6":"category-a-cote-de-chez-nous","7":"category-culture","8":"category-loisirs","9":"category-n-190-janvier-2022","10":"tag-exposition","11":"tag-lembarcadere","12":"tag-dessins","13":"tag-sculptures","14":"tag-lisle-sur-tarn"},"jetpack_featured_media_url":"","views":{"total":0,"cached_at":"","cached_date":1738333337},"jetpack_likes_enabled":true,"jetpack_sharing_enabled":true,"jetpack_shortlink":"https:\/\/wp.me\/pg7Wxj-cNq","jetpack-related-posts":[],"_links":{"self":[{"href":"https:\/\/www.o-p-i.fr\/parlonsen\/wp-json\/wp\/v2\/posts\/49192","targetHints":{"allow":["GET"]}}],"collection":[{"href":"https:\/\/www.o-p-i.fr\/parlonsen\/wp-json\/wp\/v2\/posts"}],"about":[{"href":"https:\/\/www.o-p-i.fr\/parlonsen\/wp-json\/wp\/v2\/types\/post"}],"author":[{"embeddable":true,"href":"https:\/\/www.o-p-i.fr\/parlonsen\/wp-json\/wp\/v2\/users\/4"}],"replies":[{"embeddable":true,"href":"https:\/\/www.o-p-i.fr\/parlonsen\/wp-json\/wp\/v2\/comments?post=49192"}],"version-history":[{"count":0,"href":"https:\/\/www.o-p-i.fr\/parlonsen\/wp-json\/wp\/v2\/posts\/49192\/revisions"}],"wp:attachment":[{"href":"https:\/\/www.o-p-i.fr\/parlonsen\/wp-json\/wp\/v2\/media?parent=49192"}],"wp:term":[{"taxonomy":"category","embeddable":true,"href":"https:\/\/www.o-p-i.fr\/parlonsen\/wp-json\/wp\/v2\/categories?post=49192"},{"taxonomy":"post_tag","embeddable":true,"href":"https:\/\/www.o-p-i.fr\/parlonsen\/wp-json\/wp\/v2\/tags?post=49192"}],"curies":[{"name":"wp","href":"https:\/\/api.w.org\/{rel}","templated":true}]}}