{"id":492,"date":"2009-09-18T12:32:26","date_gmt":"2009-09-18T10:32:26","guid":{"rendered":"\/parlonsen\/?p=492"},"modified":"2009-09-18T12:36:39","modified_gmt":"2009-09-18T10:36:39","slug":"chouette-idee","status":"publish","type":"post","link":"https:\/\/www.o-p-i.fr\/parlonsen\/parlons-en\/commerce\/chouette-idee\/","title":{"rendered":"Chouette id\u00e9e !"},"content":{"rendered":"<p>Figurez-vous qu\u2019un yaourt \u00e0 la fraise fait en moyenne 2400 Km avant d\u2019arriver dans l\u2019assiette de son consommateur ! <span><span style=\"color: #000000;\"><span style=\"font-family: Arial;\"><img data-recalc-dims=\"1\" loading=\"lazy\" decoding=\"async\" src=\"https:\/\/i0.wp.com\/gfx2.hotmail.com\/mail\/w3\/ltr\/emoticons\/smile_embaressed.gif?resize=19%2C19\" alt=\"\" width=\"19\" height=\"19\" \/><\/span><\/span><\/span><\/p>\n<p>C\u2019est la somme des kilom\u00e8tres parcourus par les diff\u00e9rents camions pour acheminer les fraises, le lait, le pot\u2026 \u00e0 l\u2019usine puis \u00e0 la centrale d\u2019achat, puis au supermarch\u00e9\u2026<\/p>\n<p>Pas fameux pour l\u2019environnement\u2026 <span><span style=\"color: #000000;\"><span style=\"font-family: Arial;\"><img data-recalc-dims=\"1\" loading=\"lazy\" decoding=\"async\" src=\"https:\/\/i0.wp.com\/gfx2.hotmail.com\/mail\/w3\/ltr\/emoticons\/smile_confused.gif?resize=19%2C19\" alt=\"\" width=\"19\" height=\"19\" \/><\/span><\/span><\/span><\/p>\n<p><!--more--><\/p>\n<p>C\u2019est de \u00e7a, entre autre, dont il a \u00e9t\u00e9 question \u00e0 la table ronde sur la consommation locale et durable \u00e0 Places en F\u00eate, en juillet dernier.<\/p>\n<p>G\u00e9rard Poujade, Maire du S\u00e9questre et invit\u00e9 pour l\u2019occasion, a parl\u00e9 de la politique de sa commune compl\u00e8tement tourn\u00e9e vers le d\u00e9veloppement durable.<\/p>\n<p>De nombreuses interventions du public ont permis un d\u00e9bat plein de perspectives et parmi les intervenants, Axelle Patoureau, productrice de viande bio, a fait part de son id\u00e9e de march\u00e9 avec les producteurs du canton sur la Base des Sourigous.<\/p>\n<p>Cette id\u00e9e en a enthousiasm\u00e9 plus d\u2019un qui ont encourag\u00e9 Axelle \u00e0 lancer le march\u00e9. La Communaut\u00e9 de Communes a apport\u00e9 son soutien au projet.<\/p>\n<p>Et \u00e7a a \u00ab march\u00e9 <em><span style=\"color: #808080;\">de producteurs<\/span><\/em> \u00bb ! <span><span style=\"font-family: Arial;\"><img data-recalc-dims=\"1\" loading=\"lazy\" decoding=\"async\" src=\"https:\/\/i0.wp.com\/gfx2.hotmail.com\/mail\/w3\/ltr\/emoticons\/smile_wink.gif?resize=19%2C19\" alt=\"\" width=\"19\" height=\"19\" \/><\/span><\/span><\/p>\n<p>Manger \u00ab sur place \u00bb ce qui est produit \u00ab sur place \u00bb, participer \u00e0 la \u00ab relocalisation \u00bb des activit\u00e9s, r\u00e9pondre \u00e0 la n\u00e9cessit\u00e9 de diminuer les transports et d\u2019am\u00e9liorer l\u2019environnement\u2026 C\u2019est une chouette id\u00e9e qui donne plus de go\u00fbt et de saveur aux plaisirs de la vie !<\/p>\n<p>Rendez-vous vendredi 25 septembre et tous les vendredis, de 16h \u00e0 20h, \u00e0 la Base des Sourigous.  <span><span style=\"font-family: Arial;\"><img data-recalc-dims=\"1\" loading=\"lazy\" decoding=\"async\" src=\"https:\/\/i0.wp.com\/gfx2.hotmail.com\/mail\/w3\/ltr\/emoticons\/car.gif?resize=19%2C19\" alt=\"\" width=\"19\" height=\"19\" \/> <\/span><\/span>Parking confortable assur\u00e9 !<\/p>\n<p>Mireille Brunwasser<\/p>\n","protected":false},"excerpt":{"rendered":"<div class=\"mh-excerpt\">Figurez-vous qu\u2019un yaourt \u00e0 la fraise fait en moyenne 2400 Km avant d\u2019arriver dans l\u2019assiette de son consommateur ! C\u2019est la somme des kilom\u00e8tres parcourus par les diff\u00e9rents camions pour acheminer les fraises, le lait, <a class=\"mh-excerpt-more\" href=\"https:\/\/www.o-p-i.fr\/parlonsen\/parlons-en\/commerce\/chouette-idee\/\" title=\"Chouette id\u00e9e !\">[&#8230;]<\/a><\/div>\n","protected":false},"author":3,"featured_media":0,"comment_status":"open","ping_status":"open","sticky":false,"template":"","format":"standard","meta":{"om_disable_all_campaigns":false,"advanced_seo_description":"","jetpack_seo_html_title":"","jetpack_seo_noindex":false,"_jetpack_memberships_contains_paid_content":false,"footnotes":"","_links_to":"","_links_to_target":""},"categories":[4,55,25,9],"tags":[],"class_list":{"0":"post-492","1":"post","2":"type-post","3":"status-publish","4":"format-standard","6":"category-commerce","7":"category-environnement","8":"category-salvagnac","9":"category-n_42"},"jetpack_featured_media_url":"","views":{"total":0,"cached_at":"","cached_date":1738516825},"jetpack_likes_enabled":true,"jetpack_sharing_enabled":true,"jetpack_shortlink":"https:\/\/wp.me\/pg7Wxj-7W","jetpack-related-posts":[],"_links":{"self":[{"href":"https:\/\/www.o-p-i.fr\/parlonsen\/wp-json\/wp\/v2\/posts\/492","targetHints":{"allow":["GET"]}}],"collection":[{"href":"https:\/\/www.o-p-i.fr\/parlonsen\/wp-json\/wp\/v2\/posts"}],"about":[{"href":"https:\/\/www.o-p-i.fr\/parlonsen\/wp-json\/wp\/v2\/types\/post"}],"author":[{"embeddable":true,"href":"https:\/\/www.o-p-i.fr\/parlonsen\/wp-json\/wp\/v2\/users\/3"}],"replies":[{"embeddable":true,"href":"https:\/\/www.o-p-i.fr\/parlonsen\/wp-json\/wp\/v2\/comments?post=492"}],"version-history":[{"count":0,"href":"https:\/\/www.o-p-i.fr\/parlonsen\/wp-json\/wp\/v2\/posts\/492\/revisions"}],"wp:attachment":[{"href":"https:\/\/www.o-p-i.fr\/parlonsen\/wp-json\/wp\/v2\/media?parent=492"}],"wp:term":[{"taxonomy":"category","embeddable":true,"href":"https:\/\/www.o-p-i.fr\/parlonsen\/wp-json\/wp\/v2\/categories?post=492"},{"taxonomy":"post_tag","embeddable":true,"href":"https:\/\/www.o-p-i.fr\/parlonsen\/wp-json\/wp\/v2\/tags?post=492"}],"curies":[{"name":"wp","href":"https:\/\/api.w.org\/{rel}","templated":true}]}}