{"id":49221,"date":"2022-01-03T18:15:25","date_gmt":"2022-01-03T17:15:25","guid":{"rendered":"https:\/\/www.o-p-i.fr\/parlonsen\/?p=49221"},"modified":"2025-11-10T15:10:05","modified_gmt":"2025-11-10T14:10:05","slug":"lheure-du-conte-a-fronton-31","status":"publish","type":"post","link":"https:\/\/www.o-p-i.fr\/parlonsen\/localisation\/a-cote-de-chez-nous\/lheure-du-conte-a-fronton-31\/","title":{"rendered":"L&rsquo;Heure du conte &#8230;\u00e0 Fronton (31)"},"content":{"rendered":"<p><strong>Samedi 15 janvier 2022<\/strong>, \u00e0 16h.30 Salle des A\u00een\u00e9s (derri\u00e8re la mairie.)<!--more--><\/p>\n<p>&nbsp;<\/p>\n<p><img data-recalc-dims=\"1\" loading=\"lazy\" decoding=\"async\" class=\"aligncenter size-full wp-image-49224\" src=\"https:\/\/i0.wp.com\/www.o-p-i.fr\/parlonsen\/wp-content\/uploads\/contes-4.jpg?resize=831%2C819&#038;ssl=1\" alt=\"\" width=\"831\" height=\"819\" srcset=\"https:\/\/i0.wp.com\/www.o-p-i.fr\/parlonsen\/wp-content\/uploads\/contes-4.jpg?w=831&amp;ssl=1 831w, https:\/\/i0.wp.com\/www.o-p-i.fr\/parlonsen\/wp-content\/uploads\/contes-4.jpg?resize=300%2C296&amp;ssl=1 300w, https:\/\/i0.wp.com\/www.o-p-i.fr\/parlonsen\/wp-content\/uploads\/contes-4.jpg?resize=768%2C757&amp;ssl=1 768w, https:\/\/i0.wp.com\/www.o-p-i.fr\/parlonsen\/wp-content\/uploads\/contes-4.jpg?resize=750%2C739&amp;ssl=1 750w, https:\/\/i0.wp.com\/www.o-p-i.fr\/parlonsen\/wp-content\/uploads\/contes-4.jpg?resize=400%2C394&amp;ssl=1 400w, https:\/\/i0.wp.com\/www.o-p-i.fr\/parlonsen\/wp-content\/uploads\/contes-4.jpg?resize=430%2C424&amp;ssl=1 430w, https:\/\/i0.wp.com\/www.o-p-i.fr\/parlonsen\/wp-content\/uploads\/contes-4.jpg?resize=150%2C148&amp;ssl=1 150w, https:\/\/i0.wp.com\/www.o-p-i.fr\/parlonsen\/wp-content\/uploads\/contes-4.jpg?resize=100%2C99&amp;ssl=1 100w\" sizes=\"auto, (max-width: 831px) 100vw, 831px\" \/><\/p>\n<p><em>Information communiqu\u00e9e par la m\u00e9diath\u00e8que<\/em><\/p>\n<p><a href=\"https:\/\/www.o-p-i.fr\/aupays\/au-pays\/agenda\/\">Retrouvez tous les \u00e9v\u00e9nements dans l&rsquo;agenda !<\/a><\/p>\n<p>&nbsp;<\/p>\n","protected":false},"excerpt":{"rendered":"<div class=\"mh-excerpt\">Samedi 15 janvier 2022, \u00e0 16h.30 Salle des A\u00een\u00e9s (derri\u00e8re la mairie.)<\/div>\n","protected":false},"author":4,"featured_media":0,"comment_status":"open","ping_status":"open","sticky":false,"template":"","format":"standard","meta":{"om_disable_all_campaigns":false,"advanced_seo_description":"","jetpack_seo_html_title":"","jetpack_seo_noindex":false,"_jetpack_memberships_contains_paid_content":false,"footnotes":"","_links_to":"","_links_to_target":""},"categories":[52,42,54,4416],"tags":[1514,1684,2889],"class_list":{"0":"post-49221","1":"post","2":"type-post","3":"status-publish","4":"format-standard","6":"category-parlons-en","7":"category-a-cote-de-chez-nous","8":"category-loisirs","9":"category-n-190-janvier-2022","10":"tag-mediatheque","11":"tag-fronton","12":"tag-contes"},"jetpack_featured_media_url":"","views":{"total":0,"cached_at":"","cached_date":1738211907},"jetpack_likes_enabled":true,"jetpack_sharing_enabled":true,"jetpack_shortlink":"https:\/\/wp.me\/pg7Wxj-cNT","jetpack-related-posts":[],"_links":{"self":[{"href":"https:\/\/www.o-p-i.fr\/parlonsen\/wp-json\/wp\/v2\/posts\/49221","targetHints":{"allow":["GET"]}}],"collection":[{"href":"https:\/\/www.o-p-i.fr\/parlonsen\/wp-json\/wp\/v2\/posts"}],"about":[{"href":"https:\/\/www.o-p-i.fr\/parlonsen\/wp-json\/wp\/v2\/types\/post"}],"author":[{"embeddable":true,"href":"https:\/\/www.o-p-i.fr\/parlonsen\/wp-json\/wp\/v2\/users\/4"}],"replies":[{"embeddable":true,"href":"https:\/\/www.o-p-i.fr\/parlonsen\/wp-json\/wp\/v2\/comments?post=49221"}],"version-history":[{"count":1,"href":"https:\/\/www.o-p-i.fr\/parlonsen\/wp-json\/wp\/v2\/posts\/49221\/revisions"}],"predecessor-version":[{"id":67216,"href":"https:\/\/www.o-p-i.fr\/parlonsen\/wp-json\/wp\/v2\/posts\/49221\/revisions\/67216"}],"wp:attachment":[{"href":"https:\/\/www.o-p-i.fr\/parlonsen\/wp-json\/wp\/v2\/media?parent=49221"}],"wp:term":[{"taxonomy":"category","embeddable":true,"href":"https:\/\/www.o-p-i.fr\/parlonsen\/wp-json\/wp\/v2\/categories?post=49221"},{"taxonomy":"post_tag","embeddable":true,"href":"https:\/\/www.o-p-i.fr\/parlonsen\/wp-json\/wp\/v2\/tags?post=49221"}],"curies":[{"name":"wp","href":"https:\/\/api.w.org\/{rel}","templated":true}]}}