{"id":4944,"date":"2010-09-21T11:39:03","date_gmt":"2010-09-21T09:39:03","guid":{"rendered":"\/parlonsen\/?p=4944"},"modified":"2010-09-21T16:32:44","modified_gmt":"2010-09-21T14:32:44","slug":"2%c2%b0-forum-de-linternet-a-montauban","status":"publish","type":"post","link":"https:\/\/www.o-p-i.fr\/parlonsen\/parlons-en\/commerce\/2%c2%b0-forum-de-linternet-a-montauban\/","title":{"rendered":"2\u00b0 Forum de l&rsquo;INTERNET &#8230; \u00e0 Montauban"},"content":{"rendered":"<p style=\"text-align: justify;\">La Chambre de Commerce et d&rsquo;Industrie de Montauban et du Tarn et Garonne et l&rsquo;Agence de d\u00e9veloppement Touristique du Tarn et Garonne organisent le\u00a0 <span style=\"color: #800000;\"><strong>Lundi 18 Octobre 2010<\/strong><\/span> le <a title=\"cliquez pour voir le site de la manifestation\" href=\"http:\/\/www2.montauban.cci.fr\/foruminternet\/\" target=\"_blank\">2\u00b0 Forum de l&rsquo;INTERNET<\/a>.<!--more--><\/p>\n<p style=\"text-align: justify;\">L&rsquo;\u00e9quipe d&rsquo;O.P.I a particip\u00e9 l&rsquo;an dernier au 1\u00b0 forum de l&rsquo;Internet et a pu mesurer la richesse des informations propos\u00e9es. C&rsquo;est l&rsquo;occasion d&rsquo;\u00e9changer et de nouer des contacts entre entrepreneurs, professionnels et acteurs du tourisme et de faire le point sur les opportunit\u00e9s offertes par Internet ! Rappelons que cette manifestation n&rsquo;est pas \u00ab\u00a0grand public\u00a0\u00bb mais s&rsquo;adresse aux professionnels du commerce et du tourisme; il est n\u00e9cessaire de<a title=\"cliquez pour vous inscrire \" href=\"http:\/\/www2.montauban.cci.fr\/foruminternet\/?page_id=19\" target=\"_blank\"> s&rsquo;inscrire<\/a> pour participer.<\/p>\n<p style=\"text-align: justify;\">Les<span style=\"color: #800000;\"><strong> th\u00e8mes abord\u00e9s<\/strong><\/span> :<br \/>\n&#8211; E-commerce &#8211; E-tourisme<br \/>\n&#8211; R\u00e9ussir un site performant<br \/>\n&#8211; Internet et commerce de proximit\u00e9<br \/>\n&#8211; R\u00e9f\u00e9rencer son site<br \/>\n&#8211; R\u00e9seaux sociaux, web 2.0<br \/>\n&#8211; Internet de demain\u2026<\/p>\n<p style=\"text-align: justify;\"><span style=\"color: #800000;\"><strong>NOUVEAUTES 2010 :<\/strong><\/span><\/p>\n<p style=\"text-align: justify;\"><span style=\"color: #800000;\">LES TROPH\u00c9ES DE L\u2019INTERNET :<\/span> r\u00e9compenseront les meilleurs sites Internet d\u2019entreprises et d\u2019acteurs du tourisme. Prochainement toutes les informations pour candidater sur le site.<\/p>\n<p style=\"text-align: justify;\">un<span style=\"color: #800000;\"> \u201cECOMCAMP\u201d<\/span> organis\u00e9 par la M\u00eal\u00e9e num\u00e9rique<br \/>\nConcept am\u00e9ricain, un barcamp est une non conf\u00e9rence ouverte qui prend la forme d\u2019ateliers-\u00e9v\u00e9nements participatifs ou le contenu est fourni par les participants qui doivent tous, \u00e0 un titre ou \u00e0 un autre, apporter quelque chose au Barcamp. Vous serez amen\u00e9s, lors de votre inscription, \u00e0 proposer un th\u00e8me li\u00e9 au e-commerce sur lequel vous souhaitez \u00e9changer avec les experts pr\u00e9sents.<\/p>\n<p style=\"text-align: justify;\">Conf\u00e9rences &#8211; Ateliers &#8211; D\u00e9bats anim\u00e9s par des professionnels d\u2019Internet<br \/>\nau Centre de Formation Consulaire &#8211; 61, avenue Gambetta &#8211; Montauban<\/p>\n<p style=\"text-align: justify;\"><span style=\"color: #800000;\"><strong>Contact CCI :<\/strong><\/span><br \/>\nService Commerce &#8211; Services &#8211; Tourisme<br \/>\nSandrine Volland &#8211; <a href=\"mailto:s.volland@montauban.cci.fr\">s.volland@montauban.cci.fr<\/a><br \/>\nCatherine Maire &#8211;<a href=\"mailto:c.maire@montauban.cci.fr\"> c.maire@montauban.cci.fr<\/a><br \/>\nT\u00e9l : 05 63 22 26 08<a title=\"cliquez pour voir le programme\" href=\"http:\/\/www2.montauban.cci.fr\/foruminternet\/?page_id=3\" target=\"_blank\"><\/a><\/p>\n<p style=\"text-align: justify;\"><a title=\"cliquez pour voir le programme\" href=\"http:\/\/www2.montauban.cci.fr\/foruminternet\/?page_id=3\" target=\"_blank\">Programme cliquez ici<\/a><\/p>\n<p style=\"text-align: justify;\"><a title=\"cliquez pour vous inscrire\" href=\"http:\/\/www2.montauban.cci.fr\/foruminternet\/?page_id=19\" target=\"_blank\">Inscription cliquez ici<\/a><\/p>\n<p style=\"text-align: justify;\">Organis\u00e9 par la <a title=\"cliquez pour voir le site\" href=\"http:\/\/www.montauban.cci.fr\/\" target=\"_blank\">CCI Montauban<\/a> en partenariat avec <a title=\"cliquez pour voir le site\" href=\"http:\/\/www.tourisme82.com\/\" target=\"_blank\">l&rsquo;Agence de D\u00e9veloppement Touristique de Tarn-et-Garonne<\/a><\/p>\n<p style=\"text-align: justify;\">En collaboration avec : <a title=\"cliquez pour voir le site\" href=\"http:\/\/www.ardesi.fr\/\" target=\"_blank\">ARDESI Midi-Pyr\u00e9n\u00e9es <\/a>\/ <a title=\"cliquez pour voir le site\" href=\"http:\/\/www.lamelee.com\/\" target=\"_blank\">La M\u00eal\u00e9e num\u00e9rique<\/a> \/ <a title=\"cliquez pour voir le site\" href=\"http:\/\/www.tourisme-midi-pyrenees.com\/fr\/index.php\" target=\"_blank\">Comit\u00e9 R\u00e9gional du Tourisme Midi-Pyr\u00e9n\u00e9es<\/a> \/ <a title=\"cliquez pour voir le site\" href=\"http:\/\/www.cirvad.com\/\" target=\"_blank\">CIRVAD <\/a>\/ <a title=\"cliquez pour voir le site\" href=\"http:\/\/www.midi-pyrenees.cci.fr\/\" target=\"_blank\">Chambre r\u00e9gionale de Commerce et d&rsquo;Industrie de Midi-Pyr\u00e9n\u00e9es<\/a> \/ <a title=\"cliquez pour voir le site\" href=\"http:\/\/www.cg82.fr\/\" target=\"_blank\">Conseil G\u00e9n\u00e9ral de Tarn-et-Garonne<\/a> \/ <a title=\"cliquez pour voir le site\" href=\"http:\/\/www.montauban.com\/Communaute_d_agglomeration-280.html\" target=\"_blank\">Communaut\u00e9 d&rsquo;Agglom\u00e9ration Montauban Trois Rivi\u00e8res<\/a>\u00a0\/ <a title=\"cliquez pour voir le site\" href=\"http:\/\/www.cefac.com.\/\" target=\"_blank\">\u00ab\u00a0LE CEFAC\u00a0\u00bb<\/a> \/<\/p>\n<p><a href=\"https:\/\/www.o-p-i.fr\/parlonsen\/agenda\/\"><strong>Retrouvez tous les \u00e9v\u00e8nements dans l&rsquo;agenda !<\/strong><\/a><\/p>\n","protected":false},"excerpt":{"rendered":"<div class=\"mh-excerpt\">La Chambre de Commerce et d&rsquo;Industrie de Montauban et du Tarn et Garonne et l&rsquo;Agence de d\u00e9veloppement Touristique du Tarn et Garonne organisent le\u00a0 Lundi 18 Octobre 2010 le 2\u00b0 Forum de l&rsquo;INTERNET.<\/div>\n","protected":false},"author":4,"featured_media":0,"comment_status":"open","ping_status":"open","sticky":false,"template":"","format":"standard","meta":{"om_disable_all_campaigns":false,"advanced_seo_description":"","jetpack_seo_html_title":"","jetpack_seo_noindex":false,"_jetpack_memberships_contains_paid_content":false,"footnotes":"","_links_to":"","_links_to_target":""},"categories":[51,4,42,6,653],"tags":[2540,300,519,533,693,694],"class_list":{"0":"post-4944","1":"post","2":"type-post","3":"status-publish","4":"format-standard","6":"category-artisanat","7":"category-commerce","8":"category-a-cote-de-chez-nous","9":"category-pratique","10":"category-n-53-septembre-2010","11":"tag-commerce","12":"tag-internet","13":"tag-forum","14":"tag-web","15":"tag-apprendre","16":"tag-comprendre"},"jetpack_featured_media_url":"","views":{"total":0,"cached_at":"","cached_date":1738516499},"jetpack_likes_enabled":true,"jetpack_sharing_enabled":true,"jetpack_shortlink":"https:\/\/wp.me\/pg7Wxj-1hK","jetpack-related-posts":[],"_links":{"self":[{"href":"https:\/\/www.o-p-i.fr\/parlonsen\/wp-json\/wp\/v2\/posts\/4944","targetHints":{"allow":["GET"]}}],"collection":[{"href":"https:\/\/www.o-p-i.fr\/parlonsen\/wp-json\/wp\/v2\/posts"}],"about":[{"href":"https:\/\/www.o-p-i.fr\/parlonsen\/wp-json\/wp\/v2\/types\/post"}],"author":[{"embeddable":true,"href":"https:\/\/www.o-p-i.fr\/parlonsen\/wp-json\/wp\/v2\/users\/4"}],"replies":[{"embeddable":true,"href":"https:\/\/www.o-p-i.fr\/parlonsen\/wp-json\/wp\/v2\/comments?post=4944"}],"version-history":[{"count":0,"href":"https:\/\/www.o-p-i.fr\/parlonsen\/wp-json\/wp\/v2\/posts\/4944\/revisions"}],"wp:attachment":[{"href":"https:\/\/www.o-p-i.fr\/parlonsen\/wp-json\/wp\/v2\/media?parent=4944"}],"wp:term":[{"taxonomy":"category","embeddable":true,"href":"https:\/\/www.o-p-i.fr\/parlonsen\/wp-json\/wp\/v2\/categories?post=4944"},{"taxonomy":"post_tag","embeddable":true,"href":"https:\/\/www.o-p-i.fr\/parlonsen\/wp-json\/wp\/v2\/tags?post=4944"}],"curies":[{"name":"wp","href":"https:\/\/api.w.org\/{rel}","templated":true}]}}