{"id":4950,"date":"2010-09-13T16:39:31","date_gmt":"2010-09-13T14:39:31","guid":{"rendered":"\/parlonsen\/?p=4950"},"modified":"2011-03-29T14:31:59","modified_gmt":"2011-03-29T12:31:59","slug":"la-rentree-de-lassociation-sanke-danse-a-monclar","status":"publish","type":"post","link":"https:\/\/www.o-p-i.fr\/parlonsen\/parlons-en\/culture\/la-rentree-de-lassociation-sanke-danse-a-monclar\/","title":{"rendered":"La rentr\u00e9e de l&rsquo;association Sank\u00e9, danse ! &#8230; \u00e0 Monclar de Quercy"},"content":{"rendered":"<p>La rentr\u00e9e est l\u00e0 &#8230; Nous pouvons \u00e0 pr\u00e9sent et avec grand plaisir vous annoncer le <span style=\"color: #800000;\"><strong>programme des cours<\/strong><\/span> \u00e0 Monclar de Quercy anim\u00e9s par Y\u00e9kini et ses musiciens !<!--more--><\/p>\n<p><span style=\"color: #800000;\"><strong><\/strong><\/span><\/p>\n<figure id=\"attachment_4951\" aria-describedby=\"caption-attachment-4951\" style=\"width: 450px\" class=\"wp-caption alignright\"><strong><strong><img data-recalc-dims=\"1\" loading=\"lazy\" decoding=\"async\" class=\"size-full wp-image-4951\" title=\"Monclar de Quercy (82)\" src=\"https:\/\/i0.wp.com\/www.o-p-i.fr\/parlonsen\/wp-content\/uploads\/affiche_sanke.jpg?resize=450%2C633&#038;ssl=1\" alt=\"Monclar de Quercy (82)\" width=\"450\" height=\"633\" srcset=\"https:\/\/i0.wp.com\/www.o-p-i.fr\/parlonsen\/wp-content\/uploads\/affiche_sanke.jpg?w=450&amp;ssl=1 450w, https:\/\/i0.wp.com\/www.o-p-i.fr\/parlonsen\/wp-content\/uploads\/affiche_sanke.jpg?resize=213%2C300&amp;ssl=1 213w\" sizes=\"auto, (max-width: 450px) 100vw, 450px\" \/><\/strong><\/strong><figcaption id=\"caption-attachment-4951\" class=\"wp-caption-text\">Monclar de Quercy (82)<\/figcaption><\/figure>\n<p><span style=\"color: #800000;\"><strong>Cours de danse africaine ados\/adultes<\/strong><\/span><br \/>\nle mardi :\u00a0 de 19h00 \u00e0 20h30<br \/>\n85 \u20ac le trimestre<\/p>\n<p><span style=\"color: #800000;\"><strong>Cours de Percussions ados\/adultes<\/strong><\/span><br \/>\nle mardi : de 20h30 \u00e0 22h00<br \/>\n65 \u20ac le trimestre<\/p>\n<p><span style=\"color: #800000;\"><strong>Ateliers de cirque pour enfants<\/strong><\/span><br \/>\n<span style=\"color: #800000;\">pour les 5\/8 ans<\/span><br \/>\nle mercredi : de 11h00 \u00e0 12h00<br \/>\n<span style=\"color: #800000;\">pour les 9\/12 ans<\/span><br \/>\nle mercredi : de 14h00 \u00e0 15h00<br \/>\n45 \u20ac le trimestre<\/p>\n<p><span style=\"color: #800000;\"><strong>Cours de danse enfants<\/strong><\/span><br \/>\nle mercredi : de 15h00 \u00e0 16h00<br \/>\n65 \u20ac le trimestre<\/p>\n<p><span style=\"color: #800000;\"><strong>Tarifs Adh\u00e9sion :<\/strong><\/span><br \/>\nAdh\u00e9sion annuelle individuelle : 15 \u20ac<br \/>\nAdh\u00e9sion annuelle famille : 20 \u20ac<br \/>\nAdh\u00e9sion annuelle r\u00e9duite : 10 \u20ac<\/p>\n<p>Les cours d\u00e9buteront la<span style=\"color: #800000;\"> derni\u00e8re semaine de septembre<\/span>, le cours d&rsquo;essai est gratuit et les inscriptions se feront sur place ce jour l\u00e0 &#8230;<\/p>\n<p><span style=\"color: #800000;\"><strong>Pour y aller &#8230;<\/strong><\/span><br \/>\nLes cours auront lieu dans la salle annexe du Grand Hall du lac<\/p>\n<p>N&rsquo;h\u00e9sitez pas \u00e0 nous appeler pour plus de renseignements.<\/p>\n<p><span style=\"color: #800000;\"><strong>Contact : <a title=\"En savoir +\" href=\"https:\/\/www.o-p-i.fr\/aupays\/annuaire\/loisirs\/association-sanke-danse\/\">Association Sank\u00e9, danse !<\/a><\/strong><\/span><\/p>\n<p><em>Communiqu\u00e9 de Alexia et Cathy pour <a title=\"En savoir +\" href=\"https:\/\/www.o-p-i.fr\/aupays\/annuaire\/loisirs\/association-sanke-danse\/\">Sank\u00e9, danse !<\/a><\/em><\/p>\n<p><em><br \/>\n<\/em><\/p>\n","protected":false},"excerpt":{"rendered":"<div class=\"mh-excerpt\">La rentr\u00e9e est l\u00e0 &#8230; Nous pouvons \u00e0 pr\u00e9sent et avec grand plaisir vous annoncer le programme des cours \u00e0 Monclar de Quercy anim\u00e9s par Y\u00e9kini et ses musiciens !<\/div>\n","protected":false},"author":2,"featured_media":0,"comment_status":"open","ping_status":"open","sticky":false,"template":"","format":"standard","meta":{"om_disable_all_campaigns":false,"advanced_seo_description":"","jetpack_seo_html_title":"","jetpack_seo_noindex":false,"_jetpack_memberships_contains_paid_content":false,"footnotes":"","_links_to":"","_links_to_target":""},"categories":[1,54,648,53,6,653],"tags":[164,165,179,194,323,437,507,883,84],"class_list":{"0":"post-4950","1":"post","2":"type-post","3":"status-publish","4":"format-standard","6":"category-culture","7":"category-loisirs","8":"category-cest-la-rentree","9":"category-sports","10":"category-pratique","11":"category-n-53-septembre-2010","12":"tag-percu","13":"tag-djembe","14":"tag-cours","15":"tag-afrique","16":"tag-enfant","17":"tag-culture-africaine","18":"tag-cirque","19":"tag-sanke","20":"tag-danse"},"jetpack_featured_media_url":"","views":{"total":0,"cached_at":"","cached_date":1738514161},"jetpack_likes_enabled":true,"jetpack_sharing_enabled":true,"jetpack_shortlink":"https:\/\/wp.me\/pg7Wxj-1hQ","jetpack-related-posts":[],"_links":{"self":[{"href":"https:\/\/www.o-p-i.fr\/parlonsen\/wp-json\/wp\/v2\/posts\/4950","targetHints":{"allow":["GET"]}}],"collection":[{"href":"https:\/\/www.o-p-i.fr\/parlonsen\/wp-json\/wp\/v2\/posts"}],"about":[{"href":"https:\/\/www.o-p-i.fr\/parlonsen\/wp-json\/wp\/v2\/types\/post"}],"author":[{"embeddable":true,"href":"https:\/\/www.o-p-i.fr\/parlonsen\/wp-json\/wp\/v2\/users\/2"}],"replies":[{"embeddable":true,"href":"https:\/\/www.o-p-i.fr\/parlonsen\/wp-json\/wp\/v2\/comments?post=4950"}],"version-history":[{"count":0,"href":"https:\/\/www.o-p-i.fr\/parlonsen\/wp-json\/wp\/v2\/posts\/4950\/revisions"}],"wp:attachment":[{"href":"https:\/\/www.o-p-i.fr\/parlonsen\/wp-json\/wp\/v2\/media?parent=4950"}],"wp:term":[{"taxonomy":"category","embeddable":true,"href":"https:\/\/www.o-p-i.fr\/parlonsen\/wp-json\/wp\/v2\/categories?post=4950"},{"taxonomy":"post_tag","embeddable":true,"href":"https:\/\/www.o-p-i.fr\/parlonsen\/wp-json\/wp\/v2\/tags?post=4950"}],"curies":[{"name":"wp","href":"https:\/\/api.w.org\/{rel}","templated":true}]}}