{"id":49664,"date":"2022-02-21T20:04:36","date_gmt":"2022-02-21T19:04:36","guid":{"rendered":"https:\/\/www.o-p-i.fr\/parlonsen\/?p=49664"},"modified":"2022-02-21T20:04:36","modified_gmt":"2022-02-21T19:04:36","slug":"coup-denvoi-de-la-saison-2022-a-lisle-sur-tarn","status":"publish","type":"post","link":"https:\/\/www.o-p-i.fr\/parlonsen\/parlons-en\/culture\/coup-denvoi-de-la-saison-2022-a-lisle-sur-tarn\/","title":{"rendered":"Coup d&rsquo;envoi de la saison 2022 ! &#8230; \u00e0 Lisle sur Tarn"},"content":{"rendered":"<p><strong>Samedi 19 mars 2022<\/strong>, \u00e0 11h. au Mus\u00e9e Raymond Lafage. <!--more--><\/p>\n<p><img data-recalc-dims=\"1\" loading=\"lazy\" decoding=\"async\" class=\"alignright wp-image-49665 size-full\" src=\"https:\/\/i0.wp.com\/www.o-p-i.fr\/parlonsen\/wp-content\/uploads\/Lafage-2.jpg?resize=425%2C554&#038;ssl=1\" alt=\"\" width=\"425\" height=\"554\" srcset=\"https:\/\/i0.wp.com\/www.o-p-i.fr\/parlonsen\/wp-content\/uploads\/Lafage-2.jpg?w=425&amp;ssl=1 425w, https:\/\/i0.wp.com\/www.o-p-i.fr\/parlonsen\/wp-content\/uploads\/Lafage-2.jpg?resize=230%2C300&amp;ssl=1 230w, https:\/\/i0.wp.com\/www.o-p-i.fr\/parlonsen\/wp-content\/uploads\/Lafage-2.jpg?resize=400%2C521&amp;ssl=1 400w, https:\/\/i0.wp.com\/www.o-p-i.fr\/parlonsen\/wp-content\/uploads\/Lafage-2.jpg?resize=150%2C196&amp;ssl=1 150w, https:\/\/i0.wp.com\/www.o-p-i.fr\/parlonsen\/wp-content\/uploads\/Lafage-2.jpg?resize=100%2C130&amp;ssl=1 100w\" sizes=\"auto, (max-width: 425px) 100vw, 425px\" \/>\u00a0<strong>Vernissage<\/strong> de l&rsquo;exposition Genevi\u00e8ve D\u00e9mereau le samedi 19 mars \u00e0 11h<\/p>\n<p><em><strong>Une fresque participative<\/strong><\/em><br \/>\n<em>\u00c0 partir du 8 avril, l&rsquo;artiste sera sur place<\/em><br \/>\n<em>\u00a0 \u00a0tous les apr\u00e8s-midi du vendredi au lundi,<\/em><br \/>\n<em>\u00a0 \u00a0 \u00a0 \u00a0 pour guider le public dans un atelier\u00a0<\/em><em>de dessin.<\/em><br \/>\n<em>\u00a0 \u00a0 \u00a0 \u00a0 \u00a0 \u00a0 \u00a0 \u00a0 \u00a0 \u00a0 \u00a0 \u00a0 \u00a0 Une fresque sera ainsi \u00e9labor\u00e9e avec<\/em><br \/>\n<em>\u00a0 \u00a0 \u00a0 \u00a0 \u00a0 \u00a0 \u00a0 \u00a0 \u00a0 \u00a0 \u00a0 \u00a0 \u00a0 \u00a0 \u00a0 \u00a0 Genevi\u00e8ve D\u00e9mereau, et \u00e9voluera jusqu&rsquo;\u00e0<\/em><br \/>\n<em>\u00a0 \u00a0 \u00a0 \u00a0 \u00a0 \u00a0 \u00a0 \u00a0 \u00a0 \u00a0 \u00a0 \u00a0 \u00a0 \u00a0 \u00a0 \u00a0 \u00a0 \u00a0 \u00a0 \u00a0 \u00a0 \u00a0 \u00a0 \u00a0 \u00a0 \u00a0son d\u00e9vernissage, le\u00a0<\/em><strong>samedi 28 mai<\/strong><em>.<\/em><br \/>\n<em>\u00a0 \u00a0 \u00a0 \u00a0 \u00a0 \u00a0 \u00a0 \u00a0 \u00a0 \u00a0 \u00a0 \u00a0 \u00a0 \u00a0 \u00a0 \u00a0 \u00a0 \u00a0 \u00a0 \u00a0 \u00a0 \u00a0 \u00a0 \u00a0 \u00a0 \u00a0 \u00a0 \u00a0 \u00a0 \u00a0 \u00a0 \u00a0 \u00a0 \u00a0 \u00a0<\/em><br \/>\nRenseignements et r\u00e9servations\u00a0par\u00a0<a href=\"mailto:musee.lislesurtarn@wanadoo.fr\" rel=\"noreferrer\">mail<\/a>\u00a0ou t\u00e9l\u00e9phone au mus\u00e9e.<\/p>\n<p>&nbsp;<\/p>\n<p><strong><img data-recalc-dims=\"1\" loading=\"lazy\" decoding=\"async\" class=\"alignleft wp-image-35195\" src=\"https:\/\/i0.wp.com\/www.o-p-i.fr\/parlonsen\/wp-content\/uploads\/lafage-logo.jpg?resize=130%2C116&#038;ssl=1\" alt=\"\" width=\"130\" height=\"116\" \/>Organisateur<\/strong> : Mus\u00e9e Raymond Lafage<\/p>\n<p><strong>Contact<\/strong> : CARRASSUS Anne-Marie<br \/>\nT\u00e9l. :05 63 40 45 45<br \/>\nCourriel : <a href=\"mailto:musee.lislesurtarn@wanadoo.fr\" target=\"_blank\" rel=\"noopener noreferrer\">musee.lislesurtarn@wanadoo.fr<\/a><br \/>\nSite: <a href=\"http:\/\/museeraymondlafage.wifeo.com\/\" target=\"_blank\" rel=\"noopener\">http:\/\/museeraymondlafage.wifeo.com\/<\/a><\/p>\n<p><em>Information communiqu\u00e9e par : Aurore JEAN-AMANS\u00a0<\/em><\/p>\n<p><a href=\"http:\/\/www.o-p-i.fr\/parlonsen\/agenda\/\">Retrouvez tous les \u00e9v\u00e9nements dans l&rsquo;agenda !<\/a><\/p>\n","protected":false},"excerpt":{"rendered":"<div class=\"mh-excerpt\">Samedi 19 mars 2022, \u00e0 11h. au Mus\u00e9e Raymond Lafage.<\/div>\n","protected":false},"author":4,"featured_media":0,"comment_status":"open","ping_status":"open","sticky":false,"template":"","format":"standard","meta":{"om_disable_all_campaigns":false,"advanced_seo_description":"","jetpack_seo_html_title":"","jetpack_seo_noindex":false,"_jetpack_memberships_contains_paid_content":false,"footnotes":"","_links_to":"","_links_to_target":""},"categories":[42,1,54,4447,4448,4449],"tags":[77,78,2700,3440],"class_list":{"0":"post-49664","1":"post","2":"type-post","3":"status-publish","4":"format-standard","6":"category-a-cote-de-chez-nous","7":"category-culture","8":"category-loisirs","9":"category-n-192-mars-2022","10":"category-n-193-avril-2022","11":"category-n-194-mai-2022","12":"tag-lisle-sur-tarn","13":"tag-musee-raymond-lafage","14":"tag-vernissage","15":"tag-exposition-de-dessins"},"jetpack_featured_media_url":"","views":{"total":0,"cached_at":"","cached_date":1738259606},"jetpack_likes_enabled":true,"jetpack_sharing_enabled":true,"jetpack_shortlink":"https:\/\/wp.me\/pg7Wxj-cV2","jetpack-related-posts":[],"_links":{"self":[{"href":"https:\/\/www.o-p-i.fr\/parlonsen\/wp-json\/wp\/v2\/posts\/49664","targetHints":{"allow":["GET"]}}],"collection":[{"href":"https:\/\/www.o-p-i.fr\/parlonsen\/wp-json\/wp\/v2\/posts"}],"about":[{"href":"https:\/\/www.o-p-i.fr\/parlonsen\/wp-json\/wp\/v2\/types\/post"}],"author":[{"embeddable":true,"href":"https:\/\/www.o-p-i.fr\/parlonsen\/wp-json\/wp\/v2\/users\/4"}],"replies":[{"embeddable":true,"href":"https:\/\/www.o-p-i.fr\/parlonsen\/wp-json\/wp\/v2\/comments?post=49664"}],"version-history":[{"count":0,"href":"https:\/\/www.o-p-i.fr\/parlonsen\/wp-json\/wp\/v2\/posts\/49664\/revisions"}],"wp:attachment":[{"href":"https:\/\/www.o-p-i.fr\/parlonsen\/wp-json\/wp\/v2\/media?parent=49664"}],"wp:term":[{"taxonomy":"category","embeddable":true,"href":"https:\/\/www.o-p-i.fr\/parlonsen\/wp-json\/wp\/v2\/categories?post=49664"},{"taxonomy":"post_tag","embeddable":true,"href":"https:\/\/www.o-p-i.fr\/parlonsen\/wp-json\/wp\/v2\/tags?post=49664"}],"curies":[{"name":"wp","href":"https:\/\/api.w.org\/{rel}","templated":true}]}}