{"id":49688,"date":"2022-02-24T15:28:29","date_gmt":"2022-02-24T14:28:29","guid":{"rendered":"https:\/\/www.o-p-i.fr\/parlonsen\/?p=49688"},"modified":"2025-11-05T00:07:18","modified_gmt":"2025-11-04T23:07:18","slug":"douceurs-indiennes-repas-a-salvagnac-81","status":"publish","type":"post","link":"https:\/\/www.o-p-i.fr\/parlonsen\/parlons-en\/culture\/douceurs-indiennes-repas-a-salvagnac-81\/","title":{"rendered":"\u00ab\u00a0Douceurs indiennes\u00a0\u00bb, repas \u00e0 Salvagnac (81)"},"content":{"rendered":"<p><strong>Samedi 26 f\u00e9vrier 2022 &#8211;<\/strong> A partir de 19h., SHIVA au Bord du Monde.<!--more--><img data-recalc-dims=\"1\" loading=\"lazy\" decoding=\"async\" class=\"alignright size-full wp-image-49689\" src=\"https:\/\/i0.wp.com\/www.o-p-i.fr\/parlonsen\/wp-content\/uploads\/Shiva-1.jpg?resize=425%2C425&#038;ssl=1\" alt=\"\" width=\"425\" height=\"425\" srcset=\"https:\/\/i0.wp.com\/www.o-p-i.fr\/parlonsen\/wp-content\/uploads\/Shiva-1.jpg?w=425&amp;ssl=1 425w, https:\/\/i0.wp.com\/www.o-p-i.fr\/parlonsen\/wp-content\/uploads\/Shiva-1.jpg?resize=300%2C300&amp;ssl=1 300w, https:\/\/i0.wp.com\/www.o-p-i.fr\/parlonsen\/wp-content\/uploads\/Shiva-1.jpg?resize=150%2C150&amp;ssl=1 150w, https:\/\/i0.wp.com\/www.o-p-i.fr\/parlonsen\/wp-content\/uploads\/Shiva-1.jpg?resize=400%2C400&amp;ssl=1 400w, https:\/\/i0.wp.com\/www.o-p-i.fr\/parlonsen\/wp-content\/uploads\/Shiva-1.jpg?resize=100%2C100&amp;ssl=1 100w\" sizes=\"auto, (max-width: 425px) 100vw, 425px\" \/>La programmation du mois de MARS 2022\u00a0 vient de sortir, (pour la t\u00e9l\u00e9charger, cliquez: <strong><a href=\"https:\/\/www.o-p-i.fr\/parlonsen\/wp-content\/uploads\/Bord-du-Monde-mars-2022.odt\">Bord du Monde mars 2022<\/a>)<\/strong> elle est disponible en papier \u00e0 Salvagnac sur le comptoir du Caf\u00e9, \u00e0 la Boulangerie, au Vival ou \u00e0 Vivre \u00e0 la campagne. Tous les d\u00e9tails sur <strong><a href=\"https:\/\/www.cafeauborddumonde.fr\/agenda\" target=\"_blank\" rel=\"noopener\">le site:<\/a><\/strong><\/p>\n<p>En attendant, le mois de f\u00e9vrier se termine aux douceurs indiennes&#8230; SARA &amp; BRUNO, les cuisiniers du Caf\u00e9, s&rsquo;associent pour la premi\u00e8re fois pour nous pr\u00e9senter un repas de saveurs 100% indiennes, avec toujours la m\u00eame d\u00e9termination, celle de faire avec le maximum de produits locaux&#8230;<\/p>\n<p>SHIVA A SALVA ! \u00ab\u00a0Thali Tarni\u00a0\u00bb<br \/>\nD\u00eener Indien \u00e0 4 mains !<br \/>\nConcoct\u00e9 par les cuistots du Caf\u00e9: SARA ET BRUNO<\/p>\n<p>RESERVATION OBLIGATOIRE: 05 63 55 14 52<\/p>\n<p>MENU UNIQUE AU FORFAIT DE 25\u20ac, comprenant:<\/p>\n<ul>\n<li>Entr\u00e9e:<\/li>\n<li>Pani purri<\/li>\n<li>Plat au choix:\n<ul>\n<li>Aloo gobi ou<\/li>\n<li>Palak paneer ou<\/li>\n<li>Vindaloo ou<\/li>\n<li>Brochette tandoori<\/li>\n<\/ul>\n<\/li>\n<li>Accompagnement tout compris: Chapati, Riz \u00e0 la cardamome , Ra\u00efta, Achard agrumes , Cr\u00e8me avocat menthe et Pakora<\/li>\n<li>Dessert: Gulab jamun \u00e0 l&rsquo;eau de rose et cr\u00e8me fouett\u00e9e \u00e0 la coco<\/li>\n<li>Boisson sans alcool: Lassi abricot curcuma<\/li>\n<\/ul>\n<p>INFOS PRATIQUES: Acc\u00e8s avec Pass Vacc impos\u00e9<\/p>\n<p><img data-recalc-dims=\"1\" loading=\"lazy\" decoding=\"async\" class=\"alignleft size-full wp-image-45994\" src=\"https:\/\/i0.wp.com\/www.o-p-i.fr\/parlonsen\/wp-content\/uploads\/logo-au-bord-du-monde.jpg?resize=142%2C142&#038;ssl=1\" alt=\"\" width=\"142\" height=\"142\" \/><\/p>\n<p>&nbsp;<\/p>\n<div>12 All\u00e9es Jean Jaur\u00e8s,<br \/>\n81630 Salvagnac<\/div>\n<div dir=\"ltr\">\n<div>05 63 55 14 52<\/div>\n<\/div>\n<p>&nbsp;<\/p>\n<p><em>Information communiqu\u00e9e par l&rsquo;\u00e9quipe \u00ab\u00a0Au bord du Monde\u00a0\u00bb<\/em><\/p>\n<p>&nbsp;<\/p>\n<p>&nbsp;<\/p>\n","protected":false},"excerpt":{"rendered":"<div class=\"mh-excerpt\">Samedi 26 f\u00e9vrier 2022 &#8211; A partir de 19h., SHIVA au Bord du Monde.<\/div>\n","protected":false},"author":4,"featured_media":0,"comment_status":"open","ping_status":"open","sticky":false,"template":"","format":"standard","meta":{"om_disable_all_campaigns":false,"advanced_seo_description":"","jetpack_seo_html_title":"","jetpack_seo_noindex":false,"_jetpack_memberships_contains_paid_content":false,"footnotes":"","_links_to":"","_links_to_target":""},"categories":[1,54,6,25,4447],"tags":[2548,1803,3830,4503],"class_list":{"0":"post-49688","1":"post","2":"type-post","3":"status-publish","4":"format-standard","6":"category-culture","7":"category-loisirs","8":"category-pratique","9":"category-salvagnac","10":"category-n-192-mars-2022","11":"tag-salvagnac","12":"tag-repas-a-theme","13":"tag-cafe-au-bord-du-monde","14":"tag-programme-mars-2022"},"jetpack_featured_media_url":"","views":{"total":0,"cached_at":"","cached_date":1738417668},"jetpack_likes_enabled":true,"jetpack_sharing_enabled":true,"jetpack_shortlink":"https:\/\/wp.me\/pg7Wxj-cVq","jetpack-related-posts":[],"_links":{"self":[{"href":"https:\/\/www.o-p-i.fr\/parlonsen\/wp-json\/wp\/v2\/posts\/49688","targetHints":{"allow":["GET"]}}],"collection":[{"href":"https:\/\/www.o-p-i.fr\/parlonsen\/wp-json\/wp\/v2\/posts"}],"about":[{"href":"https:\/\/www.o-p-i.fr\/parlonsen\/wp-json\/wp\/v2\/types\/post"}],"author":[{"embeddable":true,"href":"https:\/\/www.o-p-i.fr\/parlonsen\/wp-json\/wp\/v2\/users\/4"}],"replies":[{"embeddable":true,"href":"https:\/\/www.o-p-i.fr\/parlonsen\/wp-json\/wp\/v2\/comments?post=49688"}],"version-history":[{"count":1,"href":"https:\/\/www.o-p-i.fr\/parlonsen\/wp-json\/wp\/v2\/posts\/49688\/revisions"}],"predecessor-version":[{"id":66844,"href":"https:\/\/www.o-p-i.fr\/parlonsen\/wp-json\/wp\/v2\/posts\/49688\/revisions\/66844"}],"wp:attachment":[{"href":"https:\/\/www.o-p-i.fr\/parlonsen\/wp-json\/wp\/v2\/media?parent=49688"}],"wp:term":[{"taxonomy":"category","embeddable":true,"href":"https:\/\/www.o-p-i.fr\/parlonsen\/wp-json\/wp\/v2\/categories?post=49688"},{"taxonomy":"post_tag","embeddable":true,"href":"https:\/\/www.o-p-i.fr\/parlonsen\/wp-json\/wp\/v2\/tags?post=49688"}],"curies":[{"name":"wp","href":"https:\/\/api.w.org\/{rel}","templated":true}]}}