{"id":49795,"date":"2022-03-08T15:47:45","date_gmt":"2022-03-08T14:47:45","guid":{"rendered":"https:\/\/www.o-p-i.fr\/parlonsen\/?p=49795"},"modified":"2022-03-08T15:53:07","modified_gmt":"2022-03-08T14:53:07","slug":"atelier-equilibre-a-monclar-de-quercy-82","status":"publish","type":"post","link":"https:\/\/www.o-p-i.fr\/parlonsen\/parlons-en\/pratique\/atelier-equilibre-a-monclar-de-quercy-82\/","title":{"rendered":"\u00ab\u00a0Atelier \u00e9quilibre\u00a0\u00bb &#8230;\u00e0 Monclar de Quercy (82)"},"content":{"rendered":"<p>Du lundi <strong>4 avril au 11 lundi juillet 2022<\/strong>,\u00a0 14h.30 \u00e0 16h. au Club de la Bonne Humeur. <!--more--><img data-recalc-dims=\"1\" loading=\"lazy\" decoding=\"async\" class=\"alignright size-full wp-image-49796\" src=\"https:\/\/i0.wp.com\/www.o-p-i.fr\/parlonsen\/wp-content\/uploads\/Equilibre.jpg?resize=425%2C205&#038;ssl=1\" alt=\"\" width=\"425\" height=\"205\" srcset=\"https:\/\/i0.wp.com\/www.o-p-i.fr\/parlonsen\/wp-content\/uploads\/Equilibre.jpg?w=425&amp;ssl=1 425w, https:\/\/i0.wp.com\/www.o-p-i.fr\/parlonsen\/wp-content\/uploads\/Equilibre.jpg?resize=300%2C145&amp;ssl=1 300w, https:\/\/i0.wp.com\/www.o-p-i.fr\/parlonsen\/wp-content\/uploads\/Equilibre.jpg?resize=400%2C193&amp;ssl=1 400w, https:\/\/i0.wp.com\/www.o-p-i.fr\/parlonsen\/wp-content\/uploads\/Equilibre.jpg?resize=150%2C72&amp;ssl=1 150w, https:\/\/i0.wp.com\/www.o-p-i.fr\/parlonsen\/wp-content\/uploads\/Equilibre.jpg?resize=100%2C48&amp;ssl=1 100w\" sizes=\"auto, (max-width: 425px) 100vw, 425px\" \/>En partenariat avec l&rsquo;<strong>association Familles Rurales<\/strong> et dans le cadre des actions de Pr\u00e9vention men\u00e9es, financ\u00e9es par M2P Midi Pyr\u00e9n\u00e9es Pr\u00e9vention (association regroupant les actions de Pr\u00e9vention de la CARSAT, MSA et SSI de Midi Pyr\u00e9n\u00e9es) et destin\u00e9es aux s\u00e9niors retrait\u00e9s de tous r\u00e9gimes, un atelier Equilibre Pr\u00e9vention de chutes est organis\u00e9<\/p>\n<p><strong>Tous les Lundis de 14h30 \u00e0 16h<\/strong> du 4 Avril au 11 juillet, au club de la bonne humeur, 1 place des anciens d&rsquo;AFN \u00e0 Monclar de Quercy<br \/>\nL&rsquo;atelier se compose de 12 s\u00e9ances et propose des activit\u00e9s qui permettent :<\/p>\n<ul>\n<li>D&rsquo;am\u00e9liorer les fonctions d&rsquo;\u00e9quilibre \u2022 D&rsquo;apprendre les gestes qui \u00e9vitent la chute et qui en diminuent la gravit\u00e9<\/li>\n<li>D&rsquo;apprendre \u00e0 se relever du sol en toute s\u00e9curit\u00e9.<\/li>\n<li>De garder ou retrouver confiance en soi<\/li>\n<\/ul>\n<p><strong>INSCRIPTIONS JUSQU&rsquo;AU 30 MARS 2022<\/strong> &#8211;<br \/>\nPASS VACCINAL OBLIGATOIRE (sauf directives contraires d&rsquo;ici l\u00e0)<\/p>\n<p><img data-recalc-dims=\"1\" loading=\"lazy\" decoding=\"async\" class=\"alignleft size-full wp-image-49801\" src=\"https:\/\/i0.wp.com\/www.o-p-i.fr\/parlonsen\/wp-content\/uploads\/CARSAT.jpg?resize=425%2C198&#038;ssl=1\" alt=\"\" width=\"425\" height=\"198\" srcset=\"https:\/\/i0.wp.com\/www.o-p-i.fr\/parlonsen\/wp-content\/uploads\/CARSAT.jpg?w=425&amp;ssl=1 425w, https:\/\/i0.wp.com\/www.o-p-i.fr\/parlonsen\/wp-content\/uploads\/CARSAT.jpg?resize=300%2C140&amp;ssl=1 300w, https:\/\/i0.wp.com\/www.o-p-i.fr\/parlonsen\/wp-content\/uploads\/CARSAT.jpg?resize=400%2C186&amp;ssl=1 400w, https:\/\/i0.wp.com\/www.o-p-i.fr\/parlonsen\/wp-content\/uploads\/CARSAT.jpg?resize=150%2C70&amp;ssl=1 150w, https:\/\/i0.wp.com\/www.o-p-i.fr\/parlonsen\/wp-content\/uploads\/CARSAT.jpg?resize=100%2C47&amp;ssl=1 100w\" sizes=\"auto, (max-width: 425px) 100vw, 425px\" \/>Cet atelier sera anim\u00e9 par Anne DUVAL, animatrice dipl\u00f4m\u00e9e, form\u00e9e et agr\u00e9\u00e9e \u00e0 ce titre par M2P Midi-Pyr\u00e9n\u00e9es Pr\u00e9vention et financ\u00e9 par les Caisses de Retraites.<br \/>\n<strong>Organisateur<\/strong> : association familles rurales<\/p>\n<p><strong>Contact<\/strong> : Etienne VALLON<br \/>\nT\u00e9l. :0563264896<br \/>\nCourriel :\u00a0 <a href=\"mailto:etienne.vallon@famillesrurales.org\" target=\"_blank\" rel=\"noopener\">etienne.vallon@famillesrurales.org<\/a><\/p>\n<p>Information communiqu\u00e9e par Etienne VALLON<\/p>\n<p><a href=\"https:\/\/www.o-p-i.fr\/aupays\/au-pays\/agenda\/\">Retrouvez tous les \u00e9v\u00e9nements dans l&rsquo;agenda !<\/a><\/p>\n","protected":false},"excerpt":{"rendered":"<div class=\"mh-excerpt\">Du lundi 4 avril au 11 lundi juillet 2022,\u00a0 14h.30 \u00e0 16h. au Club de la Bonne Humeur.<\/div>\n","protected":false},"author":4,"featured_media":0,"comment_status":"open","ping_status":"open","sticky":false,"template":"","format":"standard","meta":{"om_disable_all_campaigns":false,"advanced_seo_description":"","jetpack_seo_html_title":"","jetpack_seo_noindex":false,"_jetpack_memberships_contains_paid_content":false,"footnotes":"","_links_to":"","_links_to_target":""},"categories":[52,16,58,6,4448,4449,4450],"tags":[],"class_list":{"0":"post-49795","1":"post","2":"type-post","3":"status-publish","4":"format-standard","6":"category-parlons-en","7":"category-monclar","8":"category-sante","9":"category-pratique","10":"category-n-193-avril-2022","11":"category-n-194-mai-2022","12":"category-n-195-juin-2022"},"jetpack_featured_media_url":"","views":{"total":0,"cached_at":"","cached_date":1737885765},"jetpack_likes_enabled":true,"jetpack_sharing_enabled":true,"jetpack_shortlink":"https:\/\/wp.me\/pg7Wxj-cX9","jetpack-related-posts":[],"_links":{"self":[{"href":"https:\/\/www.o-p-i.fr\/parlonsen\/wp-json\/wp\/v2\/posts\/49795","targetHints":{"allow":["GET"]}}],"collection":[{"href":"https:\/\/www.o-p-i.fr\/parlonsen\/wp-json\/wp\/v2\/posts"}],"about":[{"href":"https:\/\/www.o-p-i.fr\/parlonsen\/wp-json\/wp\/v2\/types\/post"}],"author":[{"embeddable":true,"href":"https:\/\/www.o-p-i.fr\/parlonsen\/wp-json\/wp\/v2\/users\/4"}],"replies":[{"embeddable":true,"href":"https:\/\/www.o-p-i.fr\/parlonsen\/wp-json\/wp\/v2\/comments?post=49795"}],"version-history":[{"count":0,"href":"https:\/\/www.o-p-i.fr\/parlonsen\/wp-json\/wp\/v2\/posts\/49795\/revisions"}],"wp:attachment":[{"href":"https:\/\/www.o-p-i.fr\/parlonsen\/wp-json\/wp\/v2\/media?parent=49795"}],"wp:term":[{"taxonomy":"category","embeddable":true,"href":"https:\/\/www.o-p-i.fr\/parlonsen\/wp-json\/wp\/v2\/categories?post=49795"},{"taxonomy":"post_tag","embeddable":true,"href":"https:\/\/www.o-p-i.fr\/parlonsen\/wp-json\/wp\/v2\/tags?post=49795"}],"curies":[{"name":"wp","href":"https:\/\/api.w.org\/{rel}","templated":true}]}}