{"id":4981,"date":"2010-09-14T12:43:23","date_gmt":"2010-09-14T10:43:23","guid":{"rendered":"\/parlonsen\/?p=4981"},"modified":"2011-01-25T11:26:10","modified_gmt":"2011-01-25T09:26:10","slug":"fete-de-la-foret-et-du-bois-a-la-maison-de-la-foret-departementale-de-sivens","status":"publish","type":"post","link":"https:\/\/www.o-p-i.fr\/parlonsen\/parlons-en\/culture\/fete-de-la-foret-et-du-bois-a-la-maison-de-la-foret-departementale-de-sivens\/","title":{"rendered":"F\u00eate de la for\u00eat et du bois &#8230; \u00e0 la Maison de la for\u00eat d\u00e9partementale de Sivens"},"content":{"rendered":"<p>Dans le cadre de l\u2019<span style=\"color: #003300;\"><strong>ann\u00e9e internationale de la biodiversit\u00e9<\/strong><\/span>, la Maison de la for\u00eat d\u00e9partementale de Sivens vous invite \u00e0 la <span style=\"color: #003300;\"><strong>F\u00eate de la for\u00eat et du bois<\/strong><\/span> le <span style=\"color: #003300;\"><strong>Dimanche 26 Septembre<\/strong><\/span> 2010 de 10 h \u00e0 18 h.<!--more--><\/p>\n<figure id=\"attachment_4982\" aria-describedby=\"caption-attachment-4982\" style=\"width: 211px\" class=\"wp-caption alignright\"><a href=\"http:\/\/www.tarn.fr\"><strong><img data-recalc-dims=\"1\" loading=\"lazy\" decoding=\"async\" class=\"size-full wp-image-4982 \" title=\"For\u00eat d\u00e9partementale - base de Sivens (81)\" src=\"https:\/\/i0.wp.com\/www.o-p-i.fr\/parlonsen\/wp-content\/uploads\/fly_fete_foretbois.jpg?resize=211%2C446&#038;ssl=1\" alt=\"For\u00eat d\u00e9partementale - base de Sivens (81)\" width=\"211\" height=\"446\" \/><\/strong><\/a><figcaption id=\"caption-attachment-4982\" class=\"wp-caption-text\">For\u00eat d\u00e9partementale - base de Sivens (81)<\/figcaption><\/figure>\n<p><strong><span style=\"color: #003300;\">Des animations et des activit\u00e9s<\/span><br \/>\n<\/strong><span style=\"color: #ff6600;\"><em>toute la journ\u00e9e<\/em><\/span><br \/>\n\u2022 balades d\u2019observation avec la LPO et l\u2019ONF ;<br \/>\n\u2022 ateliers d\u00e9couvertes avec le CPIE des Pays Tarnais, Tryfil et AOB ;<br \/>\n\u2022 d\u00e9monstrations de savoir-faire ;<br \/>\n\u2022 activit\u00e9s de sports et nature : tir \u00e0 l\u2019arc, course d\u2019orientation, escalade, cyclisme, cyclotourisme, randonn\u00e9e p\u00e9destre ;<br \/>\n\u2022 balades cont\u00e9es.<\/p>\n<p><span style=\"color: #003300;\"><strong>Des p\u00f4les d\u2019expositions <\/strong><\/span><em><br \/>\n<span style=\"color: #ff6600;\">autour de l\u2019environnement, de l\u2019\u00e9conomie et du loisir <\/span><\/em><br \/>\n\u2022 le Conseil g\u00e9n\u00e9ral cultive ses for\u00eats et valorise son environnement ;<br \/>\n\u2022 les acteurs de la for\u00eat ;<br \/>\n\u2022 le camp des artisans du bois et des producteurs du terroir ;<br \/>\n\u2022 l\u2019espace land art \u00ab nature contre nature \u00bb, exposition de Sylvie Maurice et Pascal Simonet ;<br \/>\n\u2022 le coin des petits cr\u00e9ateurs<br \/>\n\u2022 l\u2019espace restauration (buffet fermier : 14 e, avec le groupement des CIVAM du Tarn).<\/p>\n<p><span style=\"color: #003300;\">*R\u00e9servation conseill\u00e9e pour la restauration :<\/span><br \/>\nT\u00e9l. Fixe :\u00a0 05 63 33 10 23<br \/>\nT\u00e9l. : Port : 06 70 42 77 70<\/p>\n<p><span style=\"color: #003300;\"><strong>Pour y aller &#8230;<\/strong><\/span><br \/>\nFor\u00eat d\u00e9partementale &#8211; base de Sivens<br \/>\n12 km de Gaillac, direction Montauban.<\/p>\n<p><span style=\"color: #003300;\"><strong>Renseignements : <\/strong><\/span><br \/>\nT\u00e9l. : 05 63 33 10 23<\/p>\n<p>Retrouvez le programme d\u00e9taill\u00e9 sur\u00a0 <a title=\"Ouvre le site dans une nouvelle fen\u00eatre\" href=\"http:\/\/www.tarn.fr\/\" target=\"_blank\">www.tarn.fr<\/a><\/p>\n<p><a href=\"https:\/\/www.o-p-i.fr\/parlonsen\/agenda\/\"><strong>Retrouvez tous les \u00e9v\u00e8nements dans l&rsquo;agenda !<\/strong><\/a><\/p>\n","protected":false},"excerpt":{"rendered":"<div class=\"mh-excerpt\">Dans le cadre de l\u2019ann\u00e9e internationale de la biodiversit\u00e9, la Maison de la for\u00eat d\u00e9partementale de Sivens vous invite \u00e0 la F\u00eate de la for\u00eat et du bois le Dimanche 26 Septembre 2010 de 10 <a class=\"mh-excerpt-more\" href=\"https:\/\/www.o-p-i.fr\/parlonsen\/parlons-en\/culture\/fete-de-la-foret-et-du-bois-a-la-maison-de-la-foret-departementale-de-sivens\/\" title=\"F\u00eate de la for\u00eat et du bois &#8230; \u00e0 la Maison de la for\u00eat d\u00e9partementale de Sivens\">[&#8230;]<\/a><\/div>\n","protected":false},"author":2,"featured_media":0,"comment_status":"open","ping_status":"open","sticky":false,"template":"","format":"standard","meta":{"om_disable_all_campaigns":false,"advanced_seo_description":"","jetpack_seo_html_title":"","jetpack_seo_noindex":false,"_jetpack_memberships_contains_paid_content":false,"footnotes":"","_links_to":"","_links_to_target":""},"categories":[51,42,1,55,54,53,6,653],"tags":[302,323,330,393,2561,568,642,38,672,82,105,138,157,166,172,193,2562],"class_list":{"0":"post-4981","1":"post","2":"type-post","3":"status-publish","4":"format-standard","6":"category-artisanat","7":"category-a-cote-de-chez-nous","8":"category-culture","9":"category-environnement","10":"category-loisirs","11":"category-sports","12":"category-pratique","13":"category-n-53-septembre-2010","14":"tag-sivens","15":"tag-enfant","16":"tag-rencontre","17":"tag-developpement-durable","18":"tag-loisirs","19":"tag-sortie","20":"tag-foret","21":"tag-sport","22":"tag-bois","23":"tag-aines","24":"tag-nature","25":"tag-marche","26":"tag-repas","27":"tag-randonnee","28":"tag-exposition","29":"tag-loto","30":"tag-environnement"},"jetpack_featured_media_url":"","views":{"total":0,"cached_at":"","cached_date":1738516708},"jetpack_likes_enabled":true,"jetpack_sharing_enabled":true,"jetpack_shortlink":"https:\/\/wp.me\/pg7Wxj-1il","jetpack-related-posts":[],"_links":{"self":[{"href":"https:\/\/www.o-p-i.fr\/parlonsen\/wp-json\/wp\/v2\/posts\/4981","targetHints":{"allow":["GET"]}}],"collection":[{"href":"https:\/\/www.o-p-i.fr\/parlonsen\/wp-json\/wp\/v2\/posts"}],"about":[{"href":"https:\/\/www.o-p-i.fr\/parlonsen\/wp-json\/wp\/v2\/types\/post"}],"author":[{"embeddable":true,"href":"https:\/\/www.o-p-i.fr\/parlonsen\/wp-json\/wp\/v2\/users\/2"}],"replies":[{"embeddable":true,"href":"https:\/\/www.o-p-i.fr\/parlonsen\/wp-json\/wp\/v2\/comments?post=4981"}],"version-history":[{"count":0,"href":"https:\/\/www.o-p-i.fr\/parlonsen\/wp-json\/wp\/v2\/posts\/4981\/revisions"}],"wp:attachment":[{"href":"https:\/\/www.o-p-i.fr\/parlonsen\/wp-json\/wp\/v2\/media?parent=4981"}],"wp:term":[{"taxonomy":"category","embeddable":true,"href":"https:\/\/www.o-p-i.fr\/parlonsen\/wp-json\/wp\/v2\/categories?post=4981"},{"taxonomy":"post_tag","embeddable":true,"href":"https:\/\/www.o-p-i.fr\/parlonsen\/wp-json\/wp\/v2\/tags?post=4981"}],"curies":[{"name":"wp","href":"https:\/\/api.w.org\/{rel}","templated":true}]}}