{"id":49871,"date":"2022-03-18T01:08:41","date_gmt":"2022-03-18T00:08:41","guid":{"rendered":"https:\/\/www.o-p-i.fr\/parlonsen\/?p=49871"},"modified":"2022-03-18T01:08:41","modified_gmt":"2022-03-18T00:08:41","slug":"25eme-festival-de-theatre-amateur-a-la-salvetat-belmontet-82","status":"publish","type":"post","link":"https:\/\/www.o-p-i.fr\/parlonsen\/localisation\/au-pays-des-tescous\/salvetat\/25eme-festival-de-theatre-amateur-a-la-salvetat-belmontet-82\/","title":{"rendered":"25\u00e8me festival de th\u00e9\u00e2tre amateur&#8230; \u00e0 La Salvetat Belmontet (82)"},"content":{"rendered":"<p><strong>Vendredi 8 et samedi 9 avril 2022<\/strong>, \u00e0 21 h. salle de Saint Caprais.<!--more--><\/p>\n<p>L\u2019Association Th\u00e9\u00e2tre en Quercy Vert \u00e0 le plaisir de vous pr\u00e9senter le 25\u00e8me Festival de Th\u00e9\u00e2tre Amateur.<\/p>\n<p><img data-recalc-dims=\"1\" loading=\"lazy\" decoding=\"async\" class=\"aligncenter wp-image-49932\" src=\"https:\/\/i0.wp.com\/www.o-p-i.fr\/parlonsen\/wp-content\/uploads\/theatrales.jpg?resize=750%2C786&#038;ssl=1\" alt=\"\" width=\"750\" height=\"786\" srcset=\"https:\/\/i0.wp.com\/www.o-p-i.fr\/parlonsen\/wp-content\/uploads\/theatrales.jpg?w=624&amp;ssl=1 624w, https:\/\/i0.wp.com\/www.o-p-i.fr\/parlonsen\/wp-content\/uploads\/theatrales.jpg?resize=286%2C300&amp;ssl=1 286w, https:\/\/i0.wp.com\/www.o-p-i.fr\/parlonsen\/wp-content\/uploads\/theatrales.jpg?resize=400%2C419&amp;ssl=1 400w, https:\/\/i0.wp.com\/www.o-p-i.fr\/parlonsen\/wp-content\/uploads\/theatrales.jpg?resize=430%2C451&amp;ssl=1 430w, https:\/\/i0.wp.com\/www.o-p-i.fr\/parlonsen\/wp-content\/uploads\/theatrales.jpg?resize=150%2C157&amp;ssl=1 150w, https:\/\/i0.wp.com\/www.o-p-i.fr\/parlonsen\/wp-content\/uploads\/theatrales.jpg?resize=100%2C105&amp;ssl=1 100w\" sizes=\"auto, (max-width: 750px) 100vw, 750px\" \/><\/p>\n<p><img data-recalc-dims=\"1\" loading=\"lazy\" decoding=\"async\" class=\"aligncenter size-full wp-image-49933\" src=\"https:\/\/i0.wp.com\/www.o-p-i.fr\/parlonsen\/wp-content\/uploads\/theatrales-2.jpg?resize=624%2C654&#038;ssl=1\" alt=\"\" width=\"624\" height=\"654\" srcset=\"https:\/\/i0.wp.com\/www.o-p-i.fr\/parlonsen\/wp-content\/uploads\/theatrales-2.jpg?w=624&amp;ssl=1 624w, https:\/\/i0.wp.com\/www.o-p-i.fr\/parlonsen\/wp-content\/uploads\/theatrales-2.jpg?resize=286%2C300&amp;ssl=1 286w, https:\/\/i0.wp.com\/www.o-p-i.fr\/parlonsen\/wp-content\/uploads\/theatrales-2.jpg?resize=400%2C419&amp;ssl=1 400w, https:\/\/i0.wp.com\/www.o-p-i.fr\/parlonsen\/wp-content\/uploads\/theatrales-2.jpg?resize=430%2C451&amp;ssl=1 430w, https:\/\/i0.wp.com\/www.o-p-i.fr\/parlonsen\/wp-content\/uploads\/theatrales-2.jpg?resize=150%2C157&amp;ssl=1 150w, https:\/\/i0.wp.com\/www.o-p-i.fr\/parlonsen\/wp-content\/uploads\/theatrales-2.jpg?resize=100%2C105&amp;ssl=1 100w\" sizes=\"auto, (max-width: 624px) 100vw, 624px\" \/><\/p>\n<p>Deux soir\u00e9es de d\u00e9tente, le vendredi 8 avril \u00e0 21h et le samedi 9 avril \u00e0 21h \u00e0 la salle de SAINT CAPRAIS la Salvetat-Belmontet 82230.<\/p>\n<p><em>Information communiqu\u00e9e par Christian MOUYEN.\u00a0<\/em><\/p>\n<p><a href=\"https:\/\/www.o-p-i.fr\/aupays\/au-pays\/agenda\/\">Retrouvez tous les \u00e9v\u00e9nements dans l&rsquo;agenda !<\/a><\/p>\n","protected":false},"excerpt":{"rendered":"<div class=\"mh-excerpt\">Vendredi 8 et samedi 9 avril 2022, \u00e0 21 h. salle de Saint Caprais.<\/div>\n","protected":false},"author":4,"featured_media":0,"comment_status":"open","ping_status":"open","sticky":false,"template":"","format":"standard","meta":{"om_disable_all_campaigns":false,"advanced_seo_description":"","jetpack_seo_html_title":"","jetpack_seo_noindex":false,"_jetpack_memberships_contains_paid_content":false,"footnotes":"","_links_to":"","_links_to_target":""},"categories":[52,34,54,4447],"tags":[],"class_list":{"0":"post-49871","1":"post","2":"type-post","3":"status-publish","4":"format-standard","6":"category-parlons-en","7":"category-salvetat","8":"category-loisirs","9":"category-n-192-mars-2022"},"jetpack_featured_media_url":"","views":{"total":0,"cached_at":"","cached_date":1738476980},"jetpack_likes_enabled":true,"jetpack_sharing_enabled":true,"jetpack_shortlink":"https:\/\/wp.me\/pg7Wxj-cYn","jetpack-related-posts":[],"_links":{"self":[{"href":"https:\/\/www.o-p-i.fr\/parlonsen\/wp-json\/wp\/v2\/posts\/49871","targetHints":{"allow":["GET"]}}],"collection":[{"href":"https:\/\/www.o-p-i.fr\/parlonsen\/wp-json\/wp\/v2\/posts"}],"about":[{"href":"https:\/\/www.o-p-i.fr\/parlonsen\/wp-json\/wp\/v2\/types\/post"}],"author":[{"embeddable":true,"href":"https:\/\/www.o-p-i.fr\/parlonsen\/wp-json\/wp\/v2\/users\/4"}],"replies":[{"embeddable":true,"href":"https:\/\/www.o-p-i.fr\/parlonsen\/wp-json\/wp\/v2\/comments?post=49871"}],"version-history":[{"count":0,"href":"https:\/\/www.o-p-i.fr\/parlonsen\/wp-json\/wp\/v2\/posts\/49871\/revisions"}],"wp:attachment":[{"href":"https:\/\/www.o-p-i.fr\/parlonsen\/wp-json\/wp\/v2\/media?parent=49871"}],"wp:term":[{"taxonomy":"category","embeddable":true,"href":"https:\/\/www.o-p-i.fr\/parlonsen\/wp-json\/wp\/v2\/categories?post=49871"},{"taxonomy":"post_tag","embeddable":true,"href":"https:\/\/www.o-p-i.fr\/parlonsen\/wp-json\/wp\/v2\/tags?post=49871"}],"curies":[{"name":"wp","href":"https:\/\/api.w.org\/{rel}","templated":true}]}}