{"id":49936,"date":"2022-03-18T01:51:22","date_gmt":"2022-03-18T00:51:22","guid":{"rendered":"https:\/\/www.o-p-i.fr\/parlonsen\/?p=49936"},"modified":"2022-03-18T01:51:22","modified_gmt":"2022-03-18T00:51:22","slug":"concert-boucan-rock-extravagant-a-salvagnac-81","status":"publish","type":"post","link":"https:\/\/www.o-p-i.fr\/parlonsen\/localisation\/au-pays-des-tescous\/salvagnac\/concert-boucan-rock-extravagant-a-salvagnac-81\/","title":{"rendered":"Concert \u00ab\u00a0Boucan\u00a0\u00bb, rock extravagant&#8230;\u00e0 Salvagnac (81)"},"content":{"rendered":"<p><strong>Samedi 26 mars 2022<\/strong>, d\u00e8s 19h.30 \u00e0 l&rsquo;Ecrin (ancien presbyt\u00e8re)<!--more--><\/p>\n<ul>\n<li><strong><img data-recalc-dims=\"1\" loading=\"lazy\" decoding=\"async\" class=\"alignright size-full wp-image-49937\" src=\"https:\/\/i0.wp.com\/www.o-p-i.fr\/parlonsen\/wp-content\/uploads\/Boucan-1.jpg?resize=425%2C392&#038;ssl=1\" alt=\"\" width=\"425\" height=\"392\" srcset=\"https:\/\/i0.wp.com\/www.o-p-i.fr\/parlonsen\/wp-content\/uploads\/Boucan-1.jpg?w=425&amp;ssl=1 425w, https:\/\/i0.wp.com\/www.o-p-i.fr\/parlonsen\/wp-content\/uploads\/Boucan-1.jpg?resize=300%2C277&amp;ssl=1 300w, https:\/\/i0.wp.com\/www.o-p-i.fr\/parlonsen\/wp-content\/uploads\/Boucan-1.jpg?resize=400%2C369&amp;ssl=1 400w, https:\/\/i0.wp.com\/www.o-p-i.fr\/parlonsen\/wp-content\/uploads\/Boucan-1.jpg?resize=150%2C138&amp;ssl=1 150w, https:\/\/i0.wp.com\/www.o-p-i.fr\/parlonsen\/wp-content\/uploads\/Boucan-1.jpg?resize=100%2C92&amp;ssl=1 100w\" sizes=\"auto, (max-width: 425px) 100vw, 425px\" \/>Repas maison<\/strong> \u00e0 19h.30 (seulement sur r\u00e9servation au 06 79 68 12 15, par texto de pr\u00e9f\u00e9rence) 7\u20ac50, 5\u20ac pour les &#8211; de 12 ans<\/li>\n<li><strong>Concert<\/strong> \u00e0 21h. tarif: 10\u20ac, r\u00e9duit 7\u20ac, gratuit pour les &#8211; de 12 ans<\/li>\n<\/ul>\n<p>BOUCAN<br \/>\nRock Extravagant<br \/>\nDeux cris, une contrebasse et des guitares bidon\/banjo jouent un m\u00e9lange de chanson folk et de rock a\u00e9rien avec un groove singulier et une \u00e9nergie punk. Une musique libre sans limite. Des textes surr\u00e9alistes, des chants chamaniques pos\u00e9s sur une musique ouverte sur le monde, certains y entendront le rock \u00e9trange de Captain Beefheart, la finesse d&rsquo;un Gainsbourg des 50&rsquo;s ou bien des sonorit\u00e9s d&rsquo;une tribu amazonienne pas encore d\u00e9couverte. Leur concert est un voyage au travers des \u00e2ges et du vaste monde qui vous fera frissonner et vous donnera une furieuse envie de danser et de vivre ! Inoubliable.<br \/>\n[Photo : Ariane Ruebrecht]<\/p>\n<p><strong>PROCHAINE DATE :<\/strong><br \/>\nSamedi 16 avril 2022 DAVID LAFORE<br \/>\nDavid<br \/>\nLafore, c&rsquo;est ce po\u00e8te qui c\u00e9l\u00e8bre aussi bien le coton blanc des culottes, les fleurs s\u00e9ch\u00e9es, le thym&#8230; que le cunnilingus. C&rsquo;est cet esth\u00e8te qui, sur la pochette de ses disques, choisit soit de poser de dos, soit coiff\u00e9\u2000 comme un Playmobil, soit caricatur\u00e9\u2000 en quelques traits approximatifs. C&rsquo;est aussi ce stakhanoviste du one-man-show (entre 120 \/150 concerts par an, excusez du peu) qui, chaque soir, met le feu \u2000 l&rsquo;aide d&rsquo;une chaise, d&rsquo;une guitare acoustique et d&rsquo;une carafe d&rsquo;eau.<\/p>\n<p><em>Information communiqu\u00e9e par \u00ab\u00a0Le Galetas\u00a0\u00bb<\/em><\/p>\n<p><a href=\"https:\/\/www.o-p-i.fr\/aupays\/au-pays\/agenda\/\">Retrouvez tous les \u00e9v\u00e9nements dans l&rsquo;agenda !<\/a><\/p>\n","protected":false},"excerpt":{"rendered":"<div class=\"mh-excerpt\">Samedi 26 mars 2022, d\u00e8s 19h.30 \u00e0 l&rsquo;Ecrin (ancien presbyt\u00e8re)<\/div>\n","protected":false},"author":4,"featured_media":0,"comment_status":"open","ping_status":"open","sticky":false,"template":"","format":"standard","meta":{"om_disable_all_campaigns":false,"advanced_seo_description":"","jetpack_seo_html_title":"","jetpack_seo_noindex":false,"_jetpack_memberships_contains_paid_content":false,"footnotes":"","_links_to":"","_links_to_target":""},"categories":[54,25,4447],"tags":[43,2548,1319,1536,3402],"class_list":{"0":"post-49936","1":"post","2":"type-post","3":"status-publish","4":"format-standard","6":"category-loisirs","7":"category-salvagnac","8":"category-n-192-mars-2022","9":"tag-concert","10":"tag-salvagnac","11":"tag-le-galetas","12":"tag-rock","13":"tag-repas-maison"},"jetpack_featured_media_url":"","views":{"total":0,"cached_at":"","cached_date":1738266290},"jetpack_likes_enabled":true,"jetpack_sharing_enabled":true,"jetpack_shortlink":"https:\/\/wp.me\/pg7Wxj-cZq","jetpack-related-posts":[],"_links":{"self":[{"href":"https:\/\/www.o-p-i.fr\/parlonsen\/wp-json\/wp\/v2\/posts\/49936","targetHints":{"allow":["GET"]}}],"collection":[{"href":"https:\/\/www.o-p-i.fr\/parlonsen\/wp-json\/wp\/v2\/posts"}],"about":[{"href":"https:\/\/www.o-p-i.fr\/parlonsen\/wp-json\/wp\/v2\/types\/post"}],"author":[{"embeddable":true,"href":"https:\/\/www.o-p-i.fr\/parlonsen\/wp-json\/wp\/v2\/users\/4"}],"replies":[{"embeddable":true,"href":"https:\/\/www.o-p-i.fr\/parlonsen\/wp-json\/wp\/v2\/comments?post=49936"}],"version-history":[{"count":0,"href":"https:\/\/www.o-p-i.fr\/parlonsen\/wp-json\/wp\/v2\/posts\/49936\/revisions"}],"wp:attachment":[{"href":"https:\/\/www.o-p-i.fr\/parlonsen\/wp-json\/wp\/v2\/media?parent=49936"}],"wp:term":[{"taxonomy":"category","embeddable":true,"href":"https:\/\/www.o-p-i.fr\/parlonsen\/wp-json\/wp\/v2\/categories?post=49936"},{"taxonomy":"post_tag","embeddable":true,"href":"https:\/\/www.o-p-i.fr\/parlonsen\/wp-json\/wp\/v2\/tags?post=49936"}],"curies":[{"name":"wp","href":"https:\/\/api.w.org\/{rel}","templated":true}]}}