{"id":4994,"date":"2010-09-15T13:48:02","date_gmt":"2010-09-15T11:48:02","guid":{"rendered":"\/parlonsen\/?p=4994"},"modified":"2010-09-15T22:14:10","modified_gmt":"2010-09-15T20:14:10","slug":"developpement-okmais-durable","status":"publish","type":"post","link":"https:\/\/www.o-p-i.fr\/parlonsen\/parlons-en\/culture\/developpement-okmais-durable\/","title":{"rendered":"D\u00e9veloppement  ? O.K. &#8230; mais durable."},"content":{"rendered":"<p style=\"text-align: justify;\">La MCEF de l\u2019Albigeois et des Bastides organise <span style=\"color: #003300;\"><strong>mercredi 29 septembre 2010<\/strong><\/span> de 14h \u00e0 17h une <a title=\"cliquez pour voir le programme\" href=\"http:\/\/mcef.midipyrenees.fr\/Information-sur-les-metiers-du.html\" target=\"_blank\"><strong>r\u00e9union d\u2019information<\/strong> <\/a>sur les m\u00e9tiers du d\u00e9veloppement durable et les \u00a0\u00bb \u00e9co-m\u00e9tiers \u00a0\u00bb \u00e0 la MCEF d&rsquo;Albi.<!--more--><\/p>\n<p style=\"text-align: justify;\">En ce moment o\u00f9 la notion de \u00ab\u00a0d\u00e9veloppement\u00a0\u00bb est sur la sellette, o\u00f9 l&rsquo;on parle de \u00ab\u00a0croissance z\u00e9ro\u00a0\u00bb, o\u00f9 l&rsquo;on \u00e0 pris conscience que le d\u00e9veloppement n&rsquo;a de valeur que s&rsquo;il s&rsquo;inscrit dans la dur\u00e9e, cette r\u00e9union d&rsquo;information permettra \u00e0 ceux que le sujet int\u00e9resse d&rsquo;y voir plus clair, et de d\u00e9couvrir les nouveaux m\u00e9tiers du secteur. Cette action, \u00a0anim\u00e9e par la R\u00e9gion Midi-Pyr\u00e9n\u00e9es, propose l&rsquo;ordre du jour suivant :<\/p>\n<ul>\n<li> pr\u00e9sentation du contexte \u00e9conomique du secteur du d\u00e9veloppement durable<\/li>\n<\/ul>\n<ul>\n<li> pr\u00e9sentation de l\u2019offre de formation<\/li>\n<\/ul>\n<ul>\n<li> t\u00e9moignages de professionnels<\/li>\n<\/ul>\n<ul>\n<li> affichage d\u2019offres d\u2019emploi<\/li>\n<\/ul>\n<p style=\"text-align: justify;\">A noter \u00e9galement la\u00a0 7\u00e8me \u00e9dition des Rencontres de l\u2019Emploi <span style=\"color: #003300;\"><strong>Mardi 19 Octobre 2010<\/strong><\/span> de 9h \u00e0 13h \u00e0 Graulhet, salle du forum.<br \/>\nCe forum met en relation sur une demi-journ\u00e9e les entreprises qui recrutent et les candidats en recherche d\u2019emploi. Un <strong><span style=\"color: #003300;\">P\u00f4le Environnement et \u00c9nergies\u00a0 Renouvelables<\/span><\/strong> sera mis en place afin d\u2019informer le public sur les m\u00e9tiers et les formations de ce secteur. Des offres d\u2019emplois sp\u00e9cifiques seront propos\u00e9es par des professionnels de l\u2019environnement.<br \/>\nCes rencontres permettent aussi d\u2019informer le public sur les m\u00e9tiers et carri\u00e8res, les formations, les concours, le droit du travail, la cr\u00e9ation et reprise d\u2019entreprise, la VAE<br \/>\net de consulter des offres d\u2019emplois en libre acc\u00e8s.<\/p>\n<p>Renseignements aupr\u00e8s des animatrices du Centre De Ressources de la <a title=\"cliquez pour voir le site\" href=\"http:\/\/www.mcef.midipyrenees.fr\/MCEF-du-Tarn-Ouest.html\" target=\"_blank\">MCEF de l&rsquo;Ouest du TARN <\/a><\/p>\n<p><span style=\"color: #003300;\"><strong>Renseignements et inscriptions obligatoires<\/strong><\/span> pour la r\u00e9union du 29 septembre\u00a02010\u00a0aupr\u00e8s des animatrices du centre de ressources de la MCEF<\/p>\n<p><a title=\"cliquez pour voir le site\" href=\"http:\/\/www.mcef.midipyrenees.fr\/MCEF-du-nord-du-Tarn.html\" target=\"_blank\">MCEF de l&rsquo;Albigeois et des Bastides<\/a><br \/>\nT\u00e9l. : 05.31.81.10.00<\/p>\n<p><a title=\"cliquez pour voir le site\" href=\"http:\/\/www.mcef.midipyrenees.fr\/MCEF-du-Tarn-Ouest.html\" target=\"_blank\">MCEF de l&rsquo;Ouest du TARN <\/a><br \/>\nT\u00e9l. :\u00a0 05 63 81 17 97<\/p>\n<p><a href=\"https:\/\/www.o-p-i.fr\/parlonsen\/agenda\/\"><strong>Retrouvez tous les \u00e9v\u00e8nements dans l&rsquo;agenda !<\/strong><\/a><\/p>\n","protected":false},"excerpt":{"rendered":"<div class=\"mh-excerpt\">La MCEF de l\u2019Albigeois et des Bastides organise mercredi 29 septembre 2010 de 14h \u00e0 17h une r\u00e9union d\u2019information sur les m\u00e9tiers du d\u00e9veloppement durable et les \u00a0\u00bb \u00e9co-m\u00e9tiers \u00a0\u00bb \u00e0 la MCEF d&rsquo;Albi.<\/div>\n","protected":false},"author":4,"featured_media":0,"comment_status":"open","ping_status":"open","sticky":false,"template":"","format":"standard","meta":{"om_disable_all_campaigns":false,"advanced_seo_description":"","jetpack_seo_html_title":"","jetpack_seo_noindex":false,"_jetpack_memberships_contains_paid_content":false,"footnotes":"","_links_to":"","_links_to_target":""},"categories":[42,1,6,653],"tags":[393,420,673,44,169,244],"class_list":{"0":"post-4994","1":"post","2":"type-post","3":"status-publish","4":"format-standard","6":"category-a-cote-de-chez-nous","7":"category-culture","8":"category-pratique","9":"category-n-53-septembre-2010","10":"tag-developpement-durable","11":"tag-graulhet","12":"tag-eco-metier","13":"tag-albi","14":"tag-energie","15":"tag-formation"},"jetpack_featured_media_url":"","views":{"total":0,"cached_at":"","cached_date":1738516697},"jetpack_likes_enabled":true,"jetpack_sharing_enabled":true,"jetpack_shortlink":"https:\/\/wp.me\/pg7Wxj-1iy","jetpack-related-posts":[],"_links":{"self":[{"href":"https:\/\/www.o-p-i.fr\/parlonsen\/wp-json\/wp\/v2\/posts\/4994","targetHints":{"allow":["GET"]}}],"collection":[{"href":"https:\/\/www.o-p-i.fr\/parlonsen\/wp-json\/wp\/v2\/posts"}],"about":[{"href":"https:\/\/www.o-p-i.fr\/parlonsen\/wp-json\/wp\/v2\/types\/post"}],"author":[{"embeddable":true,"href":"https:\/\/www.o-p-i.fr\/parlonsen\/wp-json\/wp\/v2\/users\/4"}],"replies":[{"embeddable":true,"href":"https:\/\/www.o-p-i.fr\/parlonsen\/wp-json\/wp\/v2\/comments?post=4994"}],"version-history":[{"count":0,"href":"https:\/\/www.o-p-i.fr\/parlonsen\/wp-json\/wp\/v2\/posts\/4994\/revisions"}],"wp:attachment":[{"href":"https:\/\/www.o-p-i.fr\/parlonsen\/wp-json\/wp\/v2\/media?parent=4994"}],"wp:term":[{"taxonomy":"category","embeddable":true,"href":"https:\/\/www.o-p-i.fr\/parlonsen\/wp-json\/wp\/v2\/categories?post=4994"},{"taxonomy":"post_tag","embeddable":true,"href":"https:\/\/www.o-p-i.fr\/parlonsen\/wp-json\/wp\/v2\/tags?post=4994"}],"curies":[{"name":"wp","href":"https:\/\/api.w.org\/{rel}","templated":true}]}}