{"id":5,"date":"2009-07-21T12:40:08","date_gmt":"2009-07-21T10:40:08","guid":{"rendered":"\/parlonsen\/?p=3"},"modified":"2009-11-16T15:19:01","modified_gmt":"2009-11-16T13:19:01","slug":"stage-djemb%e2%80%99-ete-2009","status":"publish","type":"post","link":"https:\/\/www.o-p-i.fr\/parlonsen\/parlons-en\/pratique\/stage-djemb%e2%80%99-ete-2009\/","title":{"rendered":"Stage DJEMB\u2019 ETE 2009"},"content":{"rendered":"<p align=\"justify\">\n<p style=\"text-align: justify;\">L\u2019association Afrique-Antilles-Guyane (AF.A.G.) de Tarn et Garonne vous propose un  stage du 25 au 29 juillet 2009 afin de d\u00e9couvrir ou de perfectionner votre  pratique du tambour Djemb\u00e9, instrument de percussion embl\u00e9matique de l\u2019Afrique  de l\u2019Ouest.<\/p>\n<p style=\"text-align: justify;\"><span class=\"Style50\"><!--more--><\/span><\/p>\n<p class=\"Style50\" style=\"text-align: justify;\"><span>C\u2019est  dans le cadre de<span> <\/span>la ferme de Sayrac  \u00e0 Varennes (82) petit village aux limites du Tarn et du Tarn et Garonne, que  vous serez accueillis pour une semaine de pratique r\u00e9guli\u00e8re (3 \u00e0 4 heures de  cours quotidiens selon niveau). <\/span><\/p>\n<p class=\"Style50\" style=\"text-align: justify;\"><span>Chez  nous, pas de star de la percussion mais un travail s\u00e9rieux et approfondi  s\u2019appuyant sur une m\u00e9thode p\u00e9dagogique \u00e9prouv\u00e9e et particuli\u00e8rement efficace  coordonn\u00e9e par Jean Luc Cayla, enseignant sp\u00e9cialis\u00e9 depuis plus de 15 ans en  percussions traditionnelles d\u2019Afrique de l\u2019Ouest et batteur attitr\u00e9 de nombreux  cours de danse africaine.<\/span><\/p>\n<p class=\"Style50\" style=\"text-align: justify;\"><span><\/p>\n<figure style=\"width: 600px\" class=\"wp-caption aligncenter\"><img data-recalc-dims=\"1\" loading=\"lazy\" decoding=\"async\" title=\"Stagiaires 2009\" src=\"https:\/\/i0.wp.com\/www.o-p-i.fr\/parlonsen\/wp-content\/uploads\/stage_percu_varennes_2009.jpg?resize=600%2C450&#038;ssl=1\" alt=\"Stagiaires 2009\" width=\"600\" height=\"450\" \/><figcaption class=\"wp-caption-text\">Stagiaires 2009<\/figcaption><\/figure>\n<p><\/span><\/p>\n<p class=\"Style50\" style=\"text-align: justify;\"><span>Cette  longue exp\u00e9rience dans le domaine de la formation et de l\u2019initiation musicale (  plus de quinze ans d\u2019exp\u00e9rience et des dizaines de gens form\u00e9s!) vous assure  donc un enseignement de qualit\u00e9.<\/span><\/p>\n<p class=\"Style50\" style=\"text-align: justify;\"><span>Nous  vous proposons une initiation rythmique de base (corporelle et solf\u00e8ge simple)  qui \u00e9voluera tr\u00e8s vite vers une pratique active de groupes sur la base de  morceaux complets de percussion o\u00f9 chacun pourra conduire et s\u2019initier aux  solos. Une pratique r\u00e9guli\u00e8re du chant vous sera propos\u00e9e dans tous les  morceaux.<\/span><\/p>\n<p class=\"Style50\" style=\"text-align: justify;\"><span>Vous  serez surpris de vos r\u00e9sultats sur une semaine !<\/span><\/p>\n<p class=\"Style50\" style=\"text-align: justify;\"><span>Vous  repartirez avec l\u2019ensemble des compositions \u00e9crites et enregistr\u00e9es sur CD \u00e0 la  fin du stage.<\/span><\/p>\n<p class=\"Style50\" style=\"text-align: justify;\"><span>Deux  groupes de niveaux seront constitu\u00e9s:<\/span><\/p>\n<ul>\n<li>D\u00e9butants  complets (aucune connaissance musicale n\u2019est exig\u00e9e!)<\/li>\n<li>Moyens  (2 \u00e0 3 ann\u00e9es de pratique djemb\u00e9).<\/li>\n<\/ul>\n<p class=\"Style50\" style=\"text-align: justify;\"><span>Quelques  pr\u00e9cisions pratiques:<\/span><\/p>\n<ul>\n<li><span>Possibilit\u00e9  d\u2019h\u00e9bergement type bungalow ou camping dans un rayon de 1km \u00e0 10 mn \u00e0 pied (  visible sur le site <\/span><span><a title=\"Le Verger de Varennes\" href=\"http:\/\/www.levergerdevarennes.com\" target=\"_blank\">www.levergerdevarennes.com<\/a> <\/span><span>)<\/span><\/li>\n<li>Activit\u00e9s  de loisirs (piscine,balades,v\u00e9lo,cheval\u2026) \u00e0 proximit\u00e9.<\/li>\n<li>Pr\u00eat  d\u2019instrument possible sur place .<\/li>\n<li>Demi  pension possible.<\/li>\n<li>Prix  du stage: 115 \u20ac<span> <\/span>(hors demi  pension).<\/li>\n<\/ul>\n<p class=\"Style50\" style=\"text-align: justify;\"><span>Une  production publique de fin de stage pourra \u00eatre envisag\u00e9e dans le cadre<span> <\/span>du calendrier des f\u00eates de l\u2019\u00e9t\u00e9. <\/span><\/p>\n<p class=\"Style50\" style=\"text-align: justify;\"><span>Tous  renseignements : <\/span><span>05.63.30.18.25.  ou <\/span><a href=\"mailto:cayla@meshnet.com\" target=\"_self\">cayla@meshnet.com<\/a><span> (envoi des affichettes de pub possible par mail)<\/span><\/p>\n<p class=\"Style50\" style=\"text-align: justify;\"><span><span> <\/span>Ne tra\u00eenez- pas : stage tr\u00e8s demand\u00e9 par  les anciens stagiaires !<\/span><\/p>\n","protected":false},"excerpt":{"rendered":"<div class=\"mh-excerpt\">L\u2019association Afrique-Antilles-Guyane (AF.A.G.) de Tarn et Garonne vous propose un stage du 25 au 29 juillet 2009 afin de d\u00e9couvrir ou de perfectionner votre pratique du tambour Djemb\u00e9, instrument de percussion embl\u00e9matique de l\u2019Afrique de <a class=\"mh-excerpt-more\" href=\"https:\/\/www.o-p-i.fr\/parlonsen\/parlons-en\/pratique\/stage-djemb%e2%80%99-ete-2009\/\" title=\"Stage DJEMB\u2019 ETE 2009\">[&#8230;]<\/a><\/div>\n","protected":false},"author":2,"featured_media":0,"comment_status":"open","ping_status":"open","sticky":false,"template":"","format":"standard","meta":{"om_disable_all_campaigns":false,"advanced_seo_description":"","jetpack_seo_html_title":"","jetpack_seo_noindex":false,"_jetpack_memberships_contains_paid_content":false,"footnotes":"","_links_to":"","_links_to_target":""},"categories":[54,6,20,8],"tags":[164,165,2545],"class_list":{"0":"post-5","1":"post","2":"type-post","3":"status-publish","4":"format-standard","6":"category-loisirs","7":"category-pratique","8":"category-varennes","9":"category-n_41","10":"tag-percu","11":"tag-djembe","12":"tag-varennes"},"jetpack_featured_media_url":"","views":{"total":0,"cached_at":"","cached_date":1738519566},"jetpack_likes_enabled":true,"jetpack_sharing_enabled":true,"jetpack_shortlink":"https:\/\/wp.me\/pg7Wxj-5","jetpack-related-posts":[],"_links":{"self":[{"href":"https:\/\/www.o-p-i.fr\/parlonsen\/wp-json\/wp\/v2\/posts\/5","targetHints":{"allow":["GET"]}}],"collection":[{"href":"https:\/\/www.o-p-i.fr\/parlonsen\/wp-json\/wp\/v2\/posts"}],"about":[{"href":"https:\/\/www.o-p-i.fr\/parlonsen\/wp-json\/wp\/v2\/types\/post"}],"author":[{"embeddable":true,"href":"https:\/\/www.o-p-i.fr\/parlonsen\/wp-json\/wp\/v2\/users\/2"}],"replies":[{"embeddable":true,"href":"https:\/\/www.o-p-i.fr\/parlonsen\/wp-json\/wp\/v2\/comments?post=5"}],"version-history":[{"count":0,"href":"https:\/\/www.o-p-i.fr\/parlonsen\/wp-json\/wp\/v2\/posts\/5\/revisions"}],"wp:attachment":[{"href":"https:\/\/www.o-p-i.fr\/parlonsen\/wp-json\/wp\/v2\/media?parent=5"}],"wp:term":[{"taxonomy":"category","embeddable":true,"href":"https:\/\/www.o-p-i.fr\/parlonsen\/wp-json\/wp\/v2\/categories?post=5"},{"taxonomy":"post_tag","embeddable":true,"href":"https:\/\/www.o-p-i.fr\/parlonsen\/wp-json\/wp\/v2\/tags?post=5"}],"curies":[{"name":"wp","href":"https:\/\/api.w.org\/{rel}","templated":true}]}}