{"id":50047,"date":"2022-03-28T16:01:00","date_gmt":"2022-03-28T15:01:00","guid":{"rendered":"https:\/\/www.o-p-i.fr\/parlonsen\/?p=50047"},"modified":"2022-03-28T16:01:00","modified_gmt":"2022-03-28T15:01:00","slug":"venez-faire-le-pitre-a-genebrieres-82","status":"publish","type":"post","link":"https:\/\/www.o-p-i.fr\/parlonsen\/localisation\/au-pays-des-tescous\/genebrieres\/venez-faire-le-pitre-a-genebrieres-82\/","title":{"rendered":"Venez faire le \u00ab\u00a0pitre\u00a0\u00bb&#8230; \u00e0 G\u00e9n\u00e9bri\u00e8res (82)"},"content":{"rendered":"<p><strong>Vendredi 1er avril 2022<\/strong> , \u00e0 20h.30 sous la mairie. <!--more--><\/p>\n<p>Prochaine soir\u00e9e \u00e0 LA CAVE \u00d4 ZARTS : \u00ab\u00a0CLOWNERIES EN TOUS GENRES\u00a0\u00bb, avec entre autres les joyeux lurons de la troupe des TAMALLOUX (troupe de clowns amateurs de Bioule). Vous vous sentez une \u00e2me de clowns, vous avez simplement envie de vous changer les id\u00e9es et de partager un bon moment dans la gaiet\u00e9 et la bonne humeur&#8230; alors plus d&rsquo;h\u00e9sitation: rejoignez-nous !<br \/>\nLes clowneries les plus dr\u00f4les (sketchs, num\u00e9ros burlesques, rigolades en tous genres seront les bienvenues!!!<\/p>\n<p><img data-recalc-dims=\"1\" loading=\"lazy\" decoding=\"async\" class=\"aligncenter size-full wp-image-50048\" src=\"https:\/\/i0.wp.com\/www.o-p-i.fr\/parlonsen\/wp-content\/uploads\/clown-2.jpg?resize=624%2C883&#038;ssl=1\" alt=\"\" width=\"624\" height=\"883\" srcset=\"https:\/\/i0.wp.com\/www.o-p-i.fr\/parlonsen\/wp-content\/uploads\/clown-2.jpg?w=624&amp;ssl=1 624w, https:\/\/i0.wp.com\/www.o-p-i.fr\/parlonsen\/wp-content\/uploads\/clown-2.jpg?resize=212%2C300&amp;ssl=1 212w, https:\/\/i0.wp.com\/www.o-p-i.fr\/parlonsen\/wp-content\/uploads\/clown-2.jpg?resize=400%2C566&amp;ssl=1 400w, https:\/\/i0.wp.com\/www.o-p-i.fr\/parlonsen\/wp-content\/uploads\/clown-2.jpg?resize=430%2C608&amp;ssl=1 430w, https:\/\/i0.wp.com\/www.o-p-i.fr\/parlonsen\/wp-content\/uploads\/clown-2.jpg?resize=150%2C212&amp;ssl=1 150w, https:\/\/i0.wp.com\/www.o-p-i.fr\/parlonsen\/wp-content\/uploads\/clown-2.jpg?resize=100%2C142&amp;ssl=1 100w\" sizes=\"auto, (max-width: 624px) 100vw, 624px\" \/><\/p>\n<p><span style=\"color: #ff0000;\">Pensez \u00e0 r\u00e9server<\/span> car le nombre de places est limit\u00e9e: 06 84 23 44 39<\/p>\n<p><em>Information communiqu\u00e9e par Anne GARDES<\/em><\/p>\n<p><a href=\"https:\/\/www.o-p-i.fr\/aupays\/au-pays\/agenda\/\">Retrouvez tous les \u00e9v\u00e9nements dans l&rsquo;agenda !<\/a><\/p>\n","protected":false},"excerpt":{"rendered":"<div class=\"mh-excerpt\">Vendredi 1er avril 2022 , \u00e0 20h.30 sous la mairie.<\/div>\n","protected":false},"author":4,"featured_media":0,"comment_status":"open","ping_status":"open","sticky":false,"template":"","format":"standard","meta":{"om_disable_all_campaigns":false,"advanced_seo_description":"","jetpack_seo_html_title":"","jetpack_seo_noindex":false,"_jetpack_memberships_contains_paid_content":false,"footnotes":"","_links_to":"","_links_to_target":""},"categories":[29,54,4448],"tags":[2552,2638,4426,4557],"class_list":{"0":"post-50047","1":"post","2":"type-post","3":"status-publish","4":"format-standard","6":"category-genebrieres","7":"category-loisirs","8":"category-n-193-avril-2022","9":"tag-genebrieres","10":"tag-les-treteaux-de-la-tauge","11":"tag-la-cave-o-zarts","12":"tag-clownerie"},"jetpack_featured_media_url":"","views":{"total":0,"cached_at":"","cached_date":1738403612},"jetpack_likes_enabled":true,"jetpack_sharing_enabled":true,"jetpack_shortlink":"https:\/\/wp.me\/pg7Wxj-d1d","jetpack-related-posts":[],"_links":{"self":[{"href":"https:\/\/www.o-p-i.fr\/parlonsen\/wp-json\/wp\/v2\/posts\/50047","targetHints":{"allow":["GET"]}}],"collection":[{"href":"https:\/\/www.o-p-i.fr\/parlonsen\/wp-json\/wp\/v2\/posts"}],"about":[{"href":"https:\/\/www.o-p-i.fr\/parlonsen\/wp-json\/wp\/v2\/types\/post"}],"author":[{"embeddable":true,"href":"https:\/\/www.o-p-i.fr\/parlonsen\/wp-json\/wp\/v2\/users\/4"}],"replies":[{"embeddable":true,"href":"https:\/\/www.o-p-i.fr\/parlonsen\/wp-json\/wp\/v2\/comments?post=50047"}],"version-history":[{"count":0,"href":"https:\/\/www.o-p-i.fr\/parlonsen\/wp-json\/wp\/v2\/posts\/50047\/revisions"}],"wp:attachment":[{"href":"https:\/\/www.o-p-i.fr\/parlonsen\/wp-json\/wp\/v2\/media?parent=50047"}],"wp:term":[{"taxonomy":"category","embeddable":true,"href":"https:\/\/www.o-p-i.fr\/parlonsen\/wp-json\/wp\/v2\/categories?post=50047"},{"taxonomy":"post_tag","embeddable":true,"href":"https:\/\/www.o-p-i.fr\/parlonsen\/wp-json\/wp\/v2\/tags?post=50047"}],"curies":[{"name":"wp","href":"https:\/\/api.w.org\/{rel}","templated":true}]}}