{"id":50096,"date":"2022-03-31T18:00:18","date_gmt":"2022-03-31T17:00:18","guid":{"rendered":"https:\/\/www.o-p-i.fr\/parlonsen\/?p=50096"},"modified":"2022-03-31T18:00:18","modified_gmt":"2022-03-31T17:00:18","slug":"la-galerie-luniverre-demenage-a-castelnau-de-montmiral-81","status":"publish","type":"post","link":"https:\/\/www.o-p-i.fr\/parlonsen\/parlons-en\/pratique\/la-galerie-luniverre-demenage-a-castelnau-de-montmiral-81\/","title":{"rendered":"La Galerie Luniverre d\u00e9m\u00e9nage &#8230; \u00e0 Castelnau de Montmiral (81)"},"content":{"rendered":"<p>R\u00e9ouverture le <strong>samedi 2 avril 2022<\/strong>, 8 rue du commerce <!--more--><a href=\"https:\/\/www.luniverre.com\/index.php\" target=\"_blank\" rel=\"noopener\"><strong>La Galerie LUNIVERRE<\/strong><\/a> n&rsquo;est plus \u00e0 Cordes sur Ciel, elle se trouve \u00e0 Castelnau de Montmiral au 8, rue du commerce&#8230;<br \/>\nElle rouvrira le 2 avril 2022 et nous organisons un <strong>&lsquo;pot&rsquo; de r\u00e9ouverture Jeudi 7 avril de 18h \u00e0 21h<\/strong><br \/>\nen collaboration avec la distillerie LE CHANT DU CYGNE, nouvellement install\u00e9e sur la commune de Saint Bauzille<br \/>\n<img data-recalc-dims=\"1\" loading=\"lazy\" decoding=\"async\" class=\"aligncenter wp-image-50097\" src=\"https:\/\/i0.wp.com\/www.o-p-i.fr\/parlonsen\/wp-content\/uploads\/Luniverre-2.jpg?resize=750%2C1061&#038;ssl=1\" alt=\"\" width=\"750\" height=\"1061\" srcset=\"https:\/\/i0.wp.com\/www.o-p-i.fr\/parlonsen\/wp-content\/uploads\/Luniverre-2.jpg?w=624&amp;ssl=1 624w, https:\/\/i0.wp.com\/www.o-p-i.fr\/parlonsen\/wp-content\/uploads\/Luniverre-2.jpg?resize=212%2C300&amp;ssl=1 212w, https:\/\/i0.wp.com\/www.o-p-i.fr\/parlonsen\/wp-content\/uploads\/Luniverre-2.jpg?resize=400%2C566&amp;ssl=1 400w, https:\/\/i0.wp.com\/www.o-p-i.fr\/parlonsen\/wp-content\/uploads\/Luniverre-2.jpg?resize=430%2C608&amp;ssl=1 430w, https:\/\/i0.wp.com\/www.o-p-i.fr\/parlonsen\/wp-content\/uploads\/Luniverre-2.jpg?resize=150%2C212&amp;ssl=1 150w, https:\/\/i0.wp.com\/www.o-p-i.fr\/parlonsen\/wp-content\/uploads\/Luniverre-2.jpg?resize=100%2C142&amp;ssl=1 100w\" sizes=\"auto, (max-width: 750px) 100vw, 750px\" \/><\/p>\n<p>Information communiqu\u00e9e par Ariane LE LAY<\/p>\n<p>&nbsp;<\/p>\n","protected":false},"excerpt":{"rendered":"<div class=\"mh-excerpt\">R\u00e9ouverture le samedi 2 avril 2022, 8 rue du commerce<\/div>\n","protected":false},"author":4,"featured_media":0,"comment_status":"open","ping_status":"open","sticky":false,"template":"","format":"standard","meta":{"om_disable_all_campaigns":false,"advanced_seo_description":"","jetpack_seo_html_title":"","jetpack_seo_noindex":false,"_jetpack_memberships_contains_paid_content":false,"footnotes":"","_links_to":"","_links_to_target":""},"categories":[51,22,54,6,4448],"tags":[158,794,3855,4571,4572],"class_list":{"0":"post-50096","1":"post","2":"type-post","3":"status-publish","4":"format-standard","6":"category-artisanat","7":"category-castelnau","8":"category-loisirs","9":"category-pratique","10":"category-n-193-avril-2022","11":"tag-castelnau-de-montmiral","12":"tag-luniverre-galerie","13":"tag-demenagement","14":"tag-pot-douverture","15":"tag-distillerie-du-chant-du-cygne"},"jetpack_featured_media_url":"","views":{"total":1,"cached_at":"","cached_date":1738406547},"jetpack_likes_enabled":true,"jetpack_sharing_enabled":true,"jetpack_shortlink":"https:\/\/wp.me\/pg7Wxj-d20","jetpack-related-posts":[],"_links":{"self":[{"href":"https:\/\/www.o-p-i.fr\/parlonsen\/wp-json\/wp\/v2\/posts\/50096","targetHints":{"allow":["GET"]}}],"collection":[{"href":"https:\/\/www.o-p-i.fr\/parlonsen\/wp-json\/wp\/v2\/posts"}],"about":[{"href":"https:\/\/www.o-p-i.fr\/parlonsen\/wp-json\/wp\/v2\/types\/post"}],"author":[{"embeddable":true,"href":"https:\/\/www.o-p-i.fr\/parlonsen\/wp-json\/wp\/v2\/users\/4"}],"replies":[{"embeddable":true,"href":"https:\/\/www.o-p-i.fr\/parlonsen\/wp-json\/wp\/v2\/comments?post=50096"}],"version-history":[{"count":0,"href":"https:\/\/www.o-p-i.fr\/parlonsen\/wp-json\/wp\/v2\/posts\/50096\/revisions"}],"wp:attachment":[{"href":"https:\/\/www.o-p-i.fr\/parlonsen\/wp-json\/wp\/v2\/media?parent=50096"}],"wp:term":[{"taxonomy":"category","embeddable":true,"href":"https:\/\/www.o-p-i.fr\/parlonsen\/wp-json\/wp\/v2\/categories?post=50096"},{"taxonomy":"post_tag","embeddable":true,"href":"https:\/\/www.o-p-i.fr\/parlonsen\/wp-json\/wp\/v2\/tags?post=50096"}],"curies":[{"name":"wp","href":"https:\/\/api.w.org\/{rel}","templated":true}]}}