{"id":50180,"date":"2022-04-08T06:46:04","date_gmt":"2022-04-08T05:46:04","guid":{"rendered":"https:\/\/www.o-p-i.fr\/parlonsen\/?p=50180"},"modified":"2022-04-08T06:46:04","modified_gmt":"2022-04-08T05:46:04","slug":"concert-chambre-avec-vues-a-rabastens-81","status":"publish","type":"post","link":"https:\/\/www.o-p-i.fr\/parlonsen\/parlons-en\/culture\/concert-chambre-avec-vues-a-rabastens-81\/","title":{"rendered":"Concert \u00ab\u00a0Chambre avec Vues\u00a0\u00bb &#8230;\u00e0 Rabastens (81)"},"content":{"rendered":"<p><strong>Vendredi 15 avril 2022<\/strong>, \u00e0 20h.30 \u00e0 La Halle.<!--more--><\/p>\n<p>Le projet \u00ab Mercredi ou samedi, c&rsquo;est Vivaldi ! \u00bb conna\u00eet un succ\u00e8s certain aupr\u00e8s des jeunes du Rabastinois aussi bien \u00e0 la MJC de Rabastens-Couffouleux qu&rsquo;\u00e0 l&rsquo;\u00e9cole de musique de Rabastens et dans les coll\u00e8ges.<\/p>\n<p>Le final de ce projet, en guise d&rsquo;apoth\u00e9ose, est un concert offert par l&rsquo;association avec l&rsquo;<strong><a href=\"https:\/\/www.baroquetoulouse.com\" target=\"_blank\" rel=\"noopener\">Ensemble Baroque de Toulouse<\/a><\/strong>, en pr\u00e9sence des participants au projet et de ses partenaires, suivi de la pr\u00e9sentation de la 14e \u00e9dition de notre festival par Antoine de Grol\u00e9e,<\/p>\n<p><img data-recalc-dims=\"1\" loading=\"lazy\" decoding=\"async\" class=\"aligncenter size-full wp-image-50181\" src=\"https:\/\/i0.wp.com\/www.o-p-i.fr\/parlonsen\/wp-content\/uploads\/concert-Rabast.jpg?resize=624%2C882&#038;ssl=1\" alt=\"\" width=\"624\" height=\"882\" srcset=\"https:\/\/i0.wp.com\/www.o-p-i.fr\/parlonsen\/wp-content\/uploads\/concert-Rabast.jpg?w=624&amp;ssl=1 624w, https:\/\/i0.wp.com\/www.o-p-i.fr\/parlonsen\/wp-content\/uploads\/concert-Rabast.jpg?resize=212%2C300&amp;ssl=1 212w, https:\/\/i0.wp.com\/www.o-p-i.fr\/parlonsen\/wp-content\/uploads\/concert-Rabast.jpg?resize=400%2C565&amp;ssl=1 400w, https:\/\/i0.wp.com\/www.o-p-i.fr\/parlonsen\/wp-content\/uploads\/concert-Rabast.jpg?resize=430%2C608&amp;ssl=1 430w, https:\/\/i0.wp.com\/www.o-p-i.fr\/parlonsen\/wp-content\/uploads\/concert-Rabast.jpg?resize=150%2C212&amp;ssl=1 150w, https:\/\/i0.wp.com\/www.o-p-i.fr\/parlonsen\/wp-content\/uploads\/concert-Rabast.jpg?resize=100%2C141&amp;ssl=1 100w\" sizes=\"auto, (max-width: 624px) 100vw, 624px\" \/><\/p>\n<p><em>Information communiqu\u00e9e par \u00ab\u00a0Chambre Avec Vue\u00a0\u00bb<\/em><\/p>\n<p><a href=\"https:\/\/www.o-p-i.fr\/aupays\/au-pays\/agenda\/\">Retrouvez tous les \u00e9v\u00e9nements dans l&rsquo;agenda !<\/a><\/p>\n<p>&nbsp;<\/p>\n","protected":false},"excerpt":{"rendered":"<div class=\"mh-excerpt\">Vendredi 15 avril 2022, \u00e0 20h.30 \u00e0 La Halle.<\/div>\n","protected":false},"author":4,"featured_media":0,"comment_status":"open","ping_status":"open","sticky":false,"template":"","format":"standard","meta":{"om_disable_all_campaigns":false,"advanced_seo_description":"","jetpack_seo_html_title":"","jetpack_seo_noindex":false,"_jetpack_memberships_contains_paid_content":false,"footnotes":"","_links_to":"","_links_to_target":""},"categories":[42,1,54,4448],"tags":[43,72,1744,4585],"class_list":{"0":"post-50180","1":"post","2":"type-post","3":"status-publish","4":"format-standard","6":"category-a-cote-de-chez-nous","7":"category-culture","8":"category-loisirs","9":"category-n-193-avril-2022","10":"tag-concert","11":"tag-rabastens","12":"tag-chambre-avec-vues","13":"tag-vivaldi"},"jetpack_featured_media_url":"","views":{"total":2,"cached_at":"","cached_date":1738450433},"jetpack_likes_enabled":true,"jetpack_sharing_enabled":true,"jetpack_shortlink":"https:\/\/wp.me\/pg7Wxj-d3m","jetpack-related-posts":[],"_links":{"self":[{"href":"https:\/\/www.o-p-i.fr\/parlonsen\/wp-json\/wp\/v2\/posts\/50180","targetHints":{"allow":["GET"]}}],"collection":[{"href":"https:\/\/www.o-p-i.fr\/parlonsen\/wp-json\/wp\/v2\/posts"}],"about":[{"href":"https:\/\/www.o-p-i.fr\/parlonsen\/wp-json\/wp\/v2\/types\/post"}],"author":[{"embeddable":true,"href":"https:\/\/www.o-p-i.fr\/parlonsen\/wp-json\/wp\/v2\/users\/4"}],"replies":[{"embeddable":true,"href":"https:\/\/www.o-p-i.fr\/parlonsen\/wp-json\/wp\/v2\/comments?post=50180"}],"version-history":[{"count":0,"href":"https:\/\/www.o-p-i.fr\/parlonsen\/wp-json\/wp\/v2\/posts\/50180\/revisions"}],"wp:attachment":[{"href":"https:\/\/www.o-p-i.fr\/parlonsen\/wp-json\/wp\/v2\/media?parent=50180"}],"wp:term":[{"taxonomy":"category","embeddable":true,"href":"https:\/\/www.o-p-i.fr\/parlonsen\/wp-json\/wp\/v2\/categories?post=50180"},{"taxonomy":"post_tag","embeddable":true,"href":"https:\/\/www.o-p-i.fr\/parlonsen\/wp-json\/wp\/v2\/tags?post=50180"}],"curies":[{"name":"wp","href":"https:\/\/api.w.org\/{rel}","templated":true}]}}