{"id":50241,"date":"2022-04-12T10:19:21","date_gmt":"2022-04-12T09:19:21","guid":{"rendered":"https:\/\/www.o-p-i.fr\/parlonsen\/?p=50241"},"modified":"2022-04-12T12:43:02","modified_gmt":"2022-04-12T11:43:02","slug":"week-end-clown-a-gaillac-81","status":"publish","type":"post","link":"https:\/\/www.o-p-i.fr\/parlonsen\/localisation\/a-cote-de-chez-nous\/week-end-clown-a-gaillac-81\/","title":{"rendered":"Week-end \u00ab\u00a0Clown\u00a0\u00bb &#8230; \u00e0 Gaillac (81)"},"content":{"rendered":"<p><strong>Dimanche 17 et lundi 18 avril 2022<\/strong> au Sc\u00e9nophage, place Saint Michel. <!--more--><\/p>\n<p><img data-recalc-dims=\"1\" loading=\"lazy\" decoding=\"async\" class=\"alignright size-full wp-image-50243\" src=\"https:\/\/i0.wp.com\/www.o-p-i.fr\/parlonsen\/wp-content\/uploads\/clown-3.jpg?resize=425%2C394&#038;ssl=1\" alt=\"\" width=\"425\" height=\"394\" srcset=\"https:\/\/i0.wp.com\/www.o-p-i.fr\/parlonsen\/wp-content\/uploads\/clown-3.jpg?w=425&amp;ssl=1 425w, https:\/\/i0.wp.com\/www.o-p-i.fr\/parlonsen\/wp-content\/uploads\/clown-3.jpg?resize=300%2C278&amp;ssl=1 300w, https:\/\/i0.wp.com\/www.o-p-i.fr\/parlonsen\/wp-content\/uploads\/clown-3.jpg?resize=400%2C371&amp;ssl=1 400w, https:\/\/i0.wp.com\/www.o-p-i.fr\/parlonsen\/wp-content\/uploads\/clown-3.jpg?resize=150%2C139&amp;ssl=1 150w, https:\/\/i0.wp.com\/www.o-p-i.fr\/parlonsen\/wp-content\/uploads\/clown-3.jpg?resize=100%2C93&amp;ssl=1 100w\" sizes=\"auto, (max-width: 425px) 100vw, 425px\" \/>Avec l&rsquo;arriv\u00e9e du Printemps La Cie des Boules au Nez en partenariat avec La Fourmili\u00e8re et Le Sc\u00e9nophage vous propose de venir faire \u00e9clore votre bourgeon clownesque. R\u00e9v\u00e9ler vos p\u00e9tales de couleurs et d&rsquo;\u00e9motions \u00e0 l&rsquo;occasion de <strong>deux week-ends de stages<\/strong> !<\/p>\n<ul>\n<li>Les 17 et 18 Avril 2022<\/li>\n<li>Les 11 et 12 Juin 2022<\/li>\n<\/ul>\n<h4>\u2726 Au programme<\/h4>\n<p>Durant un week-end, d\u00e9couvrons ensemble notre personnage de clown et celui des autres Donnons-lui notre sensibilit\u00e9, notre \u00e9coute et les richesses de notre singularit\u00e9. \u00c9veillons nos corps, mettons nos sens en \u00e9veil, pour nous ouvrir au monde dans l&rsquo;instant pr\u00e9sent ! Le travail de Clown inspir\u00e9 de la p\u00e9dagogie de l&rsquo;\u00e9cole du Bataclown. Les \u00e9motions, l&rsquo;expressivit\u00e9 et l&rsquo;imaginaire propre \u00e0 chaque acteur y sont utilis\u00e9es comme ressources cr\u00e9atives.<\/p>\n<h4>\u2726 Pour qui ?<\/h4>\n<p>Stage tous niveaux, ouvert \u00e0 ceux qui ont d\u00e9j\u00e0 une pratique mais aussi \u00e0 ceux qui souhaitent d\u00e9couvrir cette technique th\u00e9\u00e2trale.<\/p>\n<h4>\u2726 Renseignements et inscription :<\/h4>\n<ul>\n<li>\ud83d\udce7 <a href=\"mailto:cie.desboulesaunez@free.fr\" target=\"_blank\" rel=\"noopener\">cie.desboulesaunez@free.fr<\/a><\/li>\n<li>\ud83d\udcde Philippe : 06 26 55 92 27<\/li>\n<li>\ud83d\udce7 <a href=\"mailto:marie.allaoui@hotmail.fr\" target=\"_blank\" rel=\"noopener\">marie.allaoui@hotmail.fr<\/a><\/li>\n<li>\ud83d\udcde Marie : 06 37 02 01 96<\/li>\n<\/ul>\n<h4>\u2726 Infos<\/h4>\n<ul>\n<li>\u261b Inscription avant le 15 Avril 2022<\/li>\n<li>\u261b Le groupe sera limit\u00e9 \u00e0 12 personnes<\/li>\n<\/ul>\n<h4>\ud83d\udcc5 Dates et Horaires :<\/h4>\n<ul>\n<li>17 Avril 2022 14h \u00e0 20h et le 18 Avril 2022 de 10h \u00e0 18h<\/li>\n<li>11 Juin 2022 14h \u00e0 20h et le 12 Juin 2022<\/li>\n<\/ul>\n<h4>\ud83c\udfe0 Lieu : Le Sc\u00e9nophage, place St Michel, Gaillac (81)<\/h4>\n<p>\ud83c\udf74 Repas partag\u00e9 sorti du panier pour le dimanche midi !<\/p>\n<p>\u25ac\u25ac\u25ac\u25ac\u25ac\u25ac\u25ac\u25ac\u25ac\u25ac<\/p>\n<h4>\u2726 Tarif :<\/h4>\n<p>80 euros<\/p>\n<p>Tarif r\u00e9duit (demandeurs d&#8217;emploi, b\u00e9n\u00e9ficiaires RSA , \u00e9tudiants) : 50 euros<\/p>\n<p>\u261b Le tarif ne doit pas \u00eatre un frein \u00e0 votre inscription et participation au stage, n&rsquo;h\u00e9sitez pas \u00e0 nous contacter !<\/p>\n<p>\u25ac\u25ac\u25ac\u25ac\u25ac\u25ac\u25ac\u25ac\u25ac\u25ac<\/p>\n<h4>\u2726 Co-animation :<\/h4>\n<p>Philippe Maziers, clown depuis 1995, form\u00e9 \u00e0 l&rsquo;intervention sociale et \u00e0 la p\u00e9dagogie du Bataclown, form\u00e9 \u00e0 l&rsquo;expressivit\u00e9 du sensible pendant 3 ans aupr\u00e8s de la Compagnie du Passeur, exp\u00e9riences dans le spectacle et l&rsquo;intervention sociale, animateur en perp\u00e9tuelle formation continue et permanente&#8230;<\/p>\n<p>Marie Allaoui. Elle navigue sur les rives du clown depuis 2011. Dans le cadre de sa formation d&rsquo;\u00e9ducatrice sp\u00e9cialis\u00e9e, elle d\u00e9couvre le clown th\u00e9\u00e2tre. Ayant toujours eu un attrait pour le corps, le langage qui en \u00e9mane, cette exp\u00e9rience lui donne l&rsquo;envie de creuser cette pratique. A l&rsquo;\u00e9cole du Bataclown, elle a obtenu son dipl\u00f4me d&rsquo;Actrice clown d&rsquo;intervention sociale.<\/p>\n<p>Information communiqu\u00e9e par \u00ab\u00a0Tarn Info Citoyen\u00a0\u00bb<\/p>\n<p><a href=\"https:\/\/www.o-p-i.fr\/aupays\/au-pays\/agenda\/\">Retrouvez tous les \u00e9v\u00e9nements dans l&rsquo;agenda !<\/a><\/p>\n","protected":false},"excerpt":{"rendered":"<div class=\"mh-excerpt\">Dimanche 17 et lundi 18 avril 2022 au Sc\u00e9nophage, place Saint Michel.<\/div>\n","protected":false},"author":4,"featured_media":0,"comment_status":"open","ping_status":"open","sticky":false,"template":"","format":"standard","meta":{"om_disable_all_campaigns":false,"advanced_seo_description":"","jetpack_seo_html_title":"","jetpack_seo_noindex":false,"_jetpack_memberships_contains_paid_content":false,"footnotes":"","_links_to":"","_links_to_target":""},"categories":[52,42,725,54,4448,4450],"tags":[195,215,338],"class_list":{"0":"post-50241","1":"post","2":"type-post","3":"status-publish","4":"format-standard","6":"category-parlons-en","7":"category-a-cote-de-chez-nous","8":"category-formation-parlons-en","9":"category-loisirs","10":"category-n-193-avril-2022","11":"category-n-195-juin-2022","12":"tag-stage","13":"tag-gaillac","14":"tag-clown"},"jetpack_featured_media_url":"","views":{"total":1,"cached_at":"","cached_date":1738436760},"jetpack_likes_enabled":true,"jetpack_sharing_enabled":true,"jetpack_shortlink":"https:\/\/wp.me\/pg7Wxj-d4l","jetpack-related-posts":[],"_links":{"self":[{"href":"https:\/\/www.o-p-i.fr\/parlonsen\/wp-json\/wp\/v2\/posts\/50241","targetHints":{"allow":["GET"]}}],"collection":[{"href":"https:\/\/www.o-p-i.fr\/parlonsen\/wp-json\/wp\/v2\/posts"}],"about":[{"href":"https:\/\/www.o-p-i.fr\/parlonsen\/wp-json\/wp\/v2\/types\/post"}],"author":[{"embeddable":true,"href":"https:\/\/www.o-p-i.fr\/parlonsen\/wp-json\/wp\/v2\/users\/4"}],"replies":[{"embeddable":true,"href":"https:\/\/www.o-p-i.fr\/parlonsen\/wp-json\/wp\/v2\/comments?post=50241"}],"version-history":[{"count":0,"href":"https:\/\/www.o-p-i.fr\/parlonsen\/wp-json\/wp\/v2\/posts\/50241\/revisions"}],"wp:attachment":[{"href":"https:\/\/www.o-p-i.fr\/parlonsen\/wp-json\/wp\/v2\/media?parent=50241"}],"wp:term":[{"taxonomy":"category","embeddable":true,"href":"https:\/\/www.o-p-i.fr\/parlonsen\/wp-json\/wp\/v2\/categories?post=50241"},{"taxonomy":"post_tag","embeddable":true,"href":"https:\/\/www.o-p-i.fr\/parlonsen\/wp-json\/wp\/v2\/tags?post=50241"}],"curies":[{"name":"wp","href":"https:\/\/api.w.org\/{rel}","templated":true}]}}