{"id":50283,"date":"2022-04-14T15:56:57","date_gmt":"2022-04-14T14:56:57","guid":{"rendered":"https:\/\/www.o-p-i.fr\/parlonsen\/?p=50283"},"modified":"2022-04-14T15:56:57","modified_gmt":"2022-04-14T14:56:57","slug":"fool-for-love-theatre-a-cordes-sur-ciel","status":"publish","type":"post","link":"https:\/\/www.o-p-i.fr\/parlonsen\/parlons-en\/culture\/fool-for-love-theatre-a-cordes-sur-ciel\/","title":{"rendered":"\u00ab\u00a0Fool for love\u00a0\u00bb, th\u00e9\u00e2tre &#8230;\u00e0 Cordes sur Ciel"},"content":{"rendered":"<p><strong>Samedi 30 avril\u00a0 2022<\/strong>, \u00e0 20h30, th\u00e9\u00e2tre du Colombier aux &gt;Cabannes<!--more--><br \/>\nFOOL FOR LOVE Compagnie Saguaro<br \/>\nD&rsquo;apr\u00e8s le texte de Sam Shepard<\/p>\n<p><img data-recalc-dims=\"1\" loading=\"lazy\" decoding=\"async\" class=\"alignright size-full wp-image-50284\" src=\"https:\/\/i0.wp.com\/www.o-p-i.fr\/parlonsen\/wp-content\/uploads\/Full.jpg?resize=425%2C300&#038;ssl=1\" alt=\"\" width=\"425\" height=\"300\" srcset=\"https:\/\/i0.wp.com\/www.o-p-i.fr\/parlonsen\/wp-content\/uploads\/Full.jpg?w=425&amp;ssl=1 425w, https:\/\/i0.wp.com\/www.o-p-i.fr\/parlonsen\/wp-content\/uploads\/Full.jpg?resize=300%2C212&amp;ssl=1 300w, https:\/\/i0.wp.com\/www.o-p-i.fr\/parlonsen\/wp-content\/uploads\/Full.jpg?resize=400%2C282&amp;ssl=1 400w, https:\/\/i0.wp.com\/www.o-p-i.fr\/parlonsen\/wp-content\/uploads\/Full.jpg?resize=150%2C106&amp;ssl=1 150w, https:\/\/i0.wp.com\/www.o-p-i.fr\/parlonsen\/wp-content\/uploads\/Full.jpg?resize=100%2C71&amp;ssl=1 100w\" sizes=\"auto, (max-width: 425px) 100vw, 425px\" \/>Cette exploration d&rsquo;une facette de l&rsquo;Am\u00e9rique des ann\u00e9es 80, est une version fran\u00e7aise d&rsquo;une trag\u00e9die grecque \u00e9crite par le sc\u00e9nariste am\u00e9ricain Sam Shepard : Derni\u00e8re \u00e9treinte d&rsquo;un couple maudit, histoire d&rsquo;amour f\u00e9roce et fatale, sombre et dr\u00f4le.<\/p>\n<p>Jean-Paul Bib\u00e9, com\u00e9dien et metteur en sc\u00e8ne aguerri, form\u00e9 au conservatoire de Toulouse, puis \u00e0 Paris chez Niels Arestrup, aime \u00e0 se confronter aux auteurs contemporains les plus divers : Ray Coney, Serge Valetti, Jean-Michel Ribes, Eug\u00e8ne Ionesco, Ubu Roi de Jarry, Cyrano de Bergerac d&rsquo;Edmond Rostand\u2026<\/p>\n<p>Jean-Paul Bib\u00e9 nous livre ici le 3\u00e8me volet de son triptyque, recherche de plusieurs ann\u00e9es autour de Sam Shepard, inspir\u00e9 et sensible. Les notes d&rsquo;intention indiquent l&rsquo;angle de vue choisi par le metteur en sc\u00e8ne : \u00a0\u00bb Menace d&rsquo;explosion de violence toujours contenue\u00a0\u00bb&#8230; Tout un programme !<\/p>\n<p>On y retrouve l&rsquo;humour et le d\u00e9tachement de Shepard, un univers \u00e0 la Edward Hopper, il y a du Tarantino, du K\u00e9rouac pas loin\u2026<\/p>\n<p>On the road again !<\/p>\n<p>Mise en Sc\u00e8ne : Jean-Paul Bib\u00e9<br \/>\nDistribution : Marc Compozieux, Kristina Dekens, Boris Pomier, Jean-Paul Bib\u00e9<br \/>\nMusique : J\u00e9r\u00e9mie Guiochet<br \/>\nSc\u00e9nographie : \u00c9ric Vanelle<\/p>\n<p>Cr\u00e9ation 2021<\/p>\n<p>Tout public \u00e0 partir de 14 ans<br \/>\nDur\u00e9e : 55 mn<br \/>\nTarif : 12\u20ac &#8211; R\u00e9duit : 10\u20ac &#8211; Enfants : 5\u20ac<\/p>\n<div><a href=\"http:\/\/www.theatrelecolombier.fr\" target=\"_blank\" rel=\"noopener\"><strong><img data-recalc-dims=\"1\" loading=\"lazy\" decoding=\"async\" class=\"alignleft size-thumbnail wp-image-45384\" src=\"https:\/\/i0.wp.com\/www.o-p-i.fr\/parlonsen\/wp-content\/uploads\/le-colombier.jpg?resize=150%2C150&#038;ssl=1\" alt=\"\" width=\"150\" height=\"150\" srcset=\"https:\/\/i0.wp.com\/www.o-p-i.fr\/parlonsen\/wp-content\/uploads\/le-colombier.jpg?resize=150%2C150&amp;ssl=1 150w, https:\/\/i0.wp.com\/www.o-p-i.fr\/parlonsen\/wp-content\/uploads\/le-colombier.jpg?w=170&amp;ssl=1 170w\" sizes=\"auto, (max-width: 150px) 100vw, 150px\" \/><\/strong><\/a><\/div>\n<div><\/div>\n<div><a href=\"http:\/\/www.theatrelecolombier.fr\" target=\"_blank\" rel=\"noopener\"><strong>Th\u00e9\u00e2tre le Colombier<\/strong><\/a><br \/>\n8 rue des Tanneries<br \/>\n81170 Les Cabannes &#8211; Cordes sur Ciel<br \/>\n07 83 26 33 11 &#8211;\u00a0<a href=\"mailto:contact@theatrelecolombier.fr\" target=\"_blank\" rel=\"noopener\">contact@theatrelecolombier.fr<\/a><\/div>\n<div><\/div>\n<div><u><strong>R\u00c9SERVATIONS\u00a0<\/strong><strong>\u00a0: 07 83 26 33 11 ou\u00a0<a href=\"mailto:contact@theatrelecolombier.fr\" target=\"_blank\" rel=\"noopener\">contact@theatrelecolombier.fr<\/a><\/strong><\/u><\/div>\n<div><\/div>\n<div><em>Information communiqu\u00e9e par \u00ab\u00a0Le Colombier\u00a0\u00bb<\/em><\/div>\n<div>\n<p><a href=\"https:\/\/www.o-p-i.fr\/aupays\/au-pays\/agenda\/\">Retrouvez tous les \u00e9v\u00e9nements dans l&rsquo;agenda !<\/a><\/p>\n<\/div>\n<div><\/div>\n<p>&nbsp;<\/p>\n","protected":false},"excerpt":{"rendered":"<div class=\"mh-excerpt\">Samedi 30 avril\u00a0 2022, \u00e0 20h30, th\u00e9\u00e2tre du Colombier aux &gt;Cabannes<\/div>\n","protected":false},"author":4,"featured_media":0,"comment_status":"open","ping_status":"open","sticky":false,"template":"","format":"standard","meta":{"om_disable_all_campaigns":false,"advanced_seo_description":"","jetpack_seo_html_title":"","jetpack_seo_noindex":false,"_jetpack_memberships_contains_paid_content":false,"footnotes":"","_links_to":"","_links_to_target":""},"categories":[42,1,54,4448],"tags":[57,754,2097,2846],"class_list":{"0":"post-50283","1":"post","2":"type-post","3":"status-publish","4":"format-standard","6":"category-a-cote-de-chez-nous","7":"category-culture","8":"category-loisirs","9":"category-n-193-avril-2022","10":"tag-theatre","11":"tag-les-cabannes","12":"tag-cordes-sur-ciel","13":"tag-le-colombier"},"jetpack_featured_media_url":"","views":{"total":0,"cached_at":"","cached_date":1738382498},"jetpack_likes_enabled":true,"jetpack_sharing_enabled":true,"jetpack_shortlink":"https:\/\/wp.me\/pg7Wxj-d51","jetpack-related-posts":[],"_links":{"self":[{"href":"https:\/\/www.o-p-i.fr\/parlonsen\/wp-json\/wp\/v2\/posts\/50283","targetHints":{"allow":["GET"]}}],"collection":[{"href":"https:\/\/www.o-p-i.fr\/parlonsen\/wp-json\/wp\/v2\/posts"}],"about":[{"href":"https:\/\/www.o-p-i.fr\/parlonsen\/wp-json\/wp\/v2\/types\/post"}],"author":[{"embeddable":true,"href":"https:\/\/www.o-p-i.fr\/parlonsen\/wp-json\/wp\/v2\/users\/4"}],"replies":[{"embeddable":true,"href":"https:\/\/www.o-p-i.fr\/parlonsen\/wp-json\/wp\/v2\/comments?post=50283"}],"version-history":[{"count":0,"href":"https:\/\/www.o-p-i.fr\/parlonsen\/wp-json\/wp\/v2\/posts\/50283\/revisions"}],"wp:attachment":[{"href":"https:\/\/www.o-p-i.fr\/parlonsen\/wp-json\/wp\/v2\/media?parent=50283"}],"wp:term":[{"taxonomy":"category","embeddable":true,"href":"https:\/\/www.o-p-i.fr\/parlonsen\/wp-json\/wp\/v2\/categories?post=50283"},{"taxonomy":"post_tag","embeddable":true,"href":"https:\/\/www.o-p-i.fr\/parlonsen\/wp-json\/wp\/v2\/tags?post=50283"}],"curies":[{"name":"wp","href":"https:\/\/api.w.org\/{rel}","templated":true}]}}