{"id":50455,"date":"2022-05-02T10:00:19","date_gmt":"2022-05-02T09:00:19","guid":{"rendered":"https:\/\/www.o-p-i.fr\/parlonsen\/?p=50455"},"modified":"2025-11-09T13:52:41","modified_gmt":"2025-11-09T12:52:41","slug":"journee-olympe-de-gouges-a-vindrac-alayrac-81","status":"publish","type":"post","link":"https:\/\/www.o-p-i.fr\/parlonsen\/parlons-en\/culture\/journee-olympe-de-gouges-a-vindrac-alayrac-81\/","title":{"rendered":"Journ\u00e9e \u00ab\u00a0Olympe de Gouges\u00a0\u00bb &#8230; \u00e0 Vindrac-Alayrac (81)"},"content":{"rendered":"<p><strong>Samedi 7 mai 2022,<\/strong> \u00a0<!--more--><\/p>\n<p><img data-recalc-dims=\"1\" loading=\"lazy\" decoding=\"async\" class=\"alignright size-full wp-image-50456\" src=\"https:\/\/i0.wp.com\/www.o-p-i.fr\/parlonsen\/wp-content\/uploads\/Olympe-de-Gouges.jpg?resize=425%2C604&#038;ssl=1\" alt=\"\" width=\"425\" height=\"604\" srcset=\"https:\/\/i0.wp.com\/www.o-p-i.fr\/parlonsen\/wp-content\/uploads\/Olympe-de-Gouges.jpg?w=425&amp;ssl=1 425w, https:\/\/i0.wp.com\/www.o-p-i.fr\/parlonsen\/wp-content\/uploads\/Olympe-de-Gouges.jpg?resize=211%2C300&amp;ssl=1 211w, https:\/\/i0.wp.com\/www.o-p-i.fr\/parlonsen\/wp-content\/uploads\/Olympe-de-Gouges.jpg?resize=400%2C568&amp;ssl=1 400w, https:\/\/i0.wp.com\/www.o-p-i.fr\/parlonsen\/wp-content\/uploads\/Olympe-de-Gouges.jpg?resize=150%2C213&amp;ssl=1 150w, https:\/\/i0.wp.com\/www.o-p-i.fr\/parlonsen\/wp-content\/uploads\/Olympe-de-Gouges.jpg?resize=100%2C142&amp;ssl=1 100w\" sizes=\"auto, (max-width: 425px) 100vw, 425px\" \/><strong>\u00ab\u00a0Journ\u00e9e olympe de Gouges. femmes d&rsquo;hier et d&rsquo;aujourd&rsquo;hui\u00a0\u00bb<\/strong><\/p>\n<p>De l&rsquo;info, du th\u00e9\u00e2tre, une soir\u00e9e en musique avec buvette et pizzas.<\/p>\n<p>infos et r\u00e9servation possible : <a href=\"mailto:assovindrac@orange.fr\" target=\"_blank\" rel=\"noopener\">assovindrac@orange.fr<\/a><\/p>\n<p><strong>Pourquoi OLYMPE DE GOUGES ?<\/strong><\/p>\n<p>Un espace devant la mairie s&rsquo;appelle, depuis 1 an et demi, \u00ab\u00a0square Olympe de Gouges\u00a0\u00bb.<\/p>\n<p>Nous avons donc d\u00e9cid\u00e9 de consacrer une journ\u00e9e \u00e0 Olympe de Gouges, autrice de la \u00ab\u00a0d\u00e9claration de la femme et de la citoyenne\u00a0\u00bb.<\/p>\n<p>Elle r\u00e9clamait l&rsquo;\u00e9galit\u00e9 des sexes, l&rsquo;abolition de l&rsquo;esclavage, le droit de vote pour les femmes, etc&#8230;.. . Pour en savoir plus, il suffit de venir le 7 mai 2022 \u00e0 Vindrac .<\/p>\n<p><strong>AU PROGRAMME<\/strong> : de l&rsquo;info, du th\u00e9\u00e2tre, une soir\u00e9e en musique avec buvette et pizzas.<\/p>\n<ul>\n<li><strong>16h.<\/strong> Accueil<\/li>\n<li><strong>16h30<\/strong> : Nane V\u00e9zinet conf\u00e9rence-causerie. \u00ab\u00a0Olympe de Gouges, de Montauban \u00e0 l&rsquo;\u00e9chafaud\u00a0\u00bb<br \/>\nNane V\u00e9zinet est conteuse, autrice et conf\u00e9renci\u00e8re. Elle a \u00e9crit plusieurs ouvrages, sur des femmes qui ont marqu\u00e9es l&rsquo;histoire (Olympe de Gouges, Louise Michel, Marie Curie, Fran\u00e7oise Dolto, et Simone Veil, des femmes \u00ab\u00a0rebelles\u00a0\u00bb .<\/li>\n<li><strong>18h<\/strong> : <strong>La compagnie l&rsquo;Espante<\/strong>. Participation de 5\u20ac pour ce spectacle (ou plus, si vous voulez).<br \/>\nSpectacle musical \u00ab\u00a0juste une fille\u00a0\u00bb, public adulte \u00e0 partir de 12 ans.<br \/>\nLecture-concert d&rsquo;apr\u00e8s le livre \u00ab\u00a0fille\u00a0\u00bb de Camille Laurens et des chansons d&rsquo;Anne Sylvestre.<br \/>\nCe r\u00e9cit \u00e9voque la vie d&rsquo;une fille n\u00e9e au sein d&rsquo;une famille o\u00f9 l&rsquo;on aurait pr\u00e9f\u00e9r\u00e9 un gar\u00e7on. Son existence de femme, des ann\u00e9es 60 \u00e0 2000, nous invite \u00e0 nous interroger \u00a0\u00bb c&rsquo;est quoi \u00eatre une fille, une femme, une m\u00e8re aujourd&rsquo;hui ?<br \/>\nLecture, chant, contrebasse, ukul\u00e9l\u00e9 : Emilie Bourgeois. Lecture,chant: Aurore Lerat.<br \/>\nhttps:\/\/compagnielespante.wixsite.com\/site\/fille<\/li>\n<li><strong>19h30<\/strong> : Les \u00ab\u00a0Femmouzes T. &#8211; Rita Mac\u00e9do et Fran\u00e7oise Chapuis. Chansons fran\u00e7aises et musiques inspir\u00e9es du Nordeste du Br\u00e9sil.De sc\u00e8nes en sc\u00e8nes : en France (Toulouse, printemps de Bourges, francofolies de la Rochelles, Bataclan,&#8230;), en Europe et de par le monde (Afrique, Moyen-Orient); apr\u00e8s avoir suivi des tourn\u00e9es de Bernard Lavillier et chant\u00e9 sur sa chanson \u00ab\u00a0les mains d&rsquo;or\u00a0\u00bb, apr\u00e8s avoir \u00e9t\u00e9 coup de c\u0153ur de \u00ab\u00a0La Tordue\u00a0\u00bb, acceuillies par les \u00ab\u00a0T\u00eates raides\u00a0\u00bb,&#8230;, elles nous rejoignent \u00e0 Vindrac.<br \/>\nChanson \u00ab\u00a0Olympe de Gouges\u00a0\u00bb: https:\/\/www.youtube.com\/watch?v=VHLReG0Blrw<\/li>\n<li><strong>En soir\u00e9e<\/strong> : musique avec la fanfare de Vaour, &#8230; avec \u00ab Pizzas, Buvette et cr\u00eapes \u00bb.<\/li>\n<\/ul>\n<p>En plein air, maintenu sous abri en cas de pluie<\/p>\n<p>Coorganis\u00e9\u00a0 par Vivre \u00e0 Vindrac et l&rsquo;association du patrimoine de Vindrac<\/p>\n<p>Voil\u00e0, vous savez presque tout.<br \/>\nEt bien s\u00fbr, parlez en , faites circuler l&rsquo;infos sans mod\u00e9ration, et venez avec vos ami.e.s.<\/p>\n<p><em>Information communiqu\u00e9e par Florence PELOUX<\/em><\/p>\n<p><a href=\"https:\/\/www.o-p-i.fr\/aupays\/au-pays\/agenda\/\">Retrouvez tous les \u00e9v\u00e9nements dans l&rsquo;agenda !<\/a><\/p>\n","protected":false},"excerpt":{"rendered":"<div class=\"mh-excerpt\">Samedi 7 mai 2022, \u00a0<\/div>\n","protected":false},"author":4,"featured_media":0,"comment_status":"open","ping_status":"open","sticky":false,"template":"","format":"standard","meta":{"om_disable_all_campaigns":false,"advanced_seo_description":"","jetpack_seo_html_title":"","jetpack_seo_noindex":false,"_jetpack_memberships_contains_paid_content":false,"footnotes":"","_links_to":"","_links_to_target":""},"categories":[42,1,54,4449],"tags":[57,234,2267,2908,3875,3926,4627,4628,4629],"class_list":{"0":"post-50455","1":"post","2":"type-post","3":"status-publish","4":"format-standard","6":"category-a-cote-de-chez-nous","7":"category-culture","8":"category-loisirs","9":"category-n-194-mai-2022","10":"tag-theatre","11":"tag-conference","12":"tag-olympe-de-gouges","13":"tag-buvette","14":"tag-spectacle-musical","15":"tag-chants","16":"tag-vindrac","17":"tag-alayrac","18":"tag-pizza"},"jetpack_featured_media_url":"","views":{"total":3,"cached_at":"","cached_date":1738271623},"jetpack_likes_enabled":true,"jetpack_sharing_enabled":true,"jetpack_shortlink":"https:\/\/wp.me\/pg7Wxj-d7N","jetpack-related-posts":[],"_links":{"self":[{"href":"https:\/\/www.o-p-i.fr\/parlonsen\/wp-json\/wp\/v2\/posts\/50455","targetHints":{"allow":["GET"]}}],"collection":[{"href":"https:\/\/www.o-p-i.fr\/parlonsen\/wp-json\/wp\/v2\/posts"}],"about":[{"href":"https:\/\/www.o-p-i.fr\/parlonsen\/wp-json\/wp\/v2\/types\/post"}],"author":[{"embeddable":true,"href":"https:\/\/www.o-p-i.fr\/parlonsen\/wp-json\/wp\/v2\/users\/4"}],"replies":[{"embeddable":true,"href":"https:\/\/www.o-p-i.fr\/parlonsen\/wp-json\/wp\/v2\/comments?post=50455"}],"version-history":[{"count":1,"href":"https:\/\/www.o-p-i.fr\/parlonsen\/wp-json\/wp\/v2\/posts\/50455\/revisions"}],"predecessor-version":[{"id":66978,"href":"https:\/\/www.o-p-i.fr\/parlonsen\/wp-json\/wp\/v2\/posts\/50455\/revisions\/66978"}],"wp:attachment":[{"href":"https:\/\/www.o-p-i.fr\/parlonsen\/wp-json\/wp\/v2\/media?parent=50455"}],"wp:term":[{"taxonomy":"category","embeddable":true,"href":"https:\/\/www.o-p-i.fr\/parlonsen\/wp-json\/wp\/v2\/categories?post=50455"},{"taxonomy":"post_tag","embeddable":true,"href":"https:\/\/www.o-p-i.fr\/parlonsen\/wp-json\/wp\/v2\/tags?post=50455"}],"curies":[{"name":"wp","href":"https:\/\/api.w.org\/{rel}","templated":true}]}}