{"id":50648,"date":"2022-05-19T15:06:49","date_gmt":"2022-05-19T14:06:49","guid":{"rendered":"https:\/\/www.o-p-i.fr\/parlonsen\/?p=50648"},"modified":"2022-05-19T17:16:20","modified_gmt":"2022-05-19T16:16:20","slug":"cest-la-fete-a-tauriac-81","status":"publish","type":"post","link":"https:\/\/www.o-p-i.fr\/parlonsen\/parlons-en\/pratique\/cest-la-fete-a-tauriac-81\/","title":{"rendered":"C&rsquo;est la f\u00eate &#8230;\u00e0 Tauriac (81)"},"content":{"rendered":"<p><strong>Vendredi 10, samedi 11 et dimanche 12 juin 2022<\/strong>, <!--more--><\/p>\n<p><img data-recalc-dims=\"1\" loading=\"lazy\" decoding=\"async\" class=\"aligncenter size-full wp-image-50649\" src=\"https:\/\/i0.wp.com\/www.o-p-i.fr\/parlonsen\/wp-content\/uploads\/Tauriac-1-1.jpg?resize=624%2C886&#038;ssl=1\" alt=\"\" width=\"624\" height=\"886\" srcset=\"https:\/\/i0.wp.com\/www.o-p-i.fr\/parlonsen\/wp-content\/uploads\/Tauriac-1-1.jpg?w=624&amp;ssl=1 624w, https:\/\/i0.wp.com\/www.o-p-i.fr\/parlonsen\/wp-content\/uploads\/Tauriac-1-1.jpg?resize=211%2C300&amp;ssl=1 211w, https:\/\/i0.wp.com\/www.o-p-i.fr\/parlonsen\/wp-content\/uploads\/Tauriac-1-1.jpg?resize=400%2C568&amp;ssl=1 400w, https:\/\/i0.wp.com\/www.o-p-i.fr\/parlonsen\/wp-content\/uploads\/Tauriac-1-1.jpg?resize=430%2C611&amp;ssl=1 430w, https:\/\/i0.wp.com\/www.o-p-i.fr\/parlonsen\/wp-content\/uploads\/Tauriac-1-1.jpg?resize=150%2C213&amp;ssl=1 150w, https:\/\/i0.wp.com\/www.o-p-i.fr\/parlonsen\/wp-content\/uploads\/Tauriac-1-1.jpg?resize=100%2C142&amp;ssl=1 100w\" sizes=\"auto, (max-width: 624px) 100vw, 624px\" \/><\/p>\n<p>Pour t\u00e9l\u00e9charger la fiche d&rsquo;inscription d\u00e9mo\/moto cliquez:<strong> <a href=\"https:\/\/www.o-p-i.fr\/parlonsen\/wp-content\/uploads\/moto-Tauriac.pdf\">moto Tauriac<\/a><\/strong><\/p>\n<p>&nbsp;<\/p>\n<p><img data-recalc-dims=\"1\" loading=\"lazy\" decoding=\"async\" class=\"aligncenter size-full wp-image-50651\" src=\"https:\/\/i0.wp.com\/www.o-p-i.fr\/parlonsen\/wp-content\/uploads\/Tauriac-2-1.jpg?resize=624%2C886&#038;ssl=1\" alt=\"\" width=\"624\" height=\"886\" srcset=\"https:\/\/i0.wp.com\/www.o-p-i.fr\/parlonsen\/wp-content\/uploads\/Tauriac-2-1.jpg?w=624&amp;ssl=1 624w, https:\/\/i0.wp.com\/www.o-p-i.fr\/parlonsen\/wp-content\/uploads\/Tauriac-2-1.jpg?resize=211%2C300&amp;ssl=1 211w, https:\/\/i0.wp.com\/www.o-p-i.fr\/parlonsen\/wp-content\/uploads\/Tauriac-2-1.jpg?resize=400%2C568&amp;ssl=1 400w, https:\/\/i0.wp.com\/www.o-p-i.fr\/parlonsen\/wp-content\/uploads\/Tauriac-2-1.jpg?resize=430%2C611&amp;ssl=1 430w, https:\/\/i0.wp.com\/www.o-p-i.fr\/parlonsen\/wp-content\/uploads\/Tauriac-2-1.jpg?resize=150%2C213&amp;ssl=1 150w, https:\/\/i0.wp.com\/www.o-p-i.fr\/parlonsen\/wp-content\/uploads\/Tauriac-2-1.jpg?resize=100%2C142&amp;ssl=1 100w\" sizes=\"auto, (max-width: 624px) 100vw, 624px\" \/><\/p>\n<p><em>Information communiqu\u00e9e par Thomas ROUCOU\u00a0<\/em><\/p>\n<p><a href=\"http:\/\/www.o-p-i.fr\/parlonsen\/agenda\/\">Retrouvez tous les \u00e9v\u00e9nements dans l&rsquo;agenda !<\/a><\/p>\n<p>&nbsp;<\/p>\n","protected":false},"excerpt":{"rendered":"<div class=\"mh-excerpt\">Vendredi 10, samedi 11 et dimanche 12 juin 2022,<\/div>\n","protected":false},"author":4,"featured_media":0,"comment_status":"open","ping_status":"open","sticky":false,"template":"","format":"standard","meta":{"om_disable_all_campaigns":false,"advanced_seo_description":"","jetpack_seo_html_title":"","jetpack_seo_noindex":false,"_jetpack_memberships_contains_paid_content":false,"footnotes":"","_links_to":"","_links_to_target":""},"categories":[54,53,6,21,4450],"tags":[2528,4674,4675,4676,56,157,2546,353,711],"class_list":{"0":"post-50648","1":"post","2":"type-post","3":"status-publish","4":"format-standard","6":"category-loisirs","7":"category-sports","8":"category-pratique","9":"category-tauriac","10":"category-n-195-juin-2022","11":"tag-demonstration","12":"tag-repas-enfants","13":"tag-doublette-petanque","14":"tag-forains","15":"tag-fete","16":"tag-repas","17":"tag-tauriac","18":"tag-petanque","19":"tag-moto"},"jetpack_featured_media_url":"","views":{"total":0,"cached_at":"","cached_date":1738394924},"jetpack_likes_enabled":true,"jetpack_sharing_enabled":true,"jetpack_shortlink":"https:\/\/wp.me\/pg7Wxj-daU","jetpack-related-posts":[],"_links":{"self":[{"href":"https:\/\/www.o-p-i.fr\/parlonsen\/wp-json\/wp\/v2\/posts\/50648","targetHints":{"allow":["GET"]}}],"collection":[{"href":"https:\/\/www.o-p-i.fr\/parlonsen\/wp-json\/wp\/v2\/posts"}],"about":[{"href":"https:\/\/www.o-p-i.fr\/parlonsen\/wp-json\/wp\/v2\/types\/post"}],"author":[{"embeddable":true,"href":"https:\/\/www.o-p-i.fr\/parlonsen\/wp-json\/wp\/v2\/users\/4"}],"replies":[{"embeddable":true,"href":"https:\/\/www.o-p-i.fr\/parlonsen\/wp-json\/wp\/v2\/comments?post=50648"}],"version-history":[{"count":0,"href":"https:\/\/www.o-p-i.fr\/parlonsen\/wp-json\/wp\/v2\/posts\/50648\/revisions"}],"wp:attachment":[{"href":"https:\/\/www.o-p-i.fr\/parlonsen\/wp-json\/wp\/v2\/media?parent=50648"}],"wp:term":[{"taxonomy":"category","embeddable":true,"href":"https:\/\/www.o-p-i.fr\/parlonsen\/wp-json\/wp\/v2\/categories?post=50648"},{"taxonomy":"post_tag","embeddable":true,"href":"https:\/\/www.o-p-i.fr\/parlonsen\/wp-json\/wp\/v2\/tags?post=50648"}],"curies":[{"name":"wp","href":"https:\/\/api.w.org\/{rel}","templated":true}]}}