{"id":5071,"date":"2010-09-19T16:11:50","date_gmt":"2010-09-19T14:11:50","guid":{"rendered":"\/parlonsen\/?p=5071"},"modified":"2010-09-21T12:32:55","modified_gmt":"2010-09-21T10:32:55","slug":"vous-avez-dit-alzheimer-parlons-en","status":"publish","type":"post","link":"https:\/\/www.o-p-i.fr\/parlonsen\/parlons-en\/pratique\/vous-avez-dit-alzheimer-parlons-en\/","title":{"rendered":"Vous avez dit ALZHEIMER ? &#8230; Parlons-en !"},"content":{"rendered":"<p style=\"text-align: justify;\">Le <span style=\"color: #993300;\"><strong>mardi 21 septembre<\/strong><\/span>,\u00a0\u00a0c&rsquo;est la <span style=\"color: #993300;\"><strong>17\u00e8me Journ\u00e9e Mondiale de la Maladie d\u2019Alzheimer<\/strong><\/span>.\u00a0Environ 800 000 personnes sont touch\u00e9es par\u00a0cette maladie en France. <!--more-->Et l&rsquo;allongement de la dur\u00e9e de la vie fait envisager que le nombre de sujets atteints aura doubl\u00e9 en 2020 et que chaque famille aura \u00ab\u00a0\u00e0 faire\u00a0\u00bb avec ce fl\u00e9au. Famille, car si la maladie est un handicap pour la personne\u00a0touch\u00e9e, elle est aussi source de pr\u00e9occupation pour l&rsquo;entourage.<\/p>\n<figure id=\"attachment_5073\" aria-describedby=\"caption-attachment-5073\" style=\"width: 235px\" class=\"wp-caption alignleft\"><a href=\"https:\/\/i0.wp.com\/www.o-p-i.fr\/parlonsen\/wp-content\/uploads\/parolesaidants.jpg?ssl=1\"><img data-recalc-dims=\"1\" loading=\"lazy\" decoding=\"async\" class=\"size-full wp-image-5073\" title=\"parolesaidants\" src=\"https:\/\/i0.wp.com\/www.o-p-i.fr\/parlonsen\/wp-content\/uploads\/parolesaidants.jpg?resize=235%2C235&#038;ssl=1\" alt=\"Paroles d'aidants au cin\u00e9ma de GAILLAC\" width=\"235\" height=\"235\" srcset=\"https:\/\/i0.wp.com\/www.o-p-i.fr\/parlonsen\/wp-content\/uploads\/parolesaidants.jpg?w=235&amp;ssl=1 235w, https:\/\/i0.wp.com\/www.o-p-i.fr\/parlonsen\/wp-content\/uploads\/parolesaidants.jpg?resize=150%2C150&amp;ssl=1 150w\" sizes=\"auto, (max-width: 235px) 100vw, 235px\" \/><\/a><figcaption id=\"caption-attachment-5073\" class=\"wp-caption-text\">Paroles d&#39;aidants au cin\u00e9ma de GAILLAC<\/figcaption><\/figure>\n<p style=\"text-align: justify;\">Les t\u00e9moignages de familles du Tarn accompagnant \u00e0 domicile ou en institution leur parent atteint de la maladie d\u2019Alzheimer ont \u00e9t\u00e9 recueillis et rassembl\u00e9s dans\u00a0le film \u00ab\u00a0<span style=\"color: #993300;\"><strong>Paroles d&rsquo;aidants<\/strong><\/span>\u00ab\u00a0. En partenariat avec le Centre Hospitalier de Gaillac, l\u2019ADMR de Brens, France Alzheimer 81 et la CARSAT, ce film sera projet\u00e9 <span style=\"color: #993300;\"><strong>mardi 21 septembre \u00e0 14h au Cin\u00e9ma de Gaillac<\/strong><\/span>.\u00a0La projection sera suivie d&rsquo;\u00a0une discussion.<\/p>\n<p style=\"text-align: justify;\">La journ\u00e9e mondiale est une journ\u00e9e de mobilisation\u00a0pour la recherche\u00a0de solutions en vue\u00a0d&rsquo;am\u00e9liorer la vie des personnes malades et de leurs aidants. Il s\u2019agit de r\u00e9pondre aux enjeux de ce fl\u00e9au majeur.<\/p>\n<p style=\"text-align: justify;\">Pour tenter d&rsquo;apporter sa pierre \u00e0 l&rsquo;\u00e9difice, l&rsquo;association O.P.I. envisage d&rsquo;initier et de promouvoir des actions qui correspondent aux souhaits et besoins des habitants de notre\u00a0 pays des Tescou&rsquo;s : r\u00e9unions d&rsquo;information sur la maladie et les dispositifs locaux, ateliers \u00ab\u00a0m\u00e9moire\u00a0\u00bb, d\u00e9pistage,.. Marie-Claire MATE, cr\u00e9atrice du Master Professionnel \u00ab\u00a0G\u00e9ronto-psychologie\u00a0\u00bb\u00a0 (anciennement DESS) \u00e0 l&rsquo;Universit\u00e9 TOULOUSE 2 le Mirail, depuis peu \u00e0 la retraite, assure la coordination de ce projet. Si vous \u00eates int\u00e9ress\u00e9 pour vous-m\u00eame ou un membre de votre entourage, envoyez un courriel \u00e0 :<br \/>\n<a href=\"mailto:contact@o-p-i.fr\">contact@o-p-i.fr<\/a> , objet \u00ab\u00a0Alzheimer\u00a0\u00bb, en pr\u00e9cisant vos coordonn\u00e9es,<br \/>\nT\u00e9l. Fixe :\u00a0 09 79 56 54 95<br \/>\nT\u00e9l. Port. : 06 18 20 23 03<\/p>\n<p style=\"text-align: justify;\">Pour vous informer :<\/p>\n<p style=\"text-align: left;\">France Alzheimer : <a title=\"cliquez pour voir le site\" href=\"http:\/\/www.francealzheimer.org\/pages\/association\/journee-mondiale.php\" target=\"_blank\">http:\/\/www.francealzheimer.org\/pages\/association\/journee-mondiale.php<\/a><\/p>\n<p style=\"text-align: left;\">France Alzheimer Haute Garonne : Conf\u00e9rence \u00e0 TOULOUSE le 22 septembre 2010 : <a title=\"cliquez\" href=\"http:\/\/www.francealzheimer31.org\/actualites\" target=\"_blank\">cliquez ici pour en savoir plus et vous inscrire<\/a><\/p>\n<p style=\"text-align: left;\">France Alzheimer TARN : <a title=\"cliquez pour voir le site\" href=\"http:\/\/www.reseau-alzheimer.fr\/index.php?option=com_content&amp;view=article&amp;id=1279:81-association-france-alzheimer&amp;catid=123:81-tarn&amp;Itemid=6\" target=\"_blank\">cliquez ici<\/a><\/p>\n<p><a href=\"https:\/\/www.o-p-i.fr\/parlonsen\/agenda\/\"><strong>Retrouvez tous les \u00e9v\u00e8nements dans l&rsquo;agenda !<\/strong><\/a><\/p>\n","protected":false},"excerpt":{"rendered":"<div class=\"mh-excerpt\">Le mardi 21 septembre,\u00a0\u00a0c&rsquo;est la 17\u00e8me Journ\u00e9e Mondiale de la Maladie d\u2019Alzheimer.\u00a0Environ 800 000 personnes sont touch\u00e9es par\u00a0cette maladie en France.<\/div>\n","protected":false},"author":3,"featured_media":0,"comment_status":"open","ping_status":"open","sticky":false,"template":"","format":"standard","meta":{"om_disable_all_campaigns":false,"advanced_seo_description":"","jetpack_seo_html_title":"","jetpack_seo_noindex":false,"_jetpack_memberships_contains_paid_content":false,"footnotes":"","_links_to":"","_links_to_target":""},"categories":[28,52,40,22,29,34,290,24,15,26,30,16,31,32,58,35,6,33,17,18,25,21,20,27,19,653],"tags":[82,102,111,189,330,683,684],"class_list":{"0":"post-5071","1":"post","2":"type-post","3":"status-publish","4":"format-standard","6":"category-beauvais-sur-tescou","7":"category-parlons-en","8":"category-bioule","9":"category-castelnau","10":"category-genebrieres","11":"category-salvetat","12":"category-entraide","13":"category-la-sauziere-saint-jean","14":"category-localisation","15":"category-le-born","16":"category-leojac","17":"category-monclar","18":"category-montgaillard","19":"category-montdurausse","20":"category-sante","21":"category-montvalen","22":"category-pratique","23":"category-puygaillard-de-quercy","24":"category-saint_nauphary","25":"category-saint-urcisse","26":"category-salvagnac","27":"category-tauriac","28":"category-varennes","29":"category-verlhac-tescou","30":"category-villebrumier","31":"category-n-53-septembre-2010","32":"tag-aines","33":"tag-film","34":"tag-projection","35":"tag-debat","36":"tag-rencontre","37":"tag-alzheimer","38":"tag-gerontologie"},"jetpack_featured_media_url":"","views":{"total":0,"cached_at":"","cached_date":1738516576},"jetpack_likes_enabled":true,"jetpack_sharing_enabled":true,"jetpack_shortlink":"https:\/\/wp.me\/pg7Wxj-1jN","jetpack-related-posts":[],"_links":{"self":[{"href":"https:\/\/www.o-p-i.fr\/parlonsen\/wp-json\/wp\/v2\/posts\/5071","targetHints":{"allow":["GET"]}}],"collection":[{"href":"https:\/\/www.o-p-i.fr\/parlonsen\/wp-json\/wp\/v2\/posts"}],"about":[{"href":"https:\/\/www.o-p-i.fr\/parlonsen\/wp-json\/wp\/v2\/types\/post"}],"author":[{"embeddable":true,"href":"https:\/\/www.o-p-i.fr\/parlonsen\/wp-json\/wp\/v2\/users\/3"}],"replies":[{"embeddable":true,"href":"https:\/\/www.o-p-i.fr\/parlonsen\/wp-json\/wp\/v2\/comments?post=5071"}],"version-history":[{"count":0,"href":"https:\/\/www.o-p-i.fr\/parlonsen\/wp-json\/wp\/v2\/posts\/5071\/revisions"}],"wp:attachment":[{"href":"https:\/\/www.o-p-i.fr\/parlonsen\/wp-json\/wp\/v2\/media?parent=5071"}],"wp:term":[{"taxonomy":"category","embeddable":true,"href":"https:\/\/www.o-p-i.fr\/parlonsen\/wp-json\/wp\/v2\/categories?post=5071"},{"taxonomy":"post_tag","embeddable":true,"href":"https:\/\/www.o-p-i.fr\/parlonsen\/wp-json\/wp\/v2\/tags?post=5071"}],"curies":[{"name":"wp","href":"https:\/\/api.w.org\/{rel}","templated":true}]}}