{"id":5079,"date":"2010-09-19T17:41:35","date_gmt":"2010-09-19T15:41:35","guid":{"rendered":"\/parlonsen\/?p=5079"},"modified":"2010-09-20T18:08:42","modified_gmt":"2010-09-20T16:08:42","slug":"tas-pige-le-pij-et-le-clas-cest-quoi","status":"publish","type":"post","link":"https:\/\/www.o-p-i.fr\/parlonsen\/parlons-en\/pratique\/tas-pige-le-pij-et-le-clas-cest-quoi\/","title":{"rendered":"T&rsquo;as pig\u00e9 le PIJ ? &#8230; et le CLAS c&rsquo;est quoi ?"},"content":{"rendered":"<p>&#8230;viens donc faire un tour aux \u00ab\u00a0<span style=\"color: #003366;\"><strong>Portes Ouvertes<\/strong><\/span>\u00a0\u00bb du Point d&rsquo;Information Jeunesse, le<span style=\"color: #003366;\"><strong> samedi 25 septembre de 14 h. \u00e0 17 h. <\/strong><\/span>\u00e0 la Maison des Jeunes et de la Culture de <span style=\"color: #003366;\"><strong>VILLEMUR<\/strong><\/span>.<!--more--><\/p>\n<figure id=\"attachment_5081\" aria-describedby=\"caption-attachment-5081\" style=\"width: 332px\" class=\"wp-caption aligncenter\"><a href=\"https:\/\/i0.wp.com\/www.o-p-i.fr\/parlonsen\/wp-content\/uploads\/p-o-du-pij.jpg?ssl=1\"><img data-recalc-dims=\"1\" loading=\"lazy\" decoding=\"async\" class=\"size-full wp-image-5081\" title=\"p-o-du-pij\" src=\"https:\/\/i0.wp.com\/www.o-p-i.fr\/parlonsen\/wp-content\/uploads\/p-o-du-pij.jpg?resize=332%2C470&#038;ssl=1\" alt=\"Portes Ouvertes du P.I.J  de VILLEMUR\" width=\"332\" height=\"470\" srcset=\"https:\/\/i0.wp.com\/www.o-p-i.fr\/parlonsen\/wp-content\/uploads\/p-o-du-pij.jpg?w=332&amp;ssl=1 332w, https:\/\/i0.wp.com\/www.o-p-i.fr\/parlonsen\/wp-content\/uploads\/p-o-du-pij.jpg?resize=211%2C300&amp;ssl=1 211w\" sizes=\"auto, (max-width: 332px) 100vw, 332px\" \/><\/a><figcaption id=\"caption-attachment-5081\" class=\"wp-caption-text\">Portes Ouvertes du P.I.J de VILLEMUR<\/figcaption><\/figure>\n<p>et le CLAS :<\/p>\n<figure id=\"attachment_5082\" aria-describedby=\"caption-attachment-5082\" style=\"width: 696px\" class=\"wp-caption aligncenter\"><img data-recalc-dims=\"1\" loading=\"lazy\" decoding=\"async\" class=\"size-full wp-image-5082\" title=\"clas\" src=\"https:\/\/i0.wp.com\/www.o-p-i.fr\/parlonsen\/wp-content\/uploads\/clas.jpg?resize=696%2C519&#038;ssl=1\" alt=\"Pr\u00e9sentation du CLAS\" width=\"696\" height=\"519\" \/><figcaption id=\"caption-attachment-5082\" class=\"wp-caption-text\">Pr\u00e9sentation du CLAS<\/figcaption><\/figure>\n<p style=\"text-align: justify;\">\u00c9tudiants, retrait\u00e9s, enseignants, enseignants \u00e0 la retraite, parents d&rsquo;\u00e9l\u00e8ves\u2026 n&rsquo;h\u00e9sitez pas \u00e0 nous contacter pour devenir accompagnateurs b\u00e9n\u00e9voles.<\/p>\n<p style=\"text-align: justify;\">Des formations gratuites sont pr\u00e9vues.<\/p>\n<p style=\"text-align: justify;\"><span style=\"color: #003366;\"><strong>R\u00e9union<\/strong><\/span> le <span style=\"color: #003366;\"><strong>Vendredi 24 Septembre<\/strong><\/span> \u00e0 19 h.<\/p>\n<p>Pour tout renseignement : <strong><span style=\"color: #003366;\">C\u00e9lia ROBIN<\/span>, <\/strong> coordonnatrice CLAS au PIJ de Villemur<\/p>\n<p><span style=\"color: #003366;\"><strong>MJC &#8211; Maisons Mitoyennes<\/strong><\/span><br \/>\n<span style=\"color: #003366;\">Avenue de la Gare<br \/>\n31340 Villemur sur Tarn<\/span><\/p>\n<p><span style=\"color: #003366;\">T\u00e9l. : 05.34.27.06.78.<br \/>\nCourriel : <a href=\"mailto:pij.villemur@wanadoo.fr\">pij.villemur@wanadoo.fr<\/a><\/span><\/p>\n<p><em>Communiqu\u00e9 de C\u00e9lia ROBIN<\/em><\/p>\n<p><a href=\"https:\/\/www.o-p-i.fr\/parlonsen\/agenda\/\"><strong>Retrouvez tous les \u00e9v\u00e8nements dans l&rsquo;agenda !<\/strong><\/a><\/p>\n","protected":false},"excerpt":{"rendered":"<div class=\"mh-excerpt\">&#8230;viens donc faire un tour aux \u00ab\u00a0Portes Ouvertes\u00a0\u00bb du Point d&rsquo;Information Jeunesse, le samedi 25 septembre de 14 h. \u00e0 17 h. \u00e0 la Maison des Jeunes et de la Culture de VILLEMUR.<\/div>\n","protected":false},"author":8,"featured_media":0,"comment_status":"open","ping_status":"open","sticky":false,"template":"","format":"standard","meta":{"om_disable_all_campaigns":false,"advanced_seo_description":"","jetpack_seo_html_title":"","jetpack_seo_noindex":false,"_jetpack_memberships_contains_paid_content":false,"footnotes":"","_links_to":"","_links_to_target":""},"categories":[42,290,26,648,6,653],"tags":[690,136,202,335,450,685,686,687],"class_list":{"0":"post-5079","1":"post","2":"type-post","3":"status-publish","4":"format-standard","6":"category-a-cote-de-chez-nous","7":"category-entraide","8":"category-le-born","9":"category-cest-la-rentree","10":"category-pratique","11":"category-n-53-septembre-2010","12":"tag-clas","13":"tag-aide","14":"tag-mjc","15":"tag-pij","16":"tag-villemur-sur-tarn","17":"tag-information","18":"tag-jeunes","19":"tag-scolarite"},"jetpack_featured_media_url":"","views":{"total":0,"cached_at":"","cached_date":1738516565},"jetpack_likes_enabled":true,"jetpack_sharing_enabled":true,"jetpack_shortlink":"https:\/\/wp.me\/pg7Wxj-1jV","jetpack-related-posts":[],"_links":{"self":[{"href":"https:\/\/www.o-p-i.fr\/parlonsen\/wp-json\/wp\/v2\/posts\/5079","targetHints":{"allow":["GET"]}}],"collection":[{"href":"https:\/\/www.o-p-i.fr\/parlonsen\/wp-json\/wp\/v2\/posts"}],"about":[{"href":"https:\/\/www.o-p-i.fr\/parlonsen\/wp-json\/wp\/v2\/types\/post"}],"author":[{"embeddable":true,"href":"https:\/\/www.o-p-i.fr\/parlonsen\/wp-json\/wp\/v2\/users\/8"}],"replies":[{"embeddable":true,"href":"https:\/\/www.o-p-i.fr\/parlonsen\/wp-json\/wp\/v2\/comments?post=5079"}],"version-history":[{"count":0,"href":"https:\/\/www.o-p-i.fr\/parlonsen\/wp-json\/wp\/v2\/posts\/5079\/revisions"}],"wp:attachment":[{"href":"https:\/\/www.o-p-i.fr\/parlonsen\/wp-json\/wp\/v2\/media?parent=5079"}],"wp:term":[{"taxonomy":"category","embeddable":true,"href":"https:\/\/www.o-p-i.fr\/parlonsen\/wp-json\/wp\/v2\/categories?post=5079"},{"taxonomy":"post_tag","embeddable":true,"href":"https:\/\/www.o-p-i.fr\/parlonsen\/wp-json\/wp\/v2\/tags?post=5079"}],"curies":[{"name":"wp","href":"https:\/\/api.w.org\/{rel}","templated":true}]}}