{"id":51096,"date":"2022-06-23T16:28:46","date_gmt":"2022-06-23T15:28:46","guid":{"rendered":"https:\/\/www.o-p-i.fr\/parlonsen\/?p=51096"},"modified":"2022-06-24T00:46:10","modified_gmt":"2022-06-23T23:46:10","slug":"concert-orcival-a-gaillac-81","status":"publish","type":"post","link":"https:\/\/www.o-p-i.fr\/parlonsen\/parlons-en\/culture\/concert-orcival-a-gaillac-81\/","title":{"rendered":"Concert Orcival &#8230; \u00e0 Gaillac (81)"},"content":{"rendered":"<p><strong>Jeudi 30 juin 2022<\/strong> \u00e0 20h30, square du mar\u00e9chal Joffre. <!--more--><\/p>\n<p><img data-recalc-dims=\"1\" loading=\"lazy\" decoding=\"async\" class=\"alignright size-full wp-image-51097\" src=\"https:\/\/i0.wp.com\/www.o-p-i.fr\/parlonsen\/wp-content\/uploads\/Orcival-1.jpg?resize=425%2C238&#038;ssl=1\" alt=\"\" width=\"425\" height=\"238\" srcset=\"https:\/\/i0.wp.com\/www.o-p-i.fr\/parlonsen\/wp-content\/uploads\/Orcival-1.jpg?w=425&amp;ssl=1 425w, https:\/\/i0.wp.com\/www.o-p-i.fr\/parlonsen\/wp-content\/uploads\/Orcival-1.jpg?resize=300%2C168&amp;ssl=1 300w, https:\/\/i0.wp.com\/www.o-p-i.fr\/parlonsen\/wp-content\/uploads\/Orcival-1.jpg?resize=400%2C224&amp;ssl=1 400w, https:\/\/i0.wp.com\/www.o-p-i.fr\/parlonsen\/wp-content\/uploads\/Orcival-1.jpg?resize=150%2C84&amp;ssl=1 150w, https:\/\/i0.wp.com\/www.o-p-i.fr\/parlonsen\/wp-content\/uploads\/Orcival-1.jpg?resize=100%2C56&amp;ssl=1 100w\" sizes=\"auto, (max-width: 425px) 100vw, 425px\" \/>La folk\/world envo\u00fbtante d'\u00a0\u00bbOrcival\u00a0\u00bb est une invitation vers l&rsquo;ailleurs, \u00e0 la rencontre des peuples du monde et des contr\u00e9es imaginaires. Guitariste d&rsquo;une infinie sensibilit\u00e9, port\u00e9 par les musiques du monde entier, ORCIVAL est sur sc\u00e8ne une exp\u00e9rience musicale \u00e0 savourer pleinement. Le bois, les cordes, les cuivres s&rsquo;entrem\u00ealent pour former une sculpture musicale cosmopolite, sensible et \u00e9nergique. Dans cette version trio cuivres, Julien\u00ab Orcival \u00bbBouttard ( guitare et chant) est entour\u00e9 de 2 musiciens talentueux et virtuoses : Ludovic Schmidt au bugle et \u00e0 la trompette et Hugo Collin aux saxophones.<\/p>\n<p>Pour son 3\u00e8me album \u00ab Time is coming \u00bb, \u00ab Orcival \u00bb explore des paysages fleuris aux sonorit\u00e9s r\u00e9solument folk\/world. Nous laissant librement naviguer dans un univers singulier et po\u00e9tique, o\u00f9 se croisent et se m\u00ealent l&rsquo;onirique et l&rsquo;organique, l&rsquo;a\u00e9rien et l&rsquo;enracinement.<\/p>\n<p>Pour d\u00e9couvrir Orcival, <strong><a href=\"http:\/\/orcivalmusic.com\/index.php\/media\/\" target=\"_blank\" rel=\"noopener\">cliquez ici<\/a><\/strong><\/p>\n<p>Restauration et buvette sur place<\/p>\n<p><em>Information communiqu\u00e9e par Jean BOURDONCLE<\/em><\/p>\n<p><a href=\"https:\/\/www.o-p-i.fr\/aupays\/au-pays\/agenda\/\">Retrouvez tous les \u00e9v\u00e9nements dans l&rsquo;agenda !<\/a><\/p>\n<p>&nbsp;<\/p>\n<p>&nbsp;<\/p>\n","protected":false},"excerpt":{"rendered":"<div class=\"mh-excerpt\">Jeudi 30 juin 2022 \u00e0 20h30, square du mar\u00e9chal Joffre.<\/div>\n","protected":false},"author":4,"featured_media":0,"comment_status":"open","ping_status":"open","sticky":false,"template":"","format":"standard","meta":{"om_disable_all_campaigns":false,"advanced_seo_description":"","jetpack_seo_html_title":"","jetpack_seo_noindex":false,"_jetpack_memberships_contains_paid_content":false,"footnotes":"","_links_to":"","_links_to_target":""},"categories":[42,1,54,4450],"tags":[43,215,475,4744],"class_list":{"0":"post-51096","1":"post","2":"type-post","3":"status-publish","4":"format-standard","6":"category-a-cote-de-chez-nous","7":"category-culture","8":"category-loisirs","9":"category-n-195-juin-2022","10":"tag-concert","11":"tag-gaillac","12":"tag-folk","13":"tag-orcival"},"jetpack_featured_media_url":"","views":{"total":0,"cached_at":"","cached_date":1738374341},"jetpack_likes_enabled":true,"jetpack_sharing_enabled":true,"jetpack_shortlink":"https:\/\/wp.me\/pg7Wxj-di8","jetpack-related-posts":[],"_links":{"self":[{"href":"https:\/\/www.o-p-i.fr\/parlonsen\/wp-json\/wp\/v2\/posts\/51096","targetHints":{"allow":["GET"]}}],"collection":[{"href":"https:\/\/www.o-p-i.fr\/parlonsen\/wp-json\/wp\/v2\/posts"}],"about":[{"href":"https:\/\/www.o-p-i.fr\/parlonsen\/wp-json\/wp\/v2\/types\/post"}],"author":[{"embeddable":true,"href":"https:\/\/www.o-p-i.fr\/parlonsen\/wp-json\/wp\/v2\/users\/4"}],"replies":[{"embeddable":true,"href":"https:\/\/www.o-p-i.fr\/parlonsen\/wp-json\/wp\/v2\/comments?post=51096"}],"version-history":[{"count":0,"href":"https:\/\/www.o-p-i.fr\/parlonsen\/wp-json\/wp\/v2\/posts\/51096\/revisions"}],"wp:attachment":[{"href":"https:\/\/www.o-p-i.fr\/parlonsen\/wp-json\/wp\/v2\/media?parent=51096"}],"wp:term":[{"taxonomy":"category","embeddable":true,"href":"https:\/\/www.o-p-i.fr\/parlonsen\/wp-json\/wp\/v2\/categories?post=51096"},{"taxonomy":"post_tag","embeddable":true,"href":"https:\/\/www.o-p-i.fr\/parlonsen\/wp-json\/wp\/v2\/tags?post=51096"}],"curies":[{"name":"wp","href":"https:\/\/api.w.org\/{rel}","templated":true}]}}