{"id":51759,"date":"2022-08-23T11:17:54","date_gmt":"2022-08-23T10:17:54","guid":{"rendered":"https:\/\/www.o-p-i.fr\/parlonsen\/?p=51759"},"modified":"2025-11-12T00:39:48","modified_gmt":"2025-11-11T23:39:48","slug":"soiree-cabaret-a-bioule-82-2","status":"publish","type":"post","link":"https:\/\/www.o-p-i.fr\/parlonsen\/localisation\/a-cote-de-chez-nous\/bioule\/soiree-cabaret-a-bioule-82-2\/","title":{"rendered":"Soir\u00e9e cabaret&#8230; \u00e0 Bioule (82)"},"content":{"rendered":"<p><strong>Samedi 15 octobre 2022<\/strong>, \u00e0 partir de 19h.30 \u00e0 la salle des f\u00eates.<!--more--><img data-recalc-dims=\"1\" loading=\"lazy\" decoding=\"async\" class=\"alignright size-full wp-image-51760\" src=\"https:\/\/i0.wp.com\/www.o-p-i.fr\/parlonsen\/wp-content\/uploads\/2-enchanteurs.jpg?resize=425%2C397&#038;ssl=1\" alt=\"\" width=\"425\" height=\"397\" srcset=\"https:\/\/i0.wp.com\/www.o-p-i.fr\/parlonsen\/wp-content\/uploads\/2-enchanteurs.jpg?w=425&amp;ssl=1 425w, https:\/\/i0.wp.com\/www.o-p-i.fr\/parlonsen\/wp-content\/uploads\/2-enchanteurs.jpg?resize=300%2C280&amp;ssl=1 300w, https:\/\/i0.wp.com\/www.o-p-i.fr\/parlonsen\/wp-content\/uploads\/2-enchanteurs.jpg?resize=400%2C374&amp;ssl=1 400w, https:\/\/i0.wp.com\/www.o-p-i.fr\/parlonsen\/wp-content\/uploads\/2-enchanteurs.jpg?resize=150%2C140&amp;ssl=1 150w, https:\/\/i0.wp.com\/www.o-p-i.fr\/parlonsen\/wp-content\/uploads\/2-enchanteurs.jpg?resize=100%2C93&amp;ssl=1 100w\" sizes=\"auto, (max-width: 425px) 100vw, 425px\" \/>Soir\u00e9e Cabaret anim\u00e9e par les 2 Enchanteur et leurs danseuses<\/p>\n<p>Pour d\u00e9couvrir les 2 enchanteurs,<strong><a href=\"https:\/\/youtu.be\/LmVDhntCuQE\" target=\"_blank\" rel=\"noopener\"> cliquez ici<\/a><\/strong><\/p>\n<ul>\n<li>Repas sur r\u00e9servation<\/li>\n<li>Date de l&rsquo;\u00e9v\u00e9nement : samedi 15 octobre 2022<\/li>\n<li>Horaires : de 20h. \u00e0 1h. du matin<\/li>\n<li>Pour y aller : Salle des f\u00eates 82800-Bioule<\/li>\n<li>Tarifs : Adulte :35 \u20ac\u20ac\u00a0 Enfant :15\u20ac\u20ac<\/li>\n<li>Organisateur : CDABioule<\/li>\n<li>Contact : DEBEDA Josiane<br \/>\nChemin de Passil<br \/>\n82800-Bioule<br \/>\nT\u00e9l. :06 31 61 16 43<br \/>\nCourriel : <a href=\"mailto:lac82@laposte.net\" target=\"_blank\" rel=\"noopener\">lac82@laposte.net<\/a><\/li>\n<\/ul>\n<p><em>Information communiqu\u00e9e par\u00a0 Jeanine ASTORG<\/em><\/p>\n<p><a href=\"https:\/\/www.o-p-i.fr\/aupays\/au-pays\/agenda\/\">Retrouvez tous les \u00e9v\u00e9nements dans l&rsquo;agenda !<\/a><\/p>\n<p>&nbsp;<\/p>\n","protected":false},"excerpt":{"rendered":"<div class=\"mh-excerpt\">Samedi 15 octobre 2022, \u00e0 partir de 19h.30 \u00e0 la salle des f\u00eates.<\/div>\n","protected":false},"author":4,"featured_media":0,"comment_status":"open","ping_status":"open","sticky":false,"template":"","format":"standard","meta":{"om_disable_all_campaigns":false,"advanced_seo_description":"","jetpack_seo_html_title":"","jetpack_seo_noindex":false,"_jetpack_memberships_contains_paid_content":false,"footnotes":"","_links_to":"","_links_to_target":""},"categories":[40,54,4855],"tags":[157,1259,4869,4870],"class_list":{"0":"post-51759","1":"post","2":"type-post","3":"status-publish","4":"format-standard","6":"category-bioule","7":"category-loisirs","8":"category-n-199-octobre-2022","9":"tag-repas","10":"tag-cabaret","11":"tag-comite-danimation","12":"tag-comite-des-aines"},"jetpack_featured_media_url":"","views":{"total":0,"cached_at":"","cached_date":1738188548},"jetpack_likes_enabled":true,"jetpack_sharing_enabled":true,"jetpack_shortlink":"https:\/\/wp.me\/pg7Wxj-dsP","jetpack-related-posts":[],"_links":{"self":[{"href":"https:\/\/www.o-p-i.fr\/parlonsen\/wp-json\/wp\/v2\/posts\/51759","targetHints":{"allow":["GET"]}}],"collection":[{"href":"https:\/\/www.o-p-i.fr\/parlonsen\/wp-json\/wp\/v2\/posts"}],"about":[{"href":"https:\/\/www.o-p-i.fr\/parlonsen\/wp-json\/wp\/v2\/types\/post"}],"author":[{"embeddable":true,"href":"https:\/\/www.o-p-i.fr\/parlonsen\/wp-json\/wp\/v2\/users\/4"}],"replies":[{"embeddable":true,"href":"https:\/\/www.o-p-i.fr\/parlonsen\/wp-json\/wp\/v2\/comments?post=51759"}],"version-history":[{"count":1,"href":"https:\/\/www.o-p-i.fr\/parlonsen\/wp-json\/wp\/v2\/posts\/51759\/revisions"}],"predecessor-version":[{"id":67507,"href":"https:\/\/www.o-p-i.fr\/parlonsen\/wp-json\/wp\/v2\/posts\/51759\/revisions\/67507"}],"wp:attachment":[{"href":"https:\/\/www.o-p-i.fr\/parlonsen\/wp-json\/wp\/v2\/media?parent=51759"}],"wp:term":[{"taxonomy":"category","embeddable":true,"href":"https:\/\/www.o-p-i.fr\/parlonsen\/wp-json\/wp\/v2\/categories?post=51759"},{"taxonomy":"post_tag","embeddable":true,"href":"https:\/\/www.o-p-i.fr\/parlonsen\/wp-json\/wp\/v2\/tags?post=51759"}],"curies":[{"name":"wp","href":"https:\/\/api.w.org\/{rel}","templated":true}]}}