{"id":51777,"date":"2022-08-25T08:39:08","date_gmt":"2022-08-25T07:39:08","guid":{"rendered":"https:\/\/www.o-p-i.fr\/parlonsen\/?p=51777"},"modified":"2022-08-25T08:45:47","modified_gmt":"2022-08-25T07:45:47","slug":"sweet-mood-en-concert-a-lisle-sur-tarn-81","status":"publish","type":"post","link":"https:\/\/www.o-p-i.fr\/parlonsen\/parlons-en\/culture\/sweet-mood-en-concert-a-lisle-sur-tarn-81\/","title":{"rendered":"\u00ab\u00a0Sweet Mood\u00a0\u00bb en concert &#8230;\u00e0 Lisle sur Tarn (81)"},"content":{"rendered":"<p><strong>Dimanche 28 ao\u00fbt 2022<\/strong>, \u00e0 17h30 au mus\u00e9e Raymond Lafage.<!--more--><\/p>\n<p><img data-recalc-dims=\"1\" loading=\"lazy\" decoding=\"async\" class=\"alignright size-full wp-image-51778\" src=\"https:\/\/i0.wp.com\/www.o-p-i.fr\/parlonsen\/wp-content\/uploads\/sweet.jpg?resize=425%2C366&#038;ssl=1\" alt=\"\" width=\"425\" height=\"366\" srcset=\"https:\/\/i0.wp.com\/www.o-p-i.fr\/parlonsen\/wp-content\/uploads\/sweet.jpg?w=425&amp;ssl=1 425w, https:\/\/i0.wp.com\/www.o-p-i.fr\/parlonsen\/wp-content\/uploads\/sweet.jpg?resize=300%2C258&amp;ssl=1 300w, https:\/\/i0.wp.com\/www.o-p-i.fr\/parlonsen\/wp-content\/uploads\/sweet.jpg?resize=400%2C344&amp;ssl=1 400w, https:\/\/i0.wp.com\/www.o-p-i.fr\/parlonsen\/wp-content\/uploads\/sweet.jpg?resize=150%2C129&amp;ssl=1 150w, https:\/\/i0.wp.com\/www.o-p-i.fr\/parlonsen\/wp-content\/uploads\/sweet.jpg?resize=100%2C86&amp;ssl=1 100w\" sizes=\"auto, (max-width: 425px) 100vw, 425px\" \/>Dans le cadre des animations li\u00e9es au Mus\u00e9e Raymond Lafage et \u00e0 l&rsquo;exposition temporaire d\u00e9di\u00e9e \u00e0 \u00ab\u00a0G\u00e9rard et Th\u00e9o JAN\u00a0\u00bb, le Mus\u00e9e vous propose d&rsquo;assister Dimanche 28 ao\u00fbt \u00e0 17h30 \u00e0 la derni\u00e8re animation de l&rsquo;\u00e9t\u00e9 avec le concert du duo<\/p>\n<p>SWEET MOOD<\/p>\n<p>L&rsquo;un est chanteur-guitariste au groove impressionnant, l&rsquo;autre est bassiste, choriste et batteur avec un rythme d&rsquo;une efficacit\u00e9 et une pr\u00e9cision d\u00e9concertante. Dadou et Matthieu, deux artistes de la sc\u00e8ne tarnaise, reprennent des tubes qui ont marqu\u00e9 des \u00e9poques et des vies.<\/p>\n<p>A la fin de la repr\u00e9sentation, une d\u00e9gustation de vins parrain\u00e9e par la Maison des Vins de Gaillac vous sera propos\u00e9e.<\/p>\n<p><img data-recalc-dims=\"1\" loading=\"lazy\" decoding=\"async\" class=\"alignleft size-full wp-image-35195\" src=\"https:\/\/i0.wp.com\/www.o-p-i.fr\/parlonsen\/wp-content\/uploads\/lafage-logo.jpg?resize=85%2C76&#038;ssl=1\" alt=\"\" width=\"85\" height=\"76\" \/><strong>Mus\u00e9e Raymond Lafage<\/strong><br \/>\n10 rue victor Mazi\u00e8s &#8211; 81310 Lisle-sur-Tarn<br \/>\nmusee.lislesurtarn@wanadoo.fr<br \/>\nt\u00e9l : 05.63.40.45.45<\/p>\n<p><em>Information communiqu\u00e9e par l&rsquo;\u00e9quipe du Mus\u00e9e<\/em><\/p>\n<p><a href=\"https:\/\/www.o-p-i.fr\/aupays\/au-pays\/agenda\/\">Retrouvez tous les \u00e9v\u00e9nements dans l&rsquo;agenda !<\/a><\/p>\n","protected":false},"excerpt":{"rendered":"<div class=\"mh-excerpt\">Dimanche 28 ao\u00fbt 2022, \u00e0 17h30 au mus\u00e9e Raymond Lafage.<\/div>\n","protected":false},"author":4,"featured_media":0,"comment_status":"open","ping_status":"open","sticky":false,"template":"","format":"standard","meta":{"om_disable_all_campaigns":false,"advanced_seo_description":"","jetpack_seo_html_title":"","jetpack_seo_noindex":false,"_jetpack_memberships_contains_paid_content":false,"footnotes":"","_links_to":"","_links_to_target":""},"categories":[42,1,54,4671],"tags":[43,77,78,4215],"class_list":{"0":"post-51777","1":"post","2":"type-post","3":"status-publish","4":"format-standard","6":"category-a-cote-de-chez-nous","7":"category-culture","8":"category-loisirs","9":"category-n-197-aout-2022","10":"tag-concert","11":"tag-lisle-sur-tarn","12":"tag-musee-raymond-lafage","13":"tag-degustatiion"},"jetpack_featured_media_url":"","views":{"total":0,"cached_at":"","cached_date":1738143413},"jetpack_likes_enabled":true,"jetpack_sharing_enabled":true,"jetpack_shortlink":"https:\/\/wp.me\/pg7Wxj-dt7","jetpack-related-posts":[],"_links":{"self":[{"href":"https:\/\/www.o-p-i.fr\/parlonsen\/wp-json\/wp\/v2\/posts\/51777","targetHints":{"allow":["GET"]}}],"collection":[{"href":"https:\/\/www.o-p-i.fr\/parlonsen\/wp-json\/wp\/v2\/posts"}],"about":[{"href":"https:\/\/www.o-p-i.fr\/parlonsen\/wp-json\/wp\/v2\/types\/post"}],"author":[{"embeddable":true,"href":"https:\/\/www.o-p-i.fr\/parlonsen\/wp-json\/wp\/v2\/users\/4"}],"replies":[{"embeddable":true,"href":"https:\/\/www.o-p-i.fr\/parlonsen\/wp-json\/wp\/v2\/comments?post=51777"}],"version-history":[{"count":0,"href":"https:\/\/www.o-p-i.fr\/parlonsen\/wp-json\/wp\/v2\/posts\/51777\/revisions"}],"wp:attachment":[{"href":"https:\/\/www.o-p-i.fr\/parlonsen\/wp-json\/wp\/v2\/media?parent=51777"}],"wp:term":[{"taxonomy":"category","embeddable":true,"href":"https:\/\/www.o-p-i.fr\/parlonsen\/wp-json\/wp\/v2\/categories?post=51777"},{"taxonomy":"post_tag","embeddable":true,"href":"https:\/\/www.o-p-i.fr\/parlonsen\/wp-json\/wp\/v2\/tags?post=51777"}],"curies":[{"name":"wp","href":"https:\/\/api.w.org\/{rel}","templated":true}]}}