{"id":51831,"date":"2022-09-01T15:25:54","date_gmt":"2022-09-01T14:25:54","guid":{"rendered":"https:\/\/www.o-p-i.fr\/parlonsen\/?p=51831"},"modified":"2025-07-18T01:28:04","modified_gmt":"2025-07-17T23:28:04","slug":"cours-de-gymnastique-a-salvagnac-81","status":"publish","type":"post","link":"https:\/\/www.o-p-i.fr\/parlonsen\/localisation\/au-pays-des-tescous\/salvagnac\/cours-de-gymnastique-a-salvagnac-81\/","title":{"rendered":"Cours de gymnastique &#8230;\u00e0 Salvagnac (81)"},"content":{"rendered":"<p>Reprise le <strong>jeudi 22 septembre 2022<\/strong> \u00e0 20h.30, \u00e0 la salle omnisport.<!--more--><\/p>\n<p><em>Gym \u00e0 SALVAGNAC les jeudi soirs de 20h30 \u00e0 21h30 \u00e0 la Salle Omnisports \u00e0 partir du 22 septembre<\/em><\/p>\n<p><em>\u00a0L\u2019association AMIS propose toute l\u2019ann\u00e9e depuis plus de 20 ans des s\u00e9ances de gym.<\/em><\/p>\n<p><em>\u00a0En 2022, c\u2019est Patrick, coach sportif exp\u00e9riment\u00e9, qui anime nos cours.<\/em><\/p>\n<p><em>Il propose une diversit\u00e9 d\u2019activit\u00e9s adapt\u00e9es au rythme et aux envies des participants : R\u00e9veil musculaire et articulaire, Renforcement musculaire, Cardio hit, Abdo-fessiers, Gym douce\u2026<\/em><\/p>\n<p><em>Nos cours sont mixtes, adapt\u00e9s \u00e0 tous \u00e2ges.<\/em><\/p>\n<p><em>Mat\u00e9riel fourni : steps, ballons, cerceaux, \u00e9lastiques, poids\u2026pour tous les gouts et toutes les activit\u00e9s.<\/em><\/p>\n<p><em>Tarif : 99 \u20ac par an (fin septembre \u00e0 juillet, y compris vacances scolaires) ; payable en 3 trimestres<\/em><\/p>\n<p><em>Les ch\u00e8ques ANCV sont accept\u00e9s<\/em><\/p>\n<p><em>1 cours d\u2019essai offert<\/em><\/p>\n<p><em>Contact pour plus d\u2019informations :\u00a005 63 40 55 07 \/ 06 32 30 89 17\u00a0(heure des repas)<\/em><\/p>\n<p><img data-recalc-dims=\"1\" loading=\"lazy\" decoding=\"async\" class=\"aligncenter size-full wp-image-51832\" src=\"https:\/\/i0.wp.com\/www.o-p-i.fr\/parlonsen\/wp-content\/uploads\/gym-salva.jpg?resize=624%2C885&#038;ssl=1\" alt=\"\" width=\"624\" height=\"885\" srcset=\"https:\/\/i0.wp.com\/www.o-p-i.fr\/parlonsen\/wp-content\/uploads\/gym-salva.jpg?w=624&amp;ssl=1 624w, https:\/\/i0.wp.com\/www.o-p-i.fr\/parlonsen\/wp-content\/uploads\/gym-salva.jpg?resize=212%2C300&amp;ssl=1 212w, https:\/\/i0.wp.com\/www.o-p-i.fr\/parlonsen\/wp-content\/uploads\/gym-salva.jpg?resize=400%2C567&amp;ssl=1 400w, https:\/\/i0.wp.com\/www.o-p-i.fr\/parlonsen\/wp-content\/uploads\/gym-salva.jpg?resize=430%2C610&amp;ssl=1 430w, https:\/\/i0.wp.com\/www.o-p-i.fr\/parlonsen\/wp-content\/uploads\/gym-salva.jpg?resize=150%2C213&amp;ssl=1 150w, https:\/\/i0.wp.com\/www.o-p-i.fr\/parlonsen\/wp-content\/uploads\/gym-salva.jpg?resize=100%2C142&amp;ssl=1 100w\" sizes=\"auto, (max-width: 624px) 100vw, 624px\" \/><\/p>\n<p>Information communiqu\u00e9e par Marie-Agnes FENOUILLET<\/p>\n<p><a href=\"https:\/\/www.o-p-i.fr\/aupays\/au-pays\/agenda\/\">Retrouvez tous les \u00e9v\u00e9nements dans l&rsquo;agenda !<\/a><\/p>\n","protected":false},"excerpt":{"rendered":"<div class=\"mh-excerpt\">Reprise le jeudi 22 septembre 2022 \u00e0 20h.30, \u00e0 la salle omnisport.<\/div>\n","protected":false},"author":4,"featured_media":24922,"comment_status":"open","ping_status":"open","sticky":false,"template":"","format":"standard","meta":{"om_disable_all_campaigns":false,"advanced_seo_description":"","jetpack_seo_html_title":"","jetpack_seo_noindex":false,"_jetpack_memberships_contains_paid_content":false,"footnotes":"","_links_to":"","_links_to_target":""},"categories":[4672,53,25],"tags":[2548,179,1890,4885],"class_list":{"0":"post-51831","1":"post","2":"type-post","3":"status-publish","4":"format-standard","5":"has-post-thumbnail","7":"category-n-198-septembre-2022","8":"category-sports","9":"category-salvagnac","10":"tag-salvagnac","11":"tag-cours","12":"tag-gymnastique","13":"tag-amis"},"jetpack_featured_media_url":"https:\/\/i0.wp.com\/www.o-p-i.fr\/parlonsen\/wp-content\/uploads\/scngymnastiquenegrepelisse.jpg?fit=448%2C299&ssl=1","views":{"total":1,"cached_at":"","cached_date":1738500484},"jetpack_likes_enabled":true,"jetpack_sharing_enabled":true,"jetpack_shortlink":"https:\/\/wp.me\/pg7Wxj-dtZ","jetpack-related-posts":[],"_links":{"self":[{"href":"https:\/\/www.o-p-i.fr\/parlonsen\/wp-json\/wp\/v2\/posts\/51831","targetHints":{"allow":["GET"]}}],"collection":[{"href":"https:\/\/www.o-p-i.fr\/parlonsen\/wp-json\/wp\/v2\/posts"}],"about":[{"href":"https:\/\/www.o-p-i.fr\/parlonsen\/wp-json\/wp\/v2\/types\/post"}],"author":[{"embeddable":true,"href":"https:\/\/www.o-p-i.fr\/parlonsen\/wp-json\/wp\/v2\/users\/4"}],"replies":[{"embeddable":true,"href":"https:\/\/www.o-p-i.fr\/parlonsen\/wp-json\/wp\/v2\/comments?post=51831"}],"version-history":[{"count":0,"href":"https:\/\/www.o-p-i.fr\/parlonsen\/wp-json\/wp\/v2\/posts\/51831\/revisions"}],"wp:featuredmedia":[{"embeddable":true,"href":"https:\/\/www.o-p-i.fr\/parlonsen\/wp-json\/wp\/v2\/media\/24922"}],"wp:attachment":[{"href":"https:\/\/www.o-p-i.fr\/parlonsen\/wp-json\/wp\/v2\/media?parent=51831"}],"wp:term":[{"taxonomy":"category","embeddable":true,"href":"https:\/\/www.o-p-i.fr\/parlonsen\/wp-json\/wp\/v2\/categories?post=51831"},{"taxonomy":"post_tag","embeddable":true,"href":"https:\/\/www.o-p-i.fr\/parlonsen\/wp-json\/wp\/v2\/tags?post=51831"}],"curies":[{"name":"wp","href":"https:\/\/api.w.org\/{rel}","templated":true}]}}