{"id":51866,"date":"2022-09-02T01:25:46","date_gmt":"2022-09-02T00:25:46","guid":{"rendered":"https:\/\/www.o-p-i.fr\/parlonsen\/?p=51866"},"modified":"2022-09-02T01:25:46","modified_gmt":"2022-09-02T00:25:46","slug":"clemence-dedicace-ernest-a-saint-antonin-noble-val-82","status":"publish","type":"post","link":"https:\/\/www.o-p-i.fr\/parlonsen\/parlons-en\/culture\/clemence-dedicace-ernest-a-saint-antonin-noble-val-82\/","title":{"rendered":"Cl\u00e9mence d\u00e9dicace \u00ab\u00a0Ernest\u00a0\u00bb&#8230; \u00e0 Saint Antonin Noble Val (82)"},"content":{"rendered":"<p><strong>Dimanche 4 septembre 2022<\/strong>, de 10h. \u00e0 12h.30, librairie du Tracteur Savant.<!--more--><\/p>\n<p><img data-recalc-dims=\"1\" loading=\"lazy\" decoding=\"async\" class=\"aligncenter size-full wp-image-51867\" src=\"https:\/\/i0.wp.com\/www.o-p-i.fr\/parlonsen\/wp-content\/uploads\/dedicace.jpg?resize=624%2C208&#038;ssl=1\" alt=\"\" width=\"624\" height=\"208\" srcset=\"https:\/\/i0.wp.com\/www.o-p-i.fr\/parlonsen\/wp-content\/uploads\/dedicace.jpg?w=624&amp;ssl=1 624w, https:\/\/i0.wp.com\/www.o-p-i.fr\/parlonsen\/wp-content\/uploads\/dedicace.jpg?resize=300%2C100&amp;ssl=1 300w, https:\/\/i0.wp.com\/www.o-p-i.fr\/parlonsen\/wp-content\/uploads\/dedicace.jpg?resize=400%2C133&amp;ssl=1 400w, https:\/\/i0.wp.com\/www.o-p-i.fr\/parlonsen\/wp-content\/uploads\/dedicace.jpg?resize=430%2C143&amp;ssl=1 430w, https:\/\/i0.wp.com\/www.o-p-i.fr\/parlonsen\/wp-content\/uploads\/dedicace.jpg?resize=150%2C50&amp;ssl=1 150w, https:\/\/i0.wp.com\/www.o-p-i.fr\/parlonsen\/wp-content\/uploads\/dedicace.jpg?resize=100%2C33&amp;ssl=1 100w\" sizes=\"auto, (max-width: 624px) 100vw, 624px\" \/><\/p>\n<p>&nbsp;<\/p>\n<h3>\u00a0Le livre<\/h3>\n<p>Ernest est un chat philosophe chez qui vit Suzy, la cinquantaine, c\u00e9libataire et h\u00f4tesse de caisse. Tandis que le premier observe le monde du haut de son g\u00e9nie et de son canap\u00e9, la seconde en revanche ne se sent \u00e0 la hauteur de pas grand-chose. Suzy qui ne cherche rien, va \u00eatre amen\u00e9e \u00e0 sortir de sa zone de confort. Quant \u00e0 Ernest qui nous raconte sa vie, il va assister \u00e0 la transformation de sa colocataire, sans toujours bien comprendre le fonctionnement des deux pattes. Ceci ne l\u2019emp\u00eachera pas de philosopher sur tout ce qu\u2019il observe pour notre plus grand plaisir.<\/p>\n<p>Un livre rempli d\u2019humour qui fait du bien.<\/p>\n<p>\u201cCe que pense ERNEST\u201d de Cl\u00e9mence CHAMBESLIN, Premier acte \u00e9ditions, 18,90\u20ac, sorti en mai 2022.<\/p>\n<h3>L\u2019autrice<\/h3>\n<div class=\"wp-block-media-text alignwide is-stacked-on-mobile\">\n<figure class=\"wp-block-media-text__media\"><img data-recalc-dims=\"1\" loading=\"lazy\" decoding=\"async\" class=\"wp-image-5290 size-full alignleft\" src=\"https:\/\/i0.wp.com\/letracteursavant.com\/wp-content\/uploads\/2022\/08\/chambeslin2.jpg?resize=432%2C484&#038;ssl=1\" sizes=\"auto, (max-width: 432px) 100vw, 432px\" srcset=\"https:\/\/letracteursavant.com\/wp-content\/uploads\/2022\/08\/chambeslin2.jpg 432w, https:\/\/letracteursavant.com\/wp-content\/uploads\/2022\/08\/chambeslin2-268x300.jpg 268w, https:\/\/letracteursavant.com\/wp-content\/uploads\/2022\/08\/chambeslin2-134x150.jpg 134w\" alt=\"\" width=\"432\" height=\"484\" \/><\/figure>\n<div class=\"wp-block-media-text__content\">\n<p>Professeure d\u2019histoire-g\u00e9ographie, Cl\u00e9mence CHAMBESLIN est n\u00e9e en 1963 et partage son temps entre l\u2019\u00e9criture et ses \u00e9l\u00e8ves. Mais dans les deux cas\u2026 elle aime raconter.<br \/>\nApr\u00e8s des ann\u00e9es pass\u00e9es \u00e0 d\u00e9vorer la<br \/>\nlitt\u00e9rature des autres, \u00e0 enseigner aux enfants des autres, \u00e0 \u00e9lever ses enfants, Cl\u00e9mence CHAMBESLIN a fini par r\u00e9aliser son r\u00eave d\u2019enfance : \u00e9crire.<br \/>\nEn\u00a0racontant des histoires contemporaines de gens ordinaires qui vivent des choses qui vont bousculer leur quotidien Cl\u00e9mence CHAMBESLIN nous fait voyager. Elle explore les th\u00e9matiques \u00e9ternelles que sont les liens familiaux et amicaux, le d\u00e9passement de soi, la paix int\u00e9rieure et les joies des petites choses qui font l\u2019int\u00e9r\u00eat de la vie.<br \/>\nApr\u00e8s \u00ab Ce que pense ERNEST \u00bb, Cl\u00e9mence<br \/>\nCHAMBESLIN \u00e9crit actuellement un deuxi\u00e8me roman dont le titre est \u00ab Ce que porte EDGARD \u00bb.<\/p>\n<p>&nbsp;<\/p>\n<p><strong>Librairie Le Tracteur Savant<\/strong><br \/>\n5A Pl. de la Halle, 82140 Saint-Antonin-Noble-Val<\/p>\n<p><em>Information communiqu\u00e9e par les conductrices du Tacteur Savant<\/em><\/p>\n<p><a href=\"https:\/\/www.o-p-i.fr\/aupays\/au-pays\/agenda\/\">Retrouvez tous les \u00e9v\u00e9nements dans l&rsquo;agenda !<\/a><\/p>\n<\/div>\n<\/div>\n","protected":false},"excerpt":{"rendered":"<div class=\"mh-excerpt\">Dimanche 4 septembre 2022, de 10h. \u00e0 12h.30, librairie du Tracteur Savant.<\/div>\n","protected":false},"author":4,"featured_media":0,"comment_status":"open","ping_status":"open","sticky":false,"template":"","format":"standard","meta":{"om_disable_all_campaigns":false,"advanced_seo_description":"","jetpack_seo_html_title":"","jetpack_seo_noindex":false,"_jetpack_memberships_contains_paid_content":false,"footnotes":"","_links_to":"","_links_to_target":""},"categories":[42,1,54,4672],"tags":[2701,3196,4024],"class_list":{"0":"post-51866","1":"post","2":"type-post","3":"status-publish","4":"format-standard","6":"category-a-cote-de-chez-nous","7":"category-culture","8":"category-loisirs","9":"category-n-198-septembre-2022","10":"tag-le-tracteur-savant","11":"tag-saint-antonin","12":"tag-dedicaces"},"jetpack_featured_media_url":"","views":{"total":0,"cached_at":"","cached_date":1738534933},"jetpack_likes_enabled":true,"jetpack_sharing_enabled":true,"jetpack_shortlink":"https:\/\/wp.me\/pg7Wxj-duy","jetpack-related-posts":[],"_links":{"self":[{"href":"https:\/\/www.o-p-i.fr\/parlonsen\/wp-json\/wp\/v2\/posts\/51866","targetHints":{"allow":["GET"]}}],"collection":[{"href":"https:\/\/www.o-p-i.fr\/parlonsen\/wp-json\/wp\/v2\/posts"}],"about":[{"href":"https:\/\/www.o-p-i.fr\/parlonsen\/wp-json\/wp\/v2\/types\/post"}],"author":[{"embeddable":true,"href":"https:\/\/www.o-p-i.fr\/parlonsen\/wp-json\/wp\/v2\/users\/4"}],"replies":[{"embeddable":true,"href":"https:\/\/www.o-p-i.fr\/parlonsen\/wp-json\/wp\/v2\/comments?post=51866"}],"version-history":[{"count":0,"href":"https:\/\/www.o-p-i.fr\/parlonsen\/wp-json\/wp\/v2\/posts\/51866\/revisions"}],"wp:attachment":[{"href":"https:\/\/www.o-p-i.fr\/parlonsen\/wp-json\/wp\/v2\/media?parent=51866"}],"wp:term":[{"taxonomy":"category","embeddable":true,"href":"https:\/\/www.o-p-i.fr\/parlonsen\/wp-json\/wp\/v2\/categories?post=51866"},{"taxonomy":"post_tag","embeddable":true,"href":"https:\/\/www.o-p-i.fr\/parlonsen\/wp-json\/wp\/v2\/tags?post=51866"}],"curies":[{"name":"wp","href":"https:\/\/api.w.org\/{rel}","templated":true}]}}