{"id":51883,"date":"2022-09-05T12:06:03","date_gmt":"2022-09-05T11:06:03","guid":{"rendered":"https:\/\/www.o-p-i.fr\/parlonsen\/?p=51883"},"modified":"2022-09-08T09:14:38","modified_gmt":"2022-09-08T08:14:38","slug":"contes-en-ballade-a-castelnau-de-montmiral-81","status":"publish","type":"post","link":"https:\/\/www.o-p-i.fr\/parlonsen\/localisation\/au-pays-des-tescous\/castelnau\/contes-en-ballade-a-castelnau-de-montmiral-81\/","title":{"rendered":"Contes en balade&#8230; \u00e0 Castelnau de Montmiral (81)"},"content":{"rendered":"<p><strong>Mercredi 28 septembre 2022<\/strong>, \u00e0 20h.30 \u00e0 la salle des f\u00eates. <!--more--><\/p>\n<p>La m\u00e9diath\u00e8que Charles Portal est partenaire du festival d\u00e9partemental \u00ab\u00a0Contes en balade\u00a0\u00bb, organis\u00e9 par la M\u00e9diath\u00e8que D\u00e9partementale du Tarn. Dans ce cadre, un spectacle gratuit du conteur Fran\u00e7ois Vincent aura lieu \u00e0 la salle des f\u00eates de Castelnau de Montmiral le mercredi 28 septembre \u00e0 20h30, \u00ab\u00a0La vengeance du grand Murdoch\u00a0\u00bb , tout public \u00e0 partir de 12 ans.<\/p>\n<p>La m\u00e9diath\u00e8que Charles Portal de Castelnau de Montmiral appartient au r\u00e9seau des m\u00e9diath\u00e8ques de la communaut\u00e9 d&rsquo;agglom\u00e9ration Gaillac-Graulhet.<\/p>\n<p><img data-recalc-dims=\"1\" loading=\"lazy\" decoding=\"async\" class=\"aligncenter wp-image-51884\" src=\"https:\/\/i0.wp.com\/www.o-p-i.fr\/parlonsen\/wp-content\/uploads\/conte-castel.jpg?resize=750%2C452&#038;ssl=1\" alt=\"\" width=\"750\" height=\"452\" srcset=\"https:\/\/i0.wp.com\/www.o-p-i.fr\/parlonsen\/wp-content\/uploads\/conte-castel.jpg?w=624&amp;ssl=1 624w, https:\/\/i0.wp.com\/www.o-p-i.fr\/parlonsen\/wp-content\/uploads\/conte-castel.jpg?resize=300%2C181&amp;ssl=1 300w, https:\/\/i0.wp.com\/www.o-p-i.fr\/parlonsen\/wp-content\/uploads\/conte-castel.jpg?resize=400%2C241&amp;ssl=1 400w, https:\/\/i0.wp.com\/www.o-p-i.fr\/parlonsen\/wp-content\/uploads\/conte-castel.jpg?resize=430%2C259&amp;ssl=1 430w, https:\/\/i0.wp.com\/www.o-p-i.fr\/parlonsen\/wp-content\/uploads\/conte-castel.jpg?resize=150%2C90&amp;ssl=1 150w, https:\/\/i0.wp.com\/www.o-p-i.fr\/parlonsen\/wp-content\/uploads\/conte-castel.jpg?resize=100%2C60&amp;ssl=1 100w\" sizes=\"auto, (max-width: 750px) 100vw, 750px\" \/><\/p>\n<p><em>Information communiqu\u00e9e par Florence DESFORGES<\/em><\/p>\n<p><a href=\"https:\/\/www.o-p-i.fr\/aupays\/au-pays\/agenda\/\">Retrouvez tous les \u00e9v\u00e9nements dans l&rsquo;agenda !<\/a><\/p>\n","protected":false},"excerpt":{"rendered":"<div class=\"mh-excerpt\">Mercredi 28 septembre 2022, \u00e0 20h.30 \u00e0 la salle des f\u00eates.<\/div>\n","protected":false},"author":4,"featured_media":0,"comment_status":"open","ping_status":"open","sticky":false,"template":"","format":"standard","meta":{"om_disable_all_campaigns":false,"advanced_seo_description":"","jetpack_seo_html_title":"","jetpack_seo_noindex":false,"_jetpack_memberships_contains_paid_content":false,"footnotes":"","_links_to":"","_links_to_target":""},"categories":[22,54,4672],"tags":[158,4323,4890,4891],"class_list":{"0":"post-51883","1":"post","2":"type-post","3":"status-publish","4":"format-standard","6":"category-castelnau","7":"category-loisirs","8":"category-n-198-septembre-2022","9":"tag-castelnau-de-montmiral","10":"tag-contes-en-ballade","11":"tag-mediatheque-charles-portal","12":"tag-francoid-vincent"},"jetpack_featured_media_url":"","views":{"total":1,"cached_at":"","cached_date":1738509755},"jetpack_likes_enabled":true,"jetpack_sharing_enabled":true,"jetpack_shortlink":"https:\/\/wp.me\/pg7Wxj-duP","jetpack-related-posts":[],"_links":{"self":[{"href":"https:\/\/www.o-p-i.fr\/parlonsen\/wp-json\/wp\/v2\/posts\/51883","targetHints":{"allow":["GET"]}}],"collection":[{"href":"https:\/\/www.o-p-i.fr\/parlonsen\/wp-json\/wp\/v2\/posts"}],"about":[{"href":"https:\/\/www.o-p-i.fr\/parlonsen\/wp-json\/wp\/v2\/types\/post"}],"author":[{"embeddable":true,"href":"https:\/\/www.o-p-i.fr\/parlonsen\/wp-json\/wp\/v2\/users\/4"}],"replies":[{"embeddable":true,"href":"https:\/\/www.o-p-i.fr\/parlonsen\/wp-json\/wp\/v2\/comments?post=51883"}],"version-history":[{"count":0,"href":"https:\/\/www.o-p-i.fr\/parlonsen\/wp-json\/wp\/v2\/posts\/51883\/revisions"}],"wp:attachment":[{"href":"https:\/\/www.o-p-i.fr\/parlonsen\/wp-json\/wp\/v2\/media?parent=51883"}],"wp:term":[{"taxonomy":"category","embeddable":true,"href":"https:\/\/www.o-p-i.fr\/parlonsen\/wp-json\/wp\/v2\/categories?post=51883"},{"taxonomy":"post_tag","embeddable":true,"href":"https:\/\/www.o-p-i.fr\/parlonsen\/wp-json\/wp\/v2\/tags?post=51883"}],"curies":[{"name":"wp","href":"https:\/\/api.w.org\/{rel}","templated":true}]}}