{"id":51971,"date":"2022-09-15T21:30:14","date_gmt":"2022-09-15T20:30:14","guid":{"rendered":"https:\/\/www.o-p-i.fr\/parlonsen\/?p=51971"},"modified":"2025-07-18T01:55:43","modified_gmt":"2025-07-17T23:55:43","slug":"rentree-qi-gong-a-montdurausse-81","status":"publish","type":"post","link":"https:\/\/www.o-p-i.fr\/parlonsen\/localisation\/au-pays-des-tescous\/montdurausse\/rentree-qi-gong-a-montdurausse-81\/","title":{"rendered":"Rentr\u00e9e Qi Gong &#8230; \u00e0 Montdurausse (81)"},"content":{"rendered":"<p>A partir du <strong>lundi 19 septembre 2022<\/strong>, \u00e0 18h.45, salle sous la mairie.<!--more--><\/p>\n<p>C\u2019est avec Joie que l\u2019Association <strong>\u00ab\u00a0La Fille de Jade\u00a0\u00bb<\/strong> fera sa rentr\u00e9e le lundi 19 septembre 2022. L\u2019objectif principal des s\u00e9ances est de contacter l\u2019interne du corps, pour qu\u2019il se mette en mouvement, se d\u00e9ploie dans l\u2019espace, de d\u00e9velopper une connaissance int\u00e9rieure de soi fine et profonde pour que rayonne la joie de vivre\u00a0et la paix du c\u0153ur. Pour les nouvelles et nouveaux, un cours d\u2019essai gratuit offert les 19, 24 et 31 septembre pour tester et d\u00e9couvrir, faire connaissance et gouter l\u2019ambiance.<\/p>\n<p>Le Qi Gong est un art de vivre. En extr\u00eame orient on lui attribue de multiples vertus : garder la jeunesse du corps et de l\u2019esprit, augmenter la r\u00e9sistance \u00e0 l\u2019effort et aux infections, \u00e9loigner la maladie, am\u00e9liorer la m\u00e9moire, retarder le vieillissement, vivre sans stress, faire \u00e9merger les capacit\u00e9s cach\u00e9s\u2026<\/p>\n<p>Comment \u00e7a se passe?<br \/>\nLe qi-gong est bas\u00e9 sur le mouvement et la respiration, en \u00e9vitant l\u2019acc\u00e9l\u00e9ration du c\u0153ur. Un travail sur la musculature profonde soutient le squelette, aligne l\u2019\u00eatre humain entre terre et ciel comme un trait d\u2019union.<\/p>\n<p>Pour cette discipline\u00a0: tenue souple\u00a0 qui ne serre pas la taille et chaussures plates,<br \/>\net le sourire du C\u0153ur\u2026<\/p>\n<p><strong>Renseignement et inscription<\/strong> aupr\u00e8s de Anne Egron\u00a0(professeur dipl\u00f4m\u00e9e d\u2019\u00c9tat, de la FEQGAE et de la F\u00e9d\u00e9ration de Whu Shu) t\u00e9l. 05 63 66 92 30 \/ 06 72 45 05 52 mail\u00a0: <a href=\"mailto:lafilledejade@icloud.com\" target=\"_blank\" rel=\"noopener\">lafilledejade@icloud.com<\/a> site\u00a0: <a href=\"http:\/\/www.lafilledejade.org\" target=\"_blank\" rel=\"noopener\">www.lafilledejade.org<\/a><\/p>\n<p><img data-recalc-dims=\"1\" loading=\"lazy\" decoding=\"async\" class=\"alignleft size-full wp-image-51973\" src=\"https:\/\/i0.wp.com\/www.o-p-i.fr\/parlonsen\/wp-content\/uploads\/la-fille-de-jade-logo.jpg?resize=227%2C228&#038;ssl=1\" alt=\"\" width=\"227\" height=\"228\" srcset=\"https:\/\/i0.wp.com\/www.o-p-i.fr\/parlonsen\/wp-content\/uploads\/la-fille-de-jade-logo.jpg?w=227&amp;ssl=1 227w, https:\/\/i0.wp.com\/www.o-p-i.fr\/parlonsen\/wp-content\/uploads\/la-fille-de-jade-logo.jpg?resize=150%2C151&amp;ssl=1 150w, https:\/\/i0.wp.com\/www.o-p-i.fr\/parlonsen\/wp-content\/uploads\/la-fille-de-jade-logo.jpg?resize=100%2C100&amp;ssl=1 100w\" sizes=\"auto, (max-width: 227px) 100vw, 227px\" \/>\u00ab\u00a0La Fille de Jade\u00a0\u00bb<\/p>\n<p>1 Place St Orens Montauban<\/p>\n<p>82000 Montauban<\/p>\n<p>T\u00e9l\u00a0: 05 63 66 92 30<\/p>\n<p>Email\u00a0: <span style=\"color: #0000ff;\">lafilledejade@icloud.com<\/span><\/p>\n<p>Site\u00a0 : <span style=\"color: #0000ff;\"><u><a href=\"http:\/\/www.lafilledejade.org\/\">www.lafilledejade.org<\/a><\/u><\/span><\/p>\n<p><em>Information communiqu\u00e9e par Anne EGRON<\/em><\/p>\n<p><a href=\"https:\/\/www.o-p-i.fr\/aupays\/au-pays\/agenda\/\">Retrouvez tous les \u00e9v\u00e9nements dans l&rsquo;agenda !<\/a><\/p>\n<p>&nbsp;<\/p>\n","protected":false},"excerpt":{"rendered":"<div class=\"mh-excerpt\">A partir du lundi 19 septembre 2022, \u00e0 18h.45, salle sous la mairie.<\/div>\n","protected":false},"author":4,"featured_media":0,"comment_status":"open","ping_status":"open","sticky":false,"template":"","format":"standard","meta":{"om_disable_all_campaigns":false,"advanced_seo_description":"","jetpack_seo_html_title":"","jetpack_seo_noindex":false,"_jetpack_memberships_contains_paid_content":false,"footnotes":"","_links_to":"","_links_to_target":""},"categories":[52,725,32,58,4672],"tags":[90,2555,610,4190,6225],"class_list":{"0":"post-51971","1":"post","2":"type-post","3":"status-publish","4":"format-standard","6":"category-parlons-en","7":"category-formation-parlons-en","8":"category-montdurausse","9":"category-sante","10":"category-n-198-septembre-2022","11":"tag-la-fille-de-jade","12":"tag-montdurausse","13":"tag-qi-gong","14":"tag-reprise","15":"tag-s3624"},"jetpack_featured_media_url":"","views":{"total":2,"cached_at":"","cached_date":1738237200},"jetpack_likes_enabled":true,"jetpack_sharing_enabled":true,"jetpack_shortlink":"https:\/\/wp.me\/pg7Wxj-dwf","jetpack-related-posts":[],"_links":{"self":[{"href":"https:\/\/www.o-p-i.fr\/parlonsen\/wp-json\/wp\/v2\/posts\/51971","targetHints":{"allow":["GET"]}}],"collection":[{"href":"https:\/\/www.o-p-i.fr\/parlonsen\/wp-json\/wp\/v2\/posts"}],"about":[{"href":"https:\/\/www.o-p-i.fr\/parlonsen\/wp-json\/wp\/v2\/types\/post"}],"author":[{"embeddable":true,"href":"https:\/\/www.o-p-i.fr\/parlonsen\/wp-json\/wp\/v2\/users\/4"}],"replies":[{"embeddable":true,"href":"https:\/\/www.o-p-i.fr\/parlonsen\/wp-json\/wp\/v2\/comments?post=51971"}],"version-history":[{"count":0,"href":"https:\/\/www.o-p-i.fr\/parlonsen\/wp-json\/wp\/v2\/posts\/51971\/revisions"}],"wp:attachment":[{"href":"https:\/\/www.o-p-i.fr\/parlonsen\/wp-json\/wp\/v2\/media?parent=51971"}],"wp:term":[{"taxonomy":"category","embeddable":true,"href":"https:\/\/www.o-p-i.fr\/parlonsen\/wp-json\/wp\/v2\/categories?post=51971"},{"taxonomy":"post_tag","embeddable":true,"href":"https:\/\/www.o-p-i.fr\/parlonsen\/wp-json\/wp\/v2\/tags?post=51971"}],"curies":[{"name":"wp","href":"https:\/\/api.w.org\/{rel}","templated":true}]}}