{"id":51976,"date":"2022-09-15T22:08:55","date_gmt":"2022-09-15T21:08:55","guid":{"rendered":"https:\/\/www.o-p-i.fr\/parlonsen\/?p=51976"},"modified":"2022-12-05T05:59:59","modified_gmt":"2022-12-05T04:59:59","slug":"cours-de-yoga-a-saint-urcisse-81","status":"publish","type":"post","link":"https:\/\/www.o-p-i.fr\/parlonsen\/localisation\/au-pays-des-tescous\/saint-urcisse\/cours-de-yoga-a-saint-urcisse-81\/","title":{"rendered":"Cours de Yoga &#8230; \u00e0 Saint Urcisse (81)"},"content":{"rendered":"<p>Les jeudis, <strong>\u00e0 partir du jeudi 29 septembre 2022,<\/strong> \u00e0 9h.30 \u00e0 la salle des associations.<!--more--><\/p>\n<p><img data-recalc-dims=\"1\" loading=\"lazy\" decoding=\"async\" class=\"aligncenter size-full wp-image-51977\" src=\"https:\/\/i0.wp.com\/www.o-p-i.fr\/parlonsen\/wp-content\/uploads\/yoga-st-u.jpg?resize=624%2C886&#038;ssl=1\" alt=\"\" width=\"624\" height=\"886\" srcset=\"https:\/\/i0.wp.com\/www.o-p-i.fr\/parlonsen\/wp-content\/uploads\/yoga-st-u.jpg?w=624&amp;ssl=1 624w, https:\/\/i0.wp.com\/www.o-p-i.fr\/parlonsen\/wp-content\/uploads\/yoga-st-u.jpg?resize=211%2C300&amp;ssl=1 211w, https:\/\/i0.wp.com\/www.o-p-i.fr\/parlonsen\/wp-content\/uploads\/yoga-st-u.jpg?resize=400%2C568&amp;ssl=1 400w, https:\/\/i0.wp.com\/www.o-p-i.fr\/parlonsen\/wp-content\/uploads\/yoga-st-u.jpg?resize=430%2C611&amp;ssl=1 430w, https:\/\/i0.wp.com\/www.o-p-i.fr\/parlonsen\/wp-content\/uploads\/yoga-st-u.jpg?resize=150%2C213&amp;ssl=1 150w, https:\/\/i0.wp.com\/www.o-p-i.fr\/parlonsen\/wp-content\/uploads\/yoga-st-u.jpg?resize=100%2C142&amp;ssl=1 100w\" sizes=\"auto, (max-width: 624px) 100vw, 624px\" \/><\/p>\n<p>&nbsp;<\/p>\n<p>Cours d&rsquo;essai gratuit,<\/p>\n<p>R\u00e9servation: Cl\u00e9mentine 06 21 64 41 48<\/p>\n<p><em>Information communiqu\u00e9e par Cl\u00e9mentine VACHERESSE<\/em><\/p>\n<p><a href=\"https:\/\/www.o-p-i.fr\/aupays\/au-pays\/agenda\/\">Retrouvez tous les \u00e9v\u00e9nements dans l&rsquo;agenda !<\/a><\/p>\n","protected":false},"excerpt":{"rendered":"<div class=\"mh-excerpt\">Les jeudis, \u00e0 partir du jeudi 29 septembre 2022, \u00e0 9h.30 \u00e0 la salle des associations.<\/div>\n","protected":false},"author":4,"featured_media":0,"comment_status":"open","ping_status":"open","sticky":false,"template":"","format":"standard","meta":{"om_disable_all_campaigns":false,"advanced_seo_description":"","jetpack_seo_html_title":"","jetpack_seo_noindex":false,"_jetpack_memberships_contains_paid_content":false,"footnotes":"","_links_to":"","_links_to_target":""},"categories":[58,4672,53,18],"tags":[2913,3560],"class_list":{"0":"post-51976","1":"post","2":"type-post","3":"status-publish","4":"format-standard","6":"category-sante","7":"category-n-198-septembre-2022","8":"category-sports","9":"category-saint-urcisse","10":"tag-saint-urcisse","11":"tag-stage-de-yoga"},"jetpack_featured_media_url":"","views":{"total":3,"cached_at":"","cached_date":1738444732},"jetpack_likes_enabled":true,"jetpack_sharing_enabled":true,"jetpack_shortlink":"https:\/\/wp.me\/pg7Wxj-dwk","jetpack-related-posts":[],"_links":{"self":[{"href":"https:\/\/www.o-p-i.fr\/parlonsen\/wp-json\/wp\/v2\/posts\/51976","targetHints":{"allow":["GET"]}}],"collection":[{"href":"https:\/\/www.o-p-i.fr\/parlonsen\/wp-json\/wp\/v2\/posts"}],"about":[{"href":"https:\/\/www.o-p-i.fr\/parlonsen\/wp-json\/wp\/v2\/types\/post"}],"author":[{"embeddable":true,"href":"https:\/\/www.o-p-i.fr\/parlonsen\/wp-json\/wp\/v2\/users\/4"}],"replies":[{"embeddable":true,"href":"https:\/\/www.o-p-i.fr\/parlonsen\/wp-json\/wp\/v2\/comments?post=51976"}],"version-history":[{"count":0,"href":"https:\/\/www.o-p-i.fr\/parlonsen\/wp-json\/wp\/v2\/posts\/51976\/revisions"}],"wp:attachment":[{"href":"https:\/\/www.o-p-i.fr\/parlonsen\/wp-json\/wp\/v2\/media?parent=51976"}],"wp:term":[{"taxonomy":"category","embeddable":true,"href":"https:\/\/www.o-p-i.fr\/parlonsen\/wp-json\/wp\/v2\/categories?post=51976"},{"taxonomy":"post_tag","embeddable":true,"href":"https:\/\/www.o-p-i.fr\/parlonsen\/wp-json\/wp\/v2\/tags?post=51976"}],"curies":[{"name":"wp","href":"https:\/\/api.w.org\/{rel}","templated":true}]}}