{"id":51993,"date":"2022-09-16T10:46:59","date_gmt":"2022-09-16T09:46:59","guid":{"rendered":"https:\/\/www.o-p-i.fr\/parlonsen\/?p=51993"},"modified":"2022-09-16T10:46:59","modified_gmt":"2022-09-16T09:46:59","slug":"fete-de-la-saint-michel-au-hameau-des-lials-a-monclar-de-quercy-82-4","status":"publish","type":"post","link":"https:\/\/www.o-p-i.fr\/parlonsen\/parlons-en\/pratique\/fete-de-la-saint-michel-au-hameau-des-lials-a-monclar-de-quercy-82-4\/","title":{"rendered":"F\u00eate de la Saint Michel au Hameau des Lials&#8230; \u00e0 Monclar de Quercy (82)"},"content":{"rendered":"<p><strong>Samedi 24 et dimanche 25 septembre 2022, voir<\/strong> le programme: <!--more--><\/p>\n<p>F\u00eate de la Saint Michel au Hameau des Lials&#8230; \u00e0 Monclar-de-Quercy (82)<\/p>\n<p>Los Amics dels Lials vous attendent les samedi 24 et dimanche 25 septembre 2022 Au programme :<\/p>\n<ul>\n<li>\u2013 <strong>Samedi 24 septembre 2022<\/strong> : \u00e0 14h30 : concours amical de p\u00e9tanque doublettes 4 parties (en cas de pluie, repli au boulodrome Esplanade des Lacs \u00e0 Monclar-de-Quercy) \u00e0 21h : grand bal gratuit anim\u00e9 par Bernard GACHES<\/li>\n<li>\u2013 <strong>Dimanche 25 septembre 2022<\/strong> : \u00e0 11h : messe dans l&rsquo;\u00e9glise des Lials \u00e0 12h : d\u00e9p\u00f4t de gerbe au monument aux morts des Lials et verre de l&rsquo;amiti\u00e9 Pour y aller : Hameau des Lials 82230-MONCLAR-DE-QUERCY Organisateur : Association Los Amics dels Lials<\/li>\n<li><strong> Contact<\/strong> : LINAS Yves T\u00e9l. : 06 84 88 91 73 Courriel : <a href=\"mailto:yves.linas@orange.fr\" target=\"_blank\" rel=\"noopener\">yves.linas@orange.fr<\/a><\/li>\n<\/ul>\n<p>Pour y aller :<br \/>\nHameau des Lials 82230-MONCLAR-DE-QUERCY<\/p>\n<p>Organisateur : Los Amics dels Lials<\/p>\n<p>Contact : LINAS Yves<br \/>\nT\u00e9l. :06 84 88 91 73<br \/>\nCourriel :yves.linas@orange.fr<\/p>\n<p>Information communiqu\u00e9e par : LINAS Yves,l&rsquo;organisateur de la manifestation<br \/>\nNote :<\/p>\n","protected":false},"excerpt":{"rendered":"<div class=\"mh-excerpt\">Samedi 24 et dimanche 25 septembre 2022, voir le programme:<\/div>\n","protected":false},"author":4,"featured_media":0,"comment_status":"open","ping_status":"open","sticky":false,"template":"","format":"standard","meta":{"om_disable_all_campaigns":false,"advanced_seo_description":"","jetpack_seo_html_title":"","jetpack_seo_noindex":false,"_jetpack_memberships_contains_paid_content":false,"footnotes":"","_links_to":"","_links_to_target":""},"categories":[16,54,4672,6],"tags":[143,353,2923,3764],"class_list":{"0":"post-51993","1":"post","2":"type-post","3":"status-publish","4":"format-standard","6":"category-monclar","7":"category-loisirs","8":"category-n-198-septembre-2022","9":"category-pratique","10":"tag-monclar-de-quercy","11":"tag-petanque","12":"tag-les-lials","13":"tag-fete-de-la-saint-michel"},"jetpack_featured_media_url":"","views":{"total":3,"cached_at":"","cached_date":1738488651},"jetpack_likes_enabled":true,"jetpack_sharing_enabled":true,"jetpack_shortlink":"https:\/\/wp.me\/pg7Wxj-dwB","jetpack-related-posts":[],"_links":{"self":[{"href":"https:\/\/www.o-p-i.fr\/parlonsen\/wp-json\/wp\/v2\/posts\/51993","targetHints":{"allow":["GET"]}}],"collection":[{"href":"https:\/\/www.o-p-i.fr\/parlonsen\/wp-json\/wp\/v2\/posts"}],"about":[{"href":"https:\/\/www.o-p-i.fr\/parlonsen\/wp-json\/wp\/v2\/types\/post"}],"author":[{"embeddable":true,"href":"https:\/\/www.o-p-i.fr\/parlonsen\/wp-json\/wp\/v2\/users\/4"}],"replies":[{"embeddable":true,"href":"https:\/\/www.o-p-i.fr\/parlonsen\/wp-json\/wp\/v2\/comments?post=51993"}],"version-history":[{"count":0,"href":"https:\/\/www.o-p-i.fr\/parlonsen\/wp-json\/wp\/v2\/posts\/51993\/revisions"}],"wp:attachment":[{"href":"https:\/\/www.o-p-i.fr\/parlonsen\/wp-json\/wp\/v2\/media?parent=51993"}],"wp:term":[{"taxonomy":"category","embeddable":true,"href":"https:\/\/www.o-p-i.fr\/parlonsen\/wp-json\/wp\/v2\/categories?post=51993"},{"taxonomy":"post_tag","embeddable":true,"href":"https:\/\/www.o-p-i.fr\/parlonsen\/wp-json\/wp\/v2\/tags?post=51993"}],"curies":[{"name":"wp","href":"https:\/\/api.w.org\/{rel}","templated":true}]}}