{"id":52032,"date":"2022-09-22T13:40:34","date_gmt":"2022-09-22T12:40:34","guid":{"rendered":"https:\/\/www.o-p-i.fr\/parlonsen\/?p=52032"},"modified":"2022-09-22T13:40:34","modified_gmt":"2022-09-22T12:40:34","slug":"repas-dansant-de-lu-l-r-a-rabastens-81","status":"publish","type":"post","link":"https:\/\/www.o-p-i.fr\/parlonsen\/parlons-en\/pratique\/repas-dansant-de-lu-l-r-a-rabastens-81\/","title":{"rendered":"Repas dansant de l&rsquo;U.L.R. &#8230;\u00e0 Rabastens (81)"},"content":{"rendered":"<p><strong>Samedi 24 septembre 2022<\/strong>, de 12h. \u00e0 19h.salle de l&rsquo;Union La\u00efque Rabastinoise<!--more--><br \/>\n<img data-recalc-dims=\"1\" loading=\"lazy\" decoding=\"async\" class=\"alignright size-full wp-image-52033\" src=\"https:\/\/i0.wp.com\/www.o-p-i.fr\/parlonsen\/wp-content\/uploads\/repas-dabs.jpg?resize=425%2C300&#038;ssl=1\" alt=\"\" width=\"425\" height=\"300\" srcset=\"https:\/\/i0.wp.com\/www.o-p-i.fr\/parlonsen\/wp-content\/uploads\/repas-dabs.jpg?w=425&amp;ssl=1 425w, https:\/\/i0.wp.com\/www.o-p-i.fr\/parlonsen\/wp-content\/uploads\/repas-dabs.jpg?resize=300%2C212&amp;ssl=1 300w, https:\/\/i0.wp.com\/www.o-p-i.fr\/parlonsen\/wp-content\/uploads\/repas-dabs.jpg?resize=400%2C282&amp;ssl=1 400w, https:\/\/i0.wp.com\/www.o-p-i.fr\/parlonsen\/wp-content\/uploads\/repas-dabs.jpg?resize=150%2C106&amp;ssl=1 150w, https:\/\/i0.wp.com\/www.o-p-i.fr\/parlonsen\/wp-content\/uploads\/repas-dabs.jpg?resize=100%2C71&amp;ssl=1 100w\" sizes=\"auto, (max-width: 425px) 100vw, 425px\" \/>Repas dansant salle ULR route de Grazac 81800 Rabastens.<\/p>\n<p>Orchestre: Mireille et Yannick.<\/p>\n<p>Repas:<\/p>\n<ul>\n<li>Ap\u00e9ro &#8211;<\/li>\n<li>Salade du chasseur &#8211;<\/li>\n<li>confit de canard sauce poivre vert et ses l\u00e9gumes &#8211;<\/li>\n<li>Plateau de fromages &#8211;<\/li>\n<li>P\u00e2tisserie &#8211; Vins rouge et ros\u00e9 &#8211; caf\u00e9.<\/li>\n<\/ul>\n<p>&nbsp;<\/p>\n<p><strong>Pour y aller :<\/strong><br \/>\n13 route de Grazac salle ULR 81800-RABASTENS<\/p>\n<p><strong>Tarifs :<\/strong><br \/>\n25\u20ac<br \/>\n<strong>Organisateur<\/strong> : ULR<\/p>\n<p><strong>Contact<\/strong> : CAVALIE Jean-Louis<\/p>\n<p>81370-St Sulpice La Pointe<br \/>\nT\u00e9l. : 07 81 51 29 91<br \/>\nCourriel : <a href=\"mailto:jl.cavalie@laposte.net\" target=\"_blank\" rel=\"noopener\">jl.cavalie@laposte.net<\/a><br \/>\n:<br \/>\n<em>Information communiqu\u00e9e par\u00a0 Jean-Louis CAVALIE<\/em><\/p>\n<p><a href=\"https:\/\/www.o-p-i.fr\/aupays\/au-pays\/agenda\/\">Retrouvez tous les \u00e9v\u00e9nements dans l&rsquo;agenda !<\/a><\/p>\n","protected":false},"excerpt":{"rendered":"<div class=\"mh-excerpt\">Samedi 24 septembre 2022, de 12h. \u00e0 19h.salle de l&rsquo;Union La\u00efque Rabastinoise<\/div>\n","protected":false},"author":4,"featured_media":0,"comment_status":"open","ping_status":"open","sticky":false,"template":"","format":"standard","meta":{"om_disable_all_campaigns":false,"advanced_seo_description":"","jetpack_seo_html_title":"","jetpack_seo_noindex":false,"_jetpack_memberships_contains_paid_content":false,"footnotes":"","_links_to":"","_links_to_target":""},"categories":[42,54,4672,6],"tags":[4919,72,1627],"class_list":{"0":"post-52032","1":"post","2":"type-post","3":"status-publish","4":"format-standard","6":"category-a-cote-de-chez-nous","7":"category-loisirs","8":"category-n-198-septembre-2022","9":"category-pratique","10":"tag-ulr","11":"tag-rabastens","12":"tag-repas-dansant"},"jetpack_featured_media_url":"","views":{"total":0,"cached_at":"","cached_date":1738329378},"jetpack_likes_enabled":true,"jetpack_sharing_enabled":true,"jetpack_shortlink":"https:\/\/wp.me\/pg7Wxj-dxe","jetpack-related-posts":[],"_links":{"self":[{"href":"https:\/\/www.o-p-i.fr\/parlonsen\/wp-json\/wp\/v2\/posts\/52032","targetHints":{"allow":["GET"]}}],"collection":[{"href":"https:\/\/www.o-p-i.fr\/parlonsen\/wp-json\/wp\/v2\/posts"}],"about":[{"href":"https:\/\/www.o-p-i.fr\/parlonsen\/wp-json\/wp\/v2\/types\/post"}],"author":[{"embeddable":true,"href":"https:\/\/www.o-p-i.fr\/parlonsen\/wp-json\/wp\/v2\/users\/4"}],"replies":[{"embeddable":true,"href":"https:\/\/www.o-p-i.fr\/parlonsen\/wp-json\/wp\/v2\/comments?post=52032"}],"version-history":[{"count":0,"href":"https:\/\/www.o-p-i.fr\/parlonsen\/wp-json\/wp\/v2\/posts\/52032\/revisions"}],"wp:attachment":[{"href":"https:\/\/www.o-p-i.fr\/parlonsen\/wp-json\/wp\/v2\/media?parent=52032"}],"wp:term":[{"taxonomy":"category","embeddable":true,"href":"https:\/\/www.o-p-i.fr\/parlonsen\/wp-json\/wp\/v2\/categories?post=52032"},{"taxonomy":"post_tag","embeddable":true,"href":"https:\/\/www.o-p-i.fr\/parlonsen\/wp-json\/wp\/v2\/tags?post=52032"}],"curies":[{"name":"wp","href":"https:\/\/api.w.org\/{rel}","templated":true}]}}