{"id":52124,"date":"2022-09-28T16:29:34","date_gmt":"2022-09-28T15:29:34","guid":{"rendered":"https:\/\/www.o-p-i.fr\/parlonsen\/?p=52124"},"modified":"2022-09-28T16:38:44","modified_gmt":"2022-09-28T15:38:44","slug":"electricite-a-tous-les-etages-conference-et-ateliers-a-caussade-82","status":"publish","type":"post","link":"https:\/\/www.o-p-i.fr\/parlonsen\/parlons-en\/culture\/electricite-a-tous-les-etages-conference-et-ateliers-a-caussade-82\/","title":{"rendered":"\u00ab\u00a0Electricit\u00e9 \u00e0 tous les \u00e9tages\u00a0\u00bb, conf\u00e9rence et ateliers &#8230;\u00e0  Caussade (82)"},"content":{"rendered":"<p><strong>Samedi 8 octobre 2022<\/strong>, \u00e0 14h.30 \u00e019h.\u00a0 salle de conf\u00e9rence \u00ab\u00a0Les Recollets\u00a0\u00bb.<!--more--><\/p>\n<ul>\n<li><img data-recalc-dims=\"1\" loading=\"lazy\" decoding=\"async\" class=\"alignright size-full wp-image-52125\" src=\"https:\/\/i0.wp.com\/www.o-p-i.fr\/parlonsen\/wp-content\/uploads\/Electriciite.jpg?resize=425%2C600&#038;ssl=1\" alt=\"\" width=\"425\" height=\"600\" srcset=\"https:\/\/i0.wp.com\/www.o-p-i.fr\/parlonsen\/wp-content\/uploads\/Electriciite.jpg?w=425&amp;ssl=1 425w, https:\/\/i0.wp.com\/www.o-p-i.fr\/parlonsen\/wp-content\/uploads\/Electriciite.jpg?resize=213%2C300&amp;ssl=1 213w, https:\/\/i0.wp.com\/www.o-p-i.fr\/parlonsen\/wp-content\/uploads\/Electriciite.jpg?resize=400%2C565&amp;ssl=1 400w, https:\/\/i0.wp.com\/www.o-p-i.fr\/parlonsen\/wp-content\/uploads\/Electriciite.jpg?resize=150%2C212&amp;ssl=1 150w, https:\/\/i0.wp.com\/www.o-p-i.fr\/parlonsen\/wp-content\/uploads\/Electriciite.jpg?resize=100%2C141&amp;ssl=1 100w\" sizes=\"auto, (max-width: 425px) 100vw, 425px\" \/>Un \u00e9v\u00e8nement anim\u00e9 par le CPIE Quercy-Garonne et organis\u00e9 par l\u2019Universit\u00e9 Populaire de Caussade sur les \u00e9conomies d\u2019eau et d\u2019\u00e9nergie sous forme de stands et d\u2019ateliers pratiques :<br \/>\nSamedi 8 octobre 2022, Salle des R\u00e9collets \u00e0 CAUSSADE. 14h30-16h30<\/li>\n<\/ul>\n<p>Le CPIE Quercy-Garonne situ\u00e9 \u00e0 Caylus, association d\u2019\u00e9ducation \u00e0 l\u2019environnement sensibilise tous les publics \u00e0 la connaissance et aux probl\u00e9matiques d\u2019environnement dans le Tarn-et-Garonne.<br \/>\nVous vous demandez comment r\u00e9duire vos factures d\u2019eau et d\u2019\u00e9nergie, avec des gestes et petits \u00e9quipements simples et efficaces. Le CPIE Quercy-Garonne vous pr\u00e9sentera des solutions faciles \u00e0 mettre en place \u00e0 la maison. L\u2019eau et l\u2019\u00e9nergie que l\u2019on ne consomme pas, ce sont celles que l\u2019on ne paie pas !<br \/>\nPremi\u00e8re \u00e9tape, mesurer les consommations d\u2019eau dans la douche, aux robinets, dans les toilettes. Mesurer les consommations \u00e9nerg\u00e9tiques de votre logement gr\u00e2ce des compteurs d\u2019\u00e9nergie.<br \/>\nSeconde \u00e9tape, adopter de nouvelles habitudes et des petits \u00e9quipements pour r\u00e9duire sa consommation d\u2019eau dans la douche, les toilettes, les robinets avec des douchettes et r\u00e9ducteurs de d\u00e9bit, installer des coupes-veilles, minuteurs, un four et s\u00e9choir solaire\u2026<br \/>\nA vous de jouer !<\/p>\n<ul>\n<li>16h30 : conf\u00e9rence \u00ab Electricit\u00e9 \u00e0 tous les \u00e9tages \u00bb, anim\u00e9e par Claude CRAMPES, Professeur \u00e9m\u00e9rite, Toulouse School of Economics.<br \/>\nPour satisfaire nos besoins en \u00e9nergie au cours des prochaines d\u00e9cennies sans rendre la plan\u00e8te invivable, l\u2019\u00e9nergie \u00e9lectrique va progressivement prendre la place du gaz de cuisine et de chauffage dans les logements, des d\u00e9riv\u00e9s du p\u00e9trole dans les transports et l\u2019industrie, du bois et du charbon dans les pays en d\u00e9veloppement.<br \/>\nEncore faudra-t-il que cette \u00e9lectricit\u00e9 soit produite sans \u00e9missions de gaz \u00e0 effet de serre et sans rejets de polluants locaux. Pour ajuster la production d\u2019\u00e9nergie \u00e9lectrique non stockable issue de technologies propres mais non programmables (\u00e9olien et solaire) \u00e0 sa consommation en croissance permanente et tr\u00e8s peu r\u00e9active au prix, il faut investir des sommes consid\u00e9rables en capacit\u00e9s de production programmables et en technologies de contr\u00f4le des flux, activit\u00e9s elles-m\u00eames grosses consommatrices d\u2019\u00e9lectricit\u00e9. Les gouvernants devront faire preuve d\u2019imagination pour trouver des solutions techniques et financi\u00e8res efficientes sans sacrifier aux besoins d\u2019\u00e9quit\u00e9.<\/li>\n<li>18h30 au cin\u00e9ma de Caussade : projection <a href=\"https:\/\/www.telerama.fr\/cinema\/films\/140-km-a-louest-du-paradis,n6879589.php\" target=\"_blank\" rel=\"noopener\">140km \u00e0 l\u2019ouest du paradis de C\u00e9line Rouxel<\/a>.<\/li>\n<\/ul>\n<p>L\u2019\u00e9quipe du <strong><a href=\"http:\/\/www.cpiequercygaronne.fr\" target=\"_blank\" rel=\"noopener\">CPIE Quercy Garonne<\/a><\/strong><br \/>\nAssociation Al Pa\u00efs de Boneta<br \/>\nLabarthe \u2013 82160 CAYLUS<br \/>\nT\u00e9l : 05 63 24 06 26<br \/>\nEmail : <a href=\"mailto:cpiequercygaronne@orange.fr\" target=\"_blank\" rel=\"noopener\">cpiequercygaronne@orange.fr<\/a><\/p>\n<p><em>Information communiqu\u00e9e par \u00ab\u00a0Al Pa\u00efs de Boneta\u00a0\u00bb<\/em><\/p>\n<p><a href=\"https:\/\/www.o-p-i.fr\/aupays\/au-pays\/agenda\/\">Retrouvez tous les \u00e9v\u00e9nements dans l&rsquo;agenda !<\/a><\/p>\n","protected":false},"excerpt":{"rendered":"<div class=\"mh-excerpt\">Samedi 8 octobre 2022, \u00e0 14h.30 \u00e019h.\u00a0 salle de conf\u00e9rence \u00ab\u00a0Les Recollets\u00a0\u00bb.<\/div>\n","protected":false},"author":4,"featured_media":0,"comment_status":"open","ping_status":"open","sticky":false,"template":"","format":"standard","meta":{"om_disable_all_campaigns":false,"advanced_seo_description":"","jetpack_seo_html_title":"","jetpack_seo_noindex":false,"_jetpack_memberships_contains_paid_content":false,"footnotes":"","_links_to":"","_links_to_target":""},"categories":[42,1,725,6,4855],"tags":[4473,234,305,817,2859,3176,4358],"class_list":{"0":"post-52124","1":"post","2":"type-post","3":"status-publish","4":"format-standard","6":"category-a-cote-de-chez-nous","7":"category-culture","8":"category-formation-parlons-en","9":"category-pratique","10":"category-n-199-octobre-2022","11":"tag-universite-populaire-de-caussade","12":"tag-conference","13":"tag-caussade","14":"tag-economies-denergie","15":"tag-ateliers","16":"tag-al-pais-de-boneta","17":"tag-cpie-quercy-garonne"},"jetpack_featured_media_url":"","views":{"total":0,"cached_at":"","cached_date":1738464012},"jetpack_likes_enabled":true,"jetpack_sharing_enabled":true,"jetpack_shortlink":"https:\/\/wp.me\/pg7Wxj-dyI","jetpack-related-posts":[],"_links":{"self":[{"href":"https:\/\/www.o-p-i.fr\/parlonsen\/wp-json\/wp\/v2\/posts\/52124","targetHints":{"allow":["GET"]}}],"collection":[{"href":"https:\/\/www.o-p-i.fr\/parlonsen\/wp-json\/wp\/v2\/posts"}],"about":[{"href":"https:\/\/www.o-p-i.fr\/parlonsen\/wp-json\/wp\/v2\/types\/post"}],"author":[{"embeddable":true,"href":"https:\/\/www.o-p-i.fr\/parlonsen\/wp-json\/wp\/v2\/users\/4"}],"replies":[{"embeddable":true,"href":"https:\/\/www.o-p-i.fr\/parlonsen\/wp-json\/wp\/v2\/comments?post=52124"}],"version-history":[{"count":0,"href":"https:\/\/www.o-p-i.fr\/parlonsen\/wp-json\/wp\/v2\/posts\/52124\/revisions"}],"wp:attachment":[{"href":"https:\/\/www.o-p-i.fr\/parlonsen\/wp-json\/wp\/v2\/media?parent=52124"}],"wp:term":[{"taxonomy":"category","embeddable":true,"href":"https:\/\/www.o-p-i.fr\/parlonsen\/wp-json\/wp\/v2\/categories?post=52124"},{"taxonomy":"post_tag","embeddable":true,"href":"https:\/\/www.o-p-i.fr\/parlonsen\/wp-json\/wp\/v2\/tags?post=52124"}],"curies":[{"name":"wp","href":"https:\/\/api.w.org\/{rel}","templated":true}]}}